{"id":3998,"date":"2025-03-08T05:15:56","date_gmt":"2025-03-08T04:15:56","guid":{"rendered":"https:\/\/monde25.info\/index.php\/2025\/03\/08\/la-france-a-encore-connu-un-hiver-anormalement-chaud-dit-meteo-france\/"},"modified":"2025-03-08T05:15:56","modified_gmt":"2025-03-08T04:15:56","slug":"la-france-a-encore-connu-un-hiver-anormalement-chaud-dit-meteo-france","status":"publish","type":"post","link":"https:\/\/monde25.info\/index.php\/2025\/03\/08\/la-france-a-encore-connu-un-hiver-anormalement-chaud-dit-meteo-france\/","title":{"rendered":"La France a encore connu un hiver \u00ab\u00a0anormalement\u00a0\u00bb chaud, dit M\u00e9t\u00e9o-France"},"content":{"rendered":"<p> <br \/>\n<br \/><img loading=\"lazy\" decoding=\"async\" src=\"https:\/\/reporterre.net\/local\/cache-vignettes\/L700xH467\/4258730605_49f5bfe52d_k-16d47.jpg?1741360675\" class=\"spip_logo\" width=\"700\" height=\"467\" alt=\"\" \/><\/p>\n<p>La France vient de cl\u00f4turer un nouvel hiver \u00ab<small class=\"fine d-inline\">\u00a0<\/small>anormalement<small class=\"fine d-inline\">\u00a0<\/small>\u00bb chaud, a annonc\u00e9 jeudi 6\u00a0mars M\u00e9t\u00e9o-France. Dans une augmentation constante depuis le d\u00e9but de l&rsquo;ann\u00e9e 2019, ce dernier hiver affiche une hausse des temp\u00e9ratures de +0,6\u00a0\u00b0C. <br class=\"autobr\" \/><br \/>\n\u00ab<small class=\"fine d-inline\">\u00a0<\/small>Apr\u00e8s des mois de d\u00e9cembre et janvier proches des normales, f\u00e9vrier 2025 est nettement plus doux que la normale (+1,2\u00a0\u00b0C)<small class=\"fine d-inline\">\u00a0<\/small>\u00bb, sur une moyenne \u00e9tablie sur la p\u00e9riode 1991-2020. Dans le d\u00e9tail, ces temp\u00e9ratures n&rsquo;ont pas augment\u00e9 partout de la m\u00eame fa\u00e7on sur\u00a0(\u2026)<\/p>\n<p>                    <a target=\"_blank\" href=\"https:\/\/reporterre.net\/Encore-un-hiver-anormalement-chaud-en-France-indique-Meteo-France?utm_source=RSS&amp;utm_medium=RSS\">Lire la suite<\/a><\/p>\n<p>                    &#8211;<br \/>\n                        <a target=\"_blank\" href=\"https:\/\/reporterre.net\/Breves-20\" rel=\"directory\">En bref<\/a><\/p>\n<p>                    \/<br \/>\n                        <a target=\"_blank\" href=\"https:\/\/reporterre.net\/Climat-18\" rel=\"tag\">Climat <\/a><br \/>\n<br \/><br \/>\n<br \/><a href=\"https:\/\/reporterre.net\/Encore-un-hiver-anormalement-chaud-en-France-indique-Meteo-France\" target=\"_blank\"\">Source link <\/a><\/p>\n","protected":false},"excerpt":{"rendered":"<p>La France vient de cl\u00f4turer un nouvel hiver \u00ab\u00a0anormalement\u00a0\u00bb chaud, a annonc\u00e9 jeudi 6\u00a0mars M\u00e9t\u00e9o-France. Dans une augmentation constante depuis le d\u00e9but de l&rsquo;ann\u00e9e 2019, ce dernier hiver affiche une&hellip; <\/p>\n","protected":false},"author":1,"featured_media":3999,"comment_status":"open","ping_status":"open","sticky":false,"template":"","format":"standard","meta":{"footnotes":""},"categories":[1],"tags":[],"class_list":["post-3998","post","type-post","status-publish","format-standard","has-post-thumbnail","hentry","category-non-classe"],"_links":{"self":[{"href":"https:\/\/monde25.info\/index.php\/wp-json\/wp\/v2\/posts\/3998","targetHints":{"allow":["GET"]}}],"collection":[{"href":"https:\/\/monde25.info\/index.php\/wp-json\/wp\/v2\/posts"}],"about":[{"href":"https:\/\/monde25.info\/index.php\/wp-json\/wp\/v2\/types\/post"}],"author":[{"embeddable":true,"href":"https:\/\/monde25.info\/index.php\/wp-json\/wp\/v2\/users\/1"}],"replies":[{"embeddable":true,"href":"https:\/\/monde25.info\/index.php\/wp-json\/wp\/v2\/comments?post=3998"}],"version-history":[{"count":0,"href":"https:\/\/monde25.info\/index.php\/wp-json\/wp\/v2\/posts\/3998\/revisions"}],"wp:featuredmedia":[{"embeddable":true,"href":"https:\/\/monde25.info\/index.php\/wp-json\/wp\/v2\/media\/3999"}],"wp:attachment":[{"href":"https:\/\/monde25.info\/index.php\/wp-json\/wp\/v2\/media?parent=3998"}],"wp:term":[{"taxonomy":"category","embeddable":true,"href":"https:\/\/monde25.info\/index.php\/wp-json\/wp\/v2\/categories?post=3998"},{"taxonomy":"post_tag","embeddable":true,"href":"https:\/\/monde25.info\/index.php\/wp-json\/wp\/v2\/tags?post=3998"}],"curies":[{"name":"wp","href":"https:\/\/api.w.org\/{rel}","templated":true}]}}