{"id":4000,"date":"2025-03-08T05:48:27","date_gmt":"2025-03-08T04:48:27","guid":{"rendered":"https:\/\/monde25.info\/index.php\/2025\/03\/08\/lavrov-commente-les-propos-nerveux-de-macron-et-le-plan-de-maintien-de-la-paix-en-ukraine\/"},"modified":"2025-03-08T05:48:27","modified_gmt":"2025-03-08T04:48:27","slug":"lavrov-commente-les-propos-nerveux-de-macron-et-le-plan-de-maintien-de-la-paix-en-ukraine","status":"publish","type":"post","link":"https:\/\/monde25.info\/index.php\/2025\/03\/08\/lavrov-commente-les-propos-nerveux-de-macron-et-le-plan-de-maintien-de-la-paix-en-ukraine\/","title":{"rendered":"Lavrov commente les propos \u00abnerveux\u00bb de Macron et le plan de maintien de la paix en Ukraine"},"content":{"rendered":"<p> <br \/>\n<\/p>\n<div>\n<p>par <strong>Pierre-Alain Depauw<\/strong><\/p>\n<p><strong>Selon le ministre russe des Affaires \u00e9trang\u00e8res, la rh\u00e9torique nucl\u00e9aire du dirigeant fran\u00e7ais constitue une menace pour la Russie, alors que Moscou reste ouvert \u00e0 un dialogue franc avec toutes les parties.<\/strong><\/p>\n<p>Le ministre russe des Affaires \u00e9trang\u00e8res Sergue\u00ef Lavrov a qualifi\u00e9 de \u00ab<em>longues et plut\u00f4t nerveuses<\/em>\u00bb les d\u00e9clarations du pr\u00e9sident fran\u00e7ais Emmanuel Macron sur la crise ukrainienne.<\/p>\n<p>Voici les points cl\u00e9s des d\u00e9clarations du ministre russe des Affaires \u00e9trang\u00e8res.<\/p>\n<h5 class=\"wp-block-heading\"><strong>Les menaces de Macron<\/strong><\/h5>\n<p>\u00ab<em>Le pr\u00e9sident Macron a d\u00e9clar\u00e9 hier, dans sa longue d\u00e9claration plut\u00f4t nerveuse, qu\u2019il ne fallait pas laisser la guerre se terminer par la capitulation de l\u2019Ukraine<\/em>\u00bb, a d\u00e9clar\u00e9 Lavrov lors d\u2019une conf\u00e9rence de presse jeudi. \u00ab<em>Il y a un \u00e9cart important entre une \u00abd\u00e9faite strat\u00e9gique de la Russie\u00bb et la capitulation de l\u2019Ukraine, en g\u00e9n\u00e9ral, et au moins ils ont trouv\u00e9 le courage de franchir cette distance<\/em>\u00bb, a-t-il ajout\u00e9.<\/p>\n<p>Contrairement \u00e0 ses pr\u00e9d\u00e9cesseurs, qui ont \u00e9galement cherch\u00e9 \u00e0 affronter la Russie \u2013 Napol\u00e9on, Hitler \u2013 Macron \u00ab<em>n\u2019agit pas de mani\u00e8re tr\u00e8s diplomatique<\/em>\u00bb, a d\u00e9clar\u00e9 Lavrov. \u00ab<em>Parce qu\u2019ils ont d\u00e9clar\u00e9 ouvertement : \u00abNous devons conqu\u00e9rir la Russie, nous devons vaincre la Russie\u00bb. Et il semble vouloir la m\u00eame chose, mais pour une raison quelconque, il dit qu\u2019il faut combattre la Russie pour qu\u2019elle ne surclasse pas la France, que la Russie repr\u00e9sente un danger pour la France et l\u2019Europe<\/em>\u00bb, a expliqu\u00e9 le chef de la diplomatie russe.<\/p>\n<p>Quant \u00e0 la rh\u00e9torique nucl\u00e9aire de Macron, elle repr\u00e9sente une menace pour la Russie, a affirm\u00e9 Lavrov. \u00ab<em>S\u2019il nous per\u00e7oit comme une menace et convoque une r\u00e9union des chefs d\u2019\u00e9tat-major europ\u00e9ens et britanniques en affirmant qu\u2019il est n\u00e9cessaire d\u2019utiliser des armes nucl\u00e9aires contre la Russie, cela constitue assur\u00e9ment une menace<\/em>\u00bb, a-t-il d\u00e9clar\u00e9.<\/p>\n<p>Et le pr\u00e9sident fran\u00e7ais \u00ab<em>pourrait prendre des mesures totalement imprudentes\u00bb pour r\u00e9parer sa \u00abr\u00e9putation irr\u00e9m\u00e9diablement endommag\u00e9e<\/em>\u00bb, a ajout\u00e9 Lavrov.<\/p>\n<p>Macron a affirm\u00e9 \u00e0 plusieurs reprises qu\u2019il allait tendre la main au pr\u00e9sident russe Vladimir Poutine, mais il ne l\u2019a pas encore fait, a soulign\u00e9 le ministre. \u00ab<em>Il a de telles possibilit\u00e9s, comme on dit, personne ne l\u2019en emp\u00eache<\/em>\u00bb, a-t-il fait remarquer.<\/p>\n<p>Lavrov a \u00e9galement remis en question les propos de Macron selon lesquels la Russie est une menace pour l\u2019Union europ\u00e9enne. \u00ab<em>Il est tout \u00e0 fait \u00e9vident pour toute personne rationnelle que la Russie n\u2019a pas besoin de cela<\/em>\u00bb, a ajout\u00e9 le ministre russe.<\/p>\n<h5 class=\"wp-block-heading\"><strong>R\u00e9soudre la crise ukrainienne<\/strong><\/h5>\n<p>La Russie est pr\u00eate \u00e0 \u00ab<em>une discussion franche sur les causes profondes de la crise ukrainienne<\/em>\u00bb, a soulign\u00e9 Lavrov. \u00ab<em>Pendant toutes ces ann\u00e9es, nous avons toujours \u00e9t\u00e9 ouverts aux n\u00e9gociations. Nous avons salu\u00e9 la position de l\u2019administration Trump, qui, contrairement \u00e0 l\u2019\u00e9quipe Biden, a exprim\u00e9 son d\u00e9sir de paix plut\u00f4t que de guerre. Nous aussi, nous plaidons pour la paix<\/em>\u00bb, a-t-il d\u00e9clar\u00e9.<\/p>\n<p>En ce qui concerne la d\u00e9cision de Washington de suspendre l\u2019aide militaire \u00e0 Kiev, cette pause confirme \u00ab<em>que sans l\u2019implication directe de l\u2019Occident \u2013 en particulier des \u00c9tats-Unis, de la Grande-Bretagne, de la France, de l\u2019Allemagne et d\u2019autres pays qui fournissent des donn\u00e9es de renseignement et aident \u00e0 utiliser ces donn\u00e9es pour lancer des missiles \u00e0 longue port\u00e9e contre notre territoire \u2013 les Ukrainiens n\u2019auraient pas \u00e9t\u00e9 en mesure de le faire. Cette reconnaissance est \u00e9galement tr\u00e8s significative<\/em>\u00bb, a soulign\u00e9 Lavrov.<\/p>\n<p>Selon Lavrov, le conflit ukrainien pourrait prendre fin tr\u00e8s rapidement si l\u2019aide militaire occidentale \u00e9tait interrompue.<\/p>\n<p>La position de la plupart des pays europ\u00e9ens, qui consid\u00e8rent que \u00ab<em>la paix en Ukraine est pire que la guerre<\/em>\u00bb, n\u2019est plus surprenante, a-t-il d\u00e9clar\u00e9.<\/p>\n<h5 class=\"wp-block-heading\"><strong>D\u00e9ploiement de troupes en Ukraine<\/strong><\/h5>\n<p>La Russie ne voit aucune possibilit\u00e9 de compromis sur la question du d\u00e9ploiement de troupes europ\u00e9ennes en Ukraine : \u00ab<em>Cette discussion est men\u00e9e avec une intention ouvertement hostile, et ils ne cachent pas leurs v\u00e9ritables motivations<\/em>\u00bb, a soulign\u00e9 Lavrov.<\/p>\n<p>\u00ab<em>Cela signifierait une implication directe, officielle et ouverte des pays de l\u2019OTAN dans la guerre contre la Russie<\/em>\u00bb, a-t-il soulign\u00e9.<\/p>\n<p>La Russie consid\u00e9rera le d\u00e9ploiement de soldats de la paix de l\u2019UE sur le territoire ukrainien de la m\u00eame mani\u00e8re qu\u2019elle percevrait la pr\u00e9sence potentielle de forces de l\u2019OTAN sur place. \u00ab<em>Cette \u00e9valuation est valable quels que soient les drapeaux sous lesquels l\u2019op\u00e9ration sera men\u00e9e, qu\u2019il s\u2019agisse des drapeaux de l\u2019UE ou des drapeaux nationaux des pays contributeurs. Peu importe les insignes, y compris les symboles de la bandera, qui peuvent appara\u00eetre sur les manches de leurs uniformes. Ils seront toujours consid\u00e9r\u00e9s comme des troupes de l\u2019OTAN<\/em>\u00bb, a-t-il conclu.<\/p>\n<p>source : <a target=\"_blank\" href=\"https:\/\/www.medias-presse.info\/lavrov-commente-les-propos-nerveux-de-macron-et-le-plan-de-maintien-de-la-paix-en-ukraine\/202208\/\" target=\"_blank\" rel=\"noopener\" title=\"\">M\u00e9dias-Presse-Info<\/a><\/p>\n<div class=\"sharedaddy sd-block sd-like jetpack-likes-widget-wrapper jetpack-likes-widget-unloaded\" id=\"like-post-wrapper-237719536-446598-67cbc4b76d82e\" data-src=\"https:\/\/widgets.wp.com\/likes\/?ver=14.2.1#blog_id=237719536&amp;post_id=446598&amp;origin=reseauinternational.net&amp;obj_id=237719536-446598-67cbc4b76d82e&amp;n=1\" data-name=\"like-post-frame-237719536-446598-67cbc4b76d82e\" data-title=\"Aimer ou rebloguer\">\n<h3 class=\"sd-title\">J\u2019aime \u00e7a\u00a0:<\/h3>\n<p><span class=\"button\"><span>J\u2019aime<\/span><\/span> <span class=\"loading\">chargement\u2026<\/span><\/p>\n<p><span class=\"sd-text-color\"\/><a target=\"_blank\" class=\"sd-link-color\"\/><\/div>\n<p><meta itemscope=\"\" itemprop=\"mainEntityOfPage\" itemtype=\"https:\/\/schema.org\/WebPage\" itemid=\"https:\/\/reseauinternational.net\/lavrov-commente-les-propos-nerveux-de-macron-et-le-plan-de-maintien-de-la-paix-en-ukraine\/\"\/><meta itemprop=\"headline\" content=\"Lavrov commente les propos \u00abnerveux\u00bb de Macron et le plan de maintien de la paix en Ukraine\"\/><span style=\"display: none;\" itemprop=\"author\" itemscope=\"\" itemtype=\"https:\/\/schema.org\/Person\"><meta itemprop=\"name\" content=\"R\u00e9seau International\"\/><\/span><span style=\"display: none;\" itemprop=\"image\" itemscope=\"\" itemtype=\"https:\/\/schema.org\/ImageObject\"><meta itemprop=\"url\" content=\"https:\/\/i0.wp.com\/reseauinternational.net\/wp-content\/uploads\/2025\/03\/Sans-titre-20-4.png?fit=800%2C467&amp;quality=100&amp;ssl=1\"\/><meta itemprop=\"width\" content=\"800\"\/><meta itemprop=\"height\" content=\"467\"\/><\/span><span style=\"display: none;\" itemprop=\"publisher\" itemscope=\"\" itemtype=\"https:\/\/schema.org\/Organization\"><span style=\"display: none;\" itemprop=\"logo\" itemscope=\"\" itemtype=\"https:\/\/schema.org\/ImageObject\"><meta itemprop=\"url\" content=\"https:\/\/reseauinternational.net\/wp-content\/uploads\/2022\/06\/Capture-de\u0301cran-2022-06-14-a\u0300-16.51.07.png\"\/><\/span><meta itemprop=\"name\" content=\"R\u00e9seau International\"\/><\/span><meta itemprop=\"datePublished\" content=\"2025-03-07T12:43:53+00:00\"\/><meta itemprop=\"dateModified\" content=\"2025-03-07T12:44:54+00:00\"\/><\/div>\n<p><br \/>\n<br \/><a href=\"https:\/\/reseauinternational.net\/lavrov-commente-les-propos-nerveux-de-macron-et-le-plan-de-maintien-de-la-paix-en-ukraine\/\" target=\"_blank\"\">Source link <\/a><\/p>\n","protected":false},"excerpt":{"rendered":"<p>par Pierre-Alain Depauw Selon le ministre russe des Affaires \u00e9trang\u00e8res, la rh\u00e9torique nucl\u00e9aire du dirigeant fran\u00e7ais constitue une menace pour la Russie, alors que Moscou reste ouvert \u00e0 un dialogue&hellip; <\/p>\n","protected":false},"author":1,"featured_media":4001,"comment_status":"open","ping_status":"open","sticky":false,"template":"","format":"standard","meta":{"footnotes":""},"categories":[1],"tags":[],"class_list":["post-4000","post","type-post","status-publish","format-standard","has-post-thumbnail","hentry","category-non-classe"],"_links":{"self":[{"href":"https:\/\/monde25.info\/index.php\/wp-json\/wp\/v2\/posts\/4000","targetHints":{"allow":["GET"]}}],"collection":[{"href":"https:\/\/monde25.info\/index.php\/wp-json\/wp\/v2\/posts"}],"about":[{"href":"https:\/\/monde25.info\/index.php\/wp-json\/wp\/v2\/types\/post"}],"author":[{"embeddable":true,"href":"https:\/\/monde25.info\/index.php\/wp-json\/wp\/v2\/users\/1"}],"replies":[{"embeddable":true,"href":"https:\/\/monde25.info\/index.php\/wp-json\/wp\/v2\/comments?post=4000"}],"version-history":[{"count":0,"href":"https:\/\/monde25.info\/index.php\/wp-json\/wp\/v2\/posts\/4000\/revisions"}],"wp:featuredmedia":[{"embeddable":true,"href":"https:\/\/monde25.info\/index.php\/wp-json\/wp\/v2\/media\/4001"}],"wp:attachment":[{"href":"https:\/\/monde25.info\/index.php\/wp-json\/wp\/v2\/media?parent=4000"}],"wp:term":[{"taxonomy":"category","embeddable":true,"href":"https:\/\/monde25.info\/index.php\/wp-json\/wp\/v2\/categories?post=4000"},{"taxonomy":"post_tag","embeddable":true,"href":"https:\/\/monde25.info\/index.php\/wp-json\/wp\/v2\/tags?post=4000"}],"curies":[{"name":"wp","href":"https:\/\/api.w.org\/{rel}","templated":true}]}}