{"id":4002,"date":"2025-03-08T06:21:18","date_gmt":"2025-03-08T05:21:18","guid":{"rendered":"https:\/\/monde25.info\/index.php\/2025\/03\/08\/salvini-numero-2-du-gouvernement-italien-qualifie-macron-de-fou\/"},"modified":"2025-03-08T06:21:18","modified_gmt":"2025-03-08T05:21:18","slug":"salvini-numero-2-du-gouvernement-italien-qualifie-macron-de-fou","status":"publish","type":"post","link":"https:\/\/monde25.info\/index.php\/2025\/03\/08\/salvini-numero-2-du-gouvernement-italien-qualifie-macron-de-fou\/","title":{"rendered":"Salvini, num\u00e9ro 2 du gouvernement italien, qualifie Macron de \u00ab\u00a0fou\u00a0\u00bb"},"content":{"rendered":"<p> <br \/>\n<\/p>\n<div>\n<p><span data-contrast=\"auto\">Le dirigeant Matteo Salvini, num\u00e9ro 2 du gouvernement italien conservateur, a une nouvelle fois qualifi\u00e9 de \u00ab\u00a0fou\u00a0\u00bb vendredi le pr\u00e9sident fran\u00e7ais Emmanuel Macron, qu&rsquo;il accuse de pousser l&rsquo;Europe \u00e0 la guerre avec la Russie.<\/span><span data-ccp-props=\"{}\">\u00a0<\/span><\/p>\n<p><span data-contrast=\"auto\">\u00a0<\/span><span data-ccp-props=\"{}\"> <\/span><span data-contrast=\"auto\">Depuis l&rsquo;invasion de l&rsquo;Ukraine par la Russie en 2022, M. Salvini s&#8217;emploie \u00e0 freiner l&rsquo;aide militaire de l&rsquo;Italie \u00e0 Kiev.<\/span><span data-ccp-props=\"{}\">\u00a0<\/span><\/p>\n<p><span data-contrast=\"auto\">\u00a0<\/span><span data-ccp-props=\"{}\"> <\/span><span data-contrast=\"auto\">Le pr\u00e9sident fran\u00e7ais, souvent \u00e0 l&rsquo;initiative va-t-en-guerre avec Bruxelles dans le soutien \u00e0 l&rsquo;Ukraine, est, avec la pr\u00e9sidente de la Commission europ\u00e9enne Ursula von der Leyen, une des principales cibles des attaques verbales de M. Salvini.<\/span><span data-ccp-props=\"{}\">\u00a0<\/span><\/p>\n<p><span data-contrast=\"auto\">\u00a0 \u00ab\u00a0Zelensky demande la paix, Trump \u0153uvre pour la paix, Poutine veut la paix\u00a0\u00bb tandis qu'\u00a0\u00bb\u00e0 Bruxelles et Paris, il y a un fou\u00a0\u00bb, a-t-il dit vendredi en d\u00e9placement \u00e0 Milan, selon ses propos rapport\u00e9s par l&rsquo;agence de presse Ansa.<\/span><span data-ccp-props=\"{}\">\u00a0<\/span><\/p>\n<p><span data-contrast=\"auto\">\u00a0<\/span><span data-ccp-props=\"{}\"> <\/span><span data-contrast=\"auto\">Si l&rsquo;Italie \u00ab\u00a0veut investir dans sa s\u00e9curit\u00e9 nationale\u00a0\u00bb, elle n&rsquo;acceptera \u00ab\u00a0jamais une arm\u00e9e europ\u00e9enne command\u00e9e par ce fou de Macron qui parle de guerre nucl\u00e9aire\u00a0\u00bb, a-t-il ajout\u00e9.<\/span><span data-ccp-props=\"{}\">\u00a0<\/span><\/p>\n<p><span data-contrast=\"auto\">\u00a0<\/span><span data-ccp-props=\"{}\"> <\/span><span data-contrast=\"auto\">Emmanuel Macron a \u00e9voqu\u00e9 ces derniers jours la possibilit\u00e9 de faire b\u00e9n\u00e9ficier l&rsquo;Europe du parapluie nucl\u00e9aire fran\u00e7ais. Il a pr\u00e9cis\u00e9 jeudi se donner jusqu&rsquo;\u00e0 \u00ab\u00a0la fin du semestre\u00a0\u00bb pour voir \u00ab\u00a0s&rsquo;il y a des coop\u00e9rations nouvelles qui peuvent voir le jour\u00a0\u00bb, au sein de l&rsquo;Union europ\u00e9enne sur ce sujet.<\/span><span data-ccp-props=\"{}\">\u00a0<\/span><\/p>\n<p><span data-contrast=\"auto\">Pour Matteo Salvini, M. Macron \u00ab\u00a0a un besoin d\u00e9sesp\u00e9r\u00e9 de donner un sens \u00ab\u00a0aux derniers temps de son second et dernier mandat pr\u00e9sidentiel.\u00a0\u00bb Mais qu&rsquo;il ne le fasse pas \u00e0 nos d\u00e9pens ni \u00e0 ceux de nos enfants\u00a0\u00bb.<\/span><span data-ccp-props=\"{}\">\u00a0<\/span><\/p>\n<p><span data-contrast=\"auto\">Il avait d\u00e9j\u00e0 trait\u00e9 le chef de l&rsquo;\u00c9tat fran\u00e7ais de fou l&rsquo;an dernier quand ce dernier avait \u00e9voqu\u00e9 l&rsquo;envoi de troupes europ\u00e9ennes en Ukraine, lui conseillant de \u00ab\u00a0se faire soigner\u00a0\u00bb.\u00a0<\/span><span data-ccp-props=\"{}\">\u00a0<\/span><\/p>\n<p><span data-contrast=\"auto\">La Ligue fait partie, aux c\u00f4t\u00e9s du Rassemblement national (RN) fran\u00e7ais, du groupe Identit\u00e9 et d\u00e9mocratie au Parlement europ\u00e9en.<\/span><span data-ccp-props=\"{}\">\u00a0<\/span><\/p>\n<\/div>\n<p><script>(function(d, s, id) {  var js, fjs = d.getElementsByTagName(s)[0];  if (d.getElementById(id)) return;  js = d.createElement(s); js.id = id;  js.src = \"\/\/connect.facebook.net\/fr_FR\/sdk.js#xfbml=1&version=v2.3\";  fjs.parentNode.insertBefore(js, fjs);}(document, \"script\", \"facebook-jssdk\"));<\/script><br \/>\n<br \/><br \/>\n<br \/><a href=\"https:\/\/www.francesoir.fr\/politique-monde\/salvini-numero-2-du-gouvernement-italien-qualifie-macron-de-fou\" target=\"_blank\"\">Source link <\/a><\/p>\n","protected":false},"excerpt":{"rendered":"<p>Le dirigeant Matteo Salvini, num\u00e9ro 2 du gouvernement italien conservateur, a une nouvelle fois qualifi\u00e9 de \u00ab\u00a0fou\u00a0\u00bb vendredi le pr\u00e9sident fran\u00e7ais Emmanuel Macron, qu&rsquo;il accuse de pousser l&rsquo;Europe \u00e0 la&hellip; <\/p>\n","protected":false},"author":1,"featured_media":4003,"comment_status":"open","ping_status":"open","sticky":false,"template":"","format":"standard","meta":{"footnotes":""},"categories":[1],"tags":[],"class_list":["post-4002","post","type-post","status-publish","format-standard","has-post-thumbnail","hentry","category-non-classe"],"_links":{"self":[{"href":"https:\/\/monde25.info\/index.php\/wp-json\/wp\/v2\/posts\/4002","targetHints":{"allow":["GET"]}}],"collection":[{"href":"https:\/\/monde25.info\/index.php\/wp-json\/wp\/v2\/posts"}],"about":[{"href":"https:\/\/monde25.info\/index.php\/wp-json\/wp\/v2\/types\/post"}],"author":[{"embeddable":true,"href":"https:\/\/monde25.info\/index.php\/wp-json\/wp\/v2\/users\/1"}],"replies":[{"embeddable":true,"href":"https:\/\/monde25.info\/index.php\/wp-json\/wp\/v2\/comments?post=4002"}],"version-history":[{"count":0,"href":"https:\/\/monde25.info\/index.php\/wp-json\/wp\/v2\/posts\/4002\/revisions"}],"wp:featuredmedia":[{"embeddable":true,"href":"https:\/\/monde25.info\/index.php\/wp-json\/wp\/v2\/media\/4003"}],"wp:attachment":[{"href":"https:\/\/monde25.info\/index.php\/wp-json\/wp\/v2\/media?parent=4002"}],"wp:term":[{"taxonomy":"category","embeddable":true,"href":"https:\/\/monde25.info\/index.php\/wp-json\/wp\/v2\/categories?post=4002"},{"taxonomy":"post_tag","embeddable":true,"href":"https:\/\/monde25.info\/index.php\/wp-json\/wp\/v2\/tags?post=4002"}],"curies":[{"name":"wp","href":"https:\/\/api.w.org\/{rel}","templated":true}]}}