{"id":4004,"date":"2025-03-08T06:54:39","date_gmt":"2025-03-08T05:54:39","guid":{"rendered":"https:\/\/monde25.info\/index.php\/2025\/03\/08\/finalement-autorisee-par-la-justice-une-marche-nocturne-feministe-se-tient-a-paris\/"},"modified":"2025-03-08T06:54:39","modified_gmt":"2025-03-08T05:54:39","slug":"finalement-autorisee-par-la-justice-une-marche-nocturne-feministe-se-tient-a-paris","status":"publish","type":"post","link":"https:\/\/monde25.info\/index.php\/2025\/03\/08\/finalement-autorisee-par-la-justice-une-marche-nocturne-feministe-se-tient-a-paris\/","title":{"rendered":"Finalement autoris\u00e9e par la justice, une marche nocturne f\u00e9ministe se tient \u00e0 Paris"},"content":{"rendered":"<p> <br \/>\n<br \/><img decoding=\"async\" src=\"https:\/\/cdn1.img.sputniknews.africa\/img\/07e9\/03\/07\/1070979232_30:0:1874:1037_600x0_80_0_0_eea4707c8f00e9503e4523cdcd34e3b0.png\" \/><\/p>\n<div>\n<div class=\"article__meta\" itemscope=\"\" itemtype=\"https:\/\/schema.org\/Article\">\n<p>https:\/\/fr.sputniknews.africa\/20250307\/finalement-autorisee-par-la-justice-une-marche-nocturne-feministe-se-tient-a-paris&#8211;1070979396.html<\/p>\n<p><a target=\"_blank\" itemprop=\"url\" href=\"https:\/\/fr.sputniknews.africa\/20250307\/finalement-autorisee-par-la-justice-une-marche-nocturne-feministe-se-tient-a-paris--1070979396.html\" title=\"Finalement autoris\u00e9e par la justice, une marche nocturne f\u00e9ministe se tient \u00e0 Paris \"\/><\/p>\n<p>Finalement autoris\u00e9e par la justice, une marche nocturne f\u00e9ministe se tient \u00e0 Paris <\/p>\n<p>Finalement autoris\u00e9e par la justice, une marche nocturne f\u00e9ministe se tient \u00e0 Paris <\/p>\n<p>Sputnik Afrique<\/p>\n<p>Une marche nocturne f\u00e9ministe s&rsquo;est d\u00e9roul\u00e9e dans la capitale fran\u00e7aise. Initialement interdite par la police en raison de la participation d&rsquo;organisation&#8230; 07.03.2025, Sputnik Afrique<\/p>\n<p>2025-03-07T21:10+0100<\/p>\n<p>2025-03-07T21:10+0100<\/p>\n<p>2025-03-07T21:12+0100<\/p>\n<p>france<\/p>\n<p>f\u00e9minisme<\/p>\n<p>marche<\/p>\n<p>manifestation<\/p>\n<p>palestine<\/p>\n<p>https:\/\/cdn1.img.sputniknews.africa\/img\/07e9\/03\/07\/1070979232_30:0:1874:1037_1920x0_80_0_0_0b2f92a0f8f77ed53dcf30aa287fa127.png<\/p>\n<p>Plusieurs centaines de personnes sont descendues dans la rues \u00e0 Paris dans la nuit du 7 au 8 mars, Journ\u00e9e internationale des droits des femmes, pour une marche qui devait relier la gare de l\u2019Est \u00e0 la place de l\u2019H\u00f4tel de Ville, rapporte un correspondant de Sputnik Afrique sur place.Les organisateurs de l&rsquo;\u00e9v\u00e9nement avaient appel\u00e9 \u00e0 manifest\u00e9 pour \u00ab\u00a0les droits et libert\u00e9s menac\u00e9s par un \u00c9tat fasciste et par la mont\u00e9e de l\u2019extr\u00eame droite\u00a0\u00bb. Outre les droits des femmes, les manifestants ont aussi pr\u00f4n\u00e9 la cause palestinienne. \u00ab\u00a0Gloire aux r\u00e9sistantes palestiniennes\u00a0\u00bb, lisait-on sur certaines pancartes.  La pr\u00e9fecture avait d&rsquo;abord interdit cet \u00e9v\u00e9nement. La police avait \u00e9voqu\u00e9 des \u00ab\u00a0risques \u00e0 l\u2019ordre public\u00a0\u00bb en raison de la participation d&rsquo;organisations propalestiniennes, selon les m\u00e9dias.   Mais le tribunal administratif a jug\u00e9 que les risques de troubles \u00e0 l\u2019ordre public invoqu\u00e9s n&rsquo;\u00e9taient pas assez justifi\u00e9s.<\/p>\n<p>france<\/p>\n<p>palestine<\/p>\n<div itemprop=\"copyrightHolder\" itemscope=\"\" itemtype=\"http:\/\/schema.org\/Organization\">\n<p>Sputnik Afrique<\/p>\n<p><a target=\"_blank\" itemprop=\"url\" href=\"https:\/\/fr.sputniknews.africa\" title=\"Sputnik Afrique\"> <\/a><\/p>\n<p>feedback.fr@sputniknews.com<\/p>\n<p>+74956456601<\/p>\n<p>MIA \u201eRossiya Segodnya\u201c<\/p>\n<p><a target=\"_blank\" itemprop=\"sameAs\" href=\"https:\/\/t.me\/sputnik_afrique\"> <\/a><a target=\"_blank\" itemprop=\"sameAs\" href=\"https:\/\/t.me\/sputnik_africa\"> <\/a><a target=\"_blank\" itemprop=\"sameAs\" href=\"https:\/\/t.me\/sputnik_ethiopia\"> <\/a><a target=\"_blank\" itemprop=\"sameAs\" href=\"https:\/\/x.com\/sputnik_afrique\"> <\/a><a target=\"_blank\" itemprop=\"sameAs\" href=\"https:\/\/x.com\/sputnik_africa\"> <\/a><\/div>\n<p>2025<\/p>\n<div itemprop=\"creator\" itemscope=\"\" itemtype=\"http:\/\/schema.org\/Organization\">\n<p>Sputnik Afrique<\/p>\n<p><a target=\"_blank\" itemprop=\"url\" href=\"https:\/\/fr.sputniknews.africa\" title=\"Sputnik Afrique\"> <\/a><\/p>\n<p>feedback.fr@sputniknews.com<\/p>\n<p>+74956456601<\/p>\n<p>MIA \u201eRossiya Segodnya\u201c<\/p>\n<p><a target=\"_blank\" itemprop=\"sameAs\" href=\"https:\/\/t.me\/sputnik_afrique\"> <\/a><a target=\"_blank\" itemprop=\"sameAs\" href=\"https:\/\/t.me\/sputnik_africa\"> <\/a><a target=\"_blank\" itemprop=\"sameAs\" href=\"https:\/\/t.me\/sputnik_ethiopia\"> <\/a><a target=\"_blank\" itemprop=\"sameAs\" href=\"https:\/\/x.com\/sputnik_afrique\"> <\/a><a target=\"_blank\" itemprop=\"sameAs\" href=\"https:\/\/x.com\/sputnik_africa\"> <\/a><\/div>\n<p>Actus<\/p>\n<p>fr_FR<\/p>\n<div itemprop=\"sourceOrganization\" itemscope=\"\" itemtype=\"http:\/\/schema.org\/Organization\">\n<p>Sputnik Afrique<\/p>\n<p><a target=\"_blank\" itemprop=\"url\" href=\"https:\/\/fr.sputniknews.africa\" title=\"Sputnik Afrique\"> <\/a><\/p>\n<p>feedback.fr@sputniknews.com<\/p>\n<p>+74956456601<\/p>\n<p>MIA \u201eRossiya Segodnya\u201c<\/p>\n<p><a target=\"_blank\" itemprop=\"sameAs\" href=\"https:\/\/t.me\/sputnik_afrique\"> <\/a><a target=\"_blank\" itemprop=\"sameAs\" href=\"https:\/\/t.me\/sputnik_africa\"> <\/a><a target=\"_blank\" itemprop=\"sameAs\" href=\"https:\/\/t.me\/sputnik_ethiopia\"> <\/a><a target=\"_blank\" itemprop=\"sameAs\" href=\"https:\/\/x.com\/sputnik_afrique\"> <\/a><a target=\"_blank\" itemprop=\"sameAs\" href=\"https:\/\/x.com\/sputnik_africa\"> <\/a><\/div>\n<p><a target=\"_blank\" itemprop=\"thumbnailUrl\" href=\"https:\/\/cdn1.img.sputniknews.africa\/img\/07e9\/03\/07\/1070979232_30:0:1874:1037_1920x0_80_0_0_0b2f92a0f8f77ed53dcf30aa287fa127.png\"\/><a target=\"_blank\" itemprop=\"thumbnailUrl\" href=\"https:\/\/cdn1.img.sputniknews.africa\/img\/07e9\/03\/07\/1070979232_260:0:1643:1037_1920x0_80_0_0_7540f8b5d6fb6f222ff19aeb417cb9b4.png\">https:\/\/cdn1.img.sputniknews.africa\/img\/07e9\/03\/07\/1070979232_260:0:1643:1037_1920x0_80_0_0_7540f8b5d6fb6f222ff19aeb417cb9b4.png<\/a><a target=\"_blank\" itemprop=\"thumbnailUrl\" href=\"https:\/\/cdn1.img.sputniknews.africa\/img\/07e9\/03\/07\/1070979232_433:0:1470:1037_1920x0_80_0_0_de1793e0c5eebeead7afce52f266dbe8.png\" title=\"Marche nocturne f\u00e9ministe \u00e0 Paris, le 7 mars 2025\"\/><\/p>\n<div itemprop=\"publisher\" itemscope=\"\" itemtype=\"http:\/\/schema.org\/Organization\">\n<p>Sputnik Afrique<\/p>\n<p><a target=\"_blank\" itemprop=\"url\" href=\"https:\/\/fr.sputniknews.africa\" title=\"Sputnik Afrique\"> <\/a><\/p>\n<p>feedback.fr@sputniknews.com<\/p>\n<p>+74956456601<\/p>\n<p>MIA \u201eRossiya Segodnya\u201c<\/p>\n<p><a target=\"_blank\" itemprop=\"sameAs\" href=\"https:\/\/t.me\/sputnik_afrique\"> <\/a><a target=\"_blank\" itemprop=\"sameAs\" href=\"https:\/\/t.me\/sputnik_africa\"> <\/a><a target=\"_blank\" itemprop=\"sameAs\" href=\"https:\/\/t.me\/sputnik_ethiopia\"> <\/a><a target=\"_blank\" itemprop=\"sameAs\" href=\"https:\/\/x.com\/sputnik_afrique\"> <\/a><a target=\"_blank\" itemprop=\"sameAs\" href=\"https:\/\/x.com\/sputnik_africa\"> <\/a><\/div>\n<p>france, f\u00e9minisme, marche, manifestation, palestine<\/p>\n<div itemprop=\"about\" itemscope=\"\" itemtype=\"https:\/\/schema.org\/Thing\">\n<p>france, f\u00e9minisme, marche, manifestation, palestine<\/p>\n<\/div>\n<\/div>\n<div class=\"article__header\">\n<div class=\"article__info \" data-nosnippet=\"\">\n<div class=\"article__info-date\"><a target=\"_blank\" href=\"https:\/\/fr.sputniknews.africa\/20250307\/\" class=\"\" title=\"Archives des actus\" data-unixtime=\"1741378241\">21:10 07.03.2025<\/a> <span class=\"article__info-date-modified \" data-unixtime=\"1741378375\"> (Mis \u00e0 jour: <span class=\"date\">21:12 07.03.2025<\/span>)<\/span><\/div>\n<\/div>\n<p>Une marche nocturne f\u00e9ministe s&rsquo;est d\u00e9roul\u00e9e dans la capitale fran\u00e7aise. Initialement interdite par la police en raison de la participation d&rsquo;organisation propalestiniennes, la manifestation a \u00e9t\u00e9 finalement autoris\u00e9e par le tribunal administratif.<\/p>\n<\/div>\n<div class=\"article__body\">\n<div class=\"article__block\" data-type=\"text\">\n<p>Plusieurs centaines de personnes sont descendues dans la rues \u00e0 Paris dans la nuit du 7 au 8 mars, Journ\u00e9e internationale des droits des femmes, pour une marche qui devait relier la gare de l\u2019Est \u00e0 la place de l\u2019H\u00f4tel de Ville, rapporte un correspondant de Sputnik Afrique sur place.<\/p>\n<\/div>\n<div class=\"article__block\" data-type=\"text\">\n<p>Les organisateurs de l&rsquo;\u00e9v\u00e9nement avaient appel\u00e9 \u00e0 manifest\u00e9 pour \u00ab\u00a0les droits et libert\u00e9s menac\u00e9s par un \u00c9tat fasciste et par la mont\u00e9e de l\u2019extr\u00eame droite\u00a0\u00bb. <\/p>\n<\/div>\n<div class=\"article__block\" data-type=\"text\">\n<p>Outre les droits des femmes, les manifestants ont aussi pr\u00f4n\u00e9 la cause palestinienne. <em>\u00ab\u00a0Gloire aux r\u00e9sistantes palestiniennes\u00a0\u00bb<\/em>, lisait-on sur certaines pancartes.  <\/p>\n<\/div>\n<div class=\"article__block\" data-type=\"text\">\n<p>La pr\u00e9fecture avait d&rsquo;abord interdit cet \u00e9v\u00e9nement. La police avait \u00e9voqu\u00e9 des \u00ab\u00a0risques \u00e0 l\u2019ordre public\u00a0\u00bb en raison de la participation d&rsquo;organisations propalestiniennes, selon les m\u00e9dias.   <\/p>\n<\/div>\n<div class=\"article__block\" data-type=\"text\">\n<p>Mais le tribunal administratif a jug\u00e9 que les risques de troubles \u00e0 l\u2019ordre public invoqu\u00e9s n&rsquo;\u00e9taient pas assez justifi\u00e9s.<\/p>\n<\/div>\n<\/div>\n<\/div>\n<p><script async=\"async\" type=\"text\/plain\" class=\"_iub_cs_activate\" data-iub-purposes=\"3\" data-suppressedsrc=\"https:\/\/connect.facebook.net\/en_US\/sdk.js#xfbml=1&amp;version=v3.2\"><\/script><br \/>\n<br \/><br \/>\n<br \/><a href=\"https:\/\/fr.sputniknews.africa\/20250307\/finalement-autorisee-par-la-justice-une-marche-nocturne-feministe-se-tient-a-paris--1070979396.html\" target=\"_blank\"\">Source link <\/a><\/p>\n","protected":false},"excerpt":{"rendered":"<p>https:\/\/fr.sputniknews.africa\/20250307\/finalement-autorisee-par-la-justice-une-marche-nocturne-feministe-se-tient-a-paris&#8211;1070979396.html Finalement autoris\u00e9e par la justice, une marche nocturne f\u00e9ministe se tient \u00e0 Paris Finalement autoris\u00e9e par la justice, une marche nocturne f\u00e9ministe se tient \u00e0 Paris Sputnik Afrique Une&hellip; <\/p>\n","protected":false},"author":1,"featured_media":4005,"comment_status":"open","ping_status":"open","sticky":false,"template":"","format":"standard","meta":{"footnotes":""},"categories":[1],"tags":[],"class_list":["post-4004","post","type-post","status-publish","format-standard","has-post-thumbnail","hentry","category-non-classe"],"_links":{"self":[{"href":"https:\/\/monde25.info\/index.php\/wp-json\/wp\/v2\/posts\/4004","targetHints":{"allow":["GET"]}}],"collection":[{"href":"https:\/\/monde25.info\/index.php\/wp-json\/wp\/v2\/posts"}],"about":[{"href":"https:\/\/monde25.info\/index.php\/wp-json\/wp\/v2\/types\/post"}],"author":[{"embeddable":true,"href":"https:\/\/monde25.info\/index.php\/wp-json\/wp\/v2\/users\/1"}],"replies":[{"embeddable":true,"href":"https:\/\/monde25.info\/index.php\/wp-json\/wp\/v2\/comments?post=4004"}],"version-history":[{"count":0,"href":"https:\/\/monde25.info\/index.php\/wp-json\/wp\/v2\/posts\/4004\/revisions"}],"wp:featuredmedia":[{"embeddable":true,"href":"https:\/\/monde25.info\/index.php\/wp-json\/wp\/v2\/media\/4005"}],"wp:attachment":[{"href":"https:\/\/monde25.info\/index.php\/wp-json\/wp\/v2\/media?parent=4004"}],"wp:term":[{"taxonomy":"category","embeddable":true,"href":"https:\/\/monde25.info\/index.php\/wp-json\/wp\/v2\/categories?post=4004"},{"taxonomy":"post_tag","embeddable":true,"href":"https:\/\/monde25.info\/index.php\/wp-json\/wp\/v2\/tags?post=4004"}],"curies":[{"name":"wp","href":"https:\/\/api.w.org\/{rel}","templated":true}]}}