{"id":4012,"date":"2025-03-08T10:46:21","date_gmt":"2025-03-08T09:46:21","guid":{"rendered":"https:\/\/monde25.info\/index.php\/2025\/03\/08\/au-canada-un-bilinguisme-officiel-equivoque-par-philippe-descamps-le-monde-diplomatique-mars-2025\/"},"modified":"2025-03-08T10:46:21","modified_gmt":"2025-03-08T09:46:21","slug":"au-canada-un-bilinguisme-officiel-equivoque-par-philippe-descamps-le-monde-diplomatique-mars-2025","status":"publish","type":"post","link":"https:\/\/monde25.info\/index.php\/2025\/03\/08\/au-canada-un-bilinguisme-officiel-equivoque-par-philippe-descamps-le-monde-diplomatique-mars-2025\/","title":{"rendered":"Au Canada, un bilinguisme officiel \u00e9quivoque, par Philippe Descamps (Le Monde diplomatique, mars 2025)"},"content":{"rendered":"<p> <br \/>\n<\/p>\n<div>\n<p class=\"crayon article-surtitre-68103 surtitre\">La sauvegarde de la langue fran\u00e7aise reste un combat<\/p>\n<div class=\"crayon article-chapo-68103 chapo\">\n<p>Premier ministre d\u00e9missionnaire du Canada, M.\u00a0Justin Trudeau a obtenu un consensus parlementaire pour actualiser la loi  sur les langues officielles imagin\u00e9e par son p\u00e8re en 1969.  Pierre Elliott Trudeau combattait l\u2019aspiration \u00e0 l\u2019ind\u00e9pendance des Qu\u00e9b\u00e9cois en leur promettant un plus grand pays, bilingue. Mais la reconnaissance de droits linguistiques individuels,  sans cadre territorial clair, a ent\u00e9rin\u00e9 une asym\u00e9trie entre l\u2019anglais et le fran\u00e7ais, toujours menac\u00e9 de d\u00e9clin.<\/p>\n<\/div><\/div>\n<div couleurfade=\"fde5f3\" couleurclaire=\"fbcfea\" couleurpale=\"f3a4d3\" couleurmi=\"be0d78\" couleurfoncee=\"8f095a\" couleursombre=\"2f031e\" couleurfond=\"7c4c69\" couleurtexte=\"ffffff\">\n<div class=\"enapercu\">\n<figure class=\"spip_document_34208 spip_documents spip_documents_center xl\" style=\"width:890px;\">\n<div class=\"limage\">\n<p>\t\t\t<img loading=\"lazy\" decoding=\"async\" src=\"https:\/\/www.monde-diplomatique.fr\/\/local\/cache-vignettes\/L890xH593\/img014-15-2-16d30.jpg?1740499435\" width=\"890\" height=\"593\" class=\"spip_logos\" alt=\"JPEG - 174.6\u00a0ko\"\/><\/p><\/div><figcaption>\n<p>Cyndie Belhumeur et Marie-Claude Marquis. \u2013 \u00ab<small class=\"fine\">\u00a0<\/small>Bonjour<small class=\"fine\">\u00a0<\/small>\u00bb, fresque murale, Montr\u00e9al, 2022<\/p>\n<p>Photographie\u00a0: Olivier Bousquet\n<\/p>\n<\/figcaption><\/figure>\n<p><i><span class=\"mot-lettrine\"><span class=\"lettrine\"><span class=\"guillemet\">\u00ab<\/span>L<\/span>e<\/span> Parlement a besoin d\u2019un \u201creset\u201d, de se calmer un peu les pompons<\/i> [mod\u00e9rer ses ardeurs] <i>pour se remettre au travail.<small class=\"fine\">\u00a0<\/small>\u00bb<\/i> Le 6\u00a0janvier dernier, le premier ministre canadien Justin Trudeau annonce sa d\u00e9mission, qui prendra effet en mars. Devant sa r\u00e9sidence d\u2019Ottawa, la capitale f\u00e9d\u00e9rale, il d\u00e9roule sans note un paragraphe en anglais suivi du m\u00eame en fran\u00e7ais<small class=\"fine\">\u00a0<\/small>; une r\u00e9ponse aux journalistes en fran\u00e7ais puis la m\u00eame en anglais, respectant avec soin une \u00e9galit\u00e9 entre les deux langues officielles de ce pays de quarante millions d\u2019habitants. Mais il suffit de l\u2019arrogance d\u2019un client anglophone dans un supermarch\u00e9 de Vaudreuil-Dorion pour enflammer les r\u00e9seaux sociaux la semaine suivante. La presse fait aussi ses choux gras de l\u2019incapacit\u00e9 de la gouverneure g\u00e9n\u00e9rale (repr\u00e9sentante du roi Charles III) Mary Simon \u00e0 parler fran\u00e7ais lors d\u2019une visite \u00e0 L\u00e9vis, une ville quasi exclusivement francophone.<\/p>\n<p>Scrut\u00e9 depuis cinquante ans pour sa politique d\u2019am\u00e9nagement linguistique, le Canada a mis en place un arsenal juridique imposant. Mais le bilinguisme officiel demande un \u00e9clairage historique et politique pour en cerner les \u00e9quivoques. Si la politique f\u00e9d\u00e9rale a permis de soutenir les minorit\u00e9s dispers\u00e9es d\u2019un oc\u00e9an \u00e0 l\u2019autre, seule l\u2019affirmation du Qu\u00e9bec par ses propres lois a consolid\u00e9 la langue de Moli\u00e8re et de Michel Tremblay. Aujourd\u2019hui, le fran\u00e7ais n\u2019a jamais eu autant de locuteurs en Am\u00e9rique du Nord, mais son poids relatif s\u2019effrite et engage l\u2019\u00c9tat comme la Belle Province \u00e0 imaginer de nouvelles approches.<\/p>\n<p>Selon le dernier recensement de 2021, 10,7\u00a0millions de Canadiens disent soutenir une conversation en fran\u00e7ais, mais seulement 7\u00a0millions le parlent de fa\u00e7on pr\u00e9dominante \u00e0 la maison, soit 19<small class=\"fine\">\u00a0<\/small>% de la population \u2014 contre 25,7<small class=\"fine\">\u00a0<\/small>% en 1971. Apr\u00e8s avoir augment\u00e9 dans la seconde moiti\u00e9 du <span class=\"siecle\">XX<sup>e<\/sup><\/span>\u00a0si\u00e8cle, le bilinguisme plafonne\u00a0: en 2021, 18<small class=\"fine\">\u00a0<\/small>% des Canadiens disaient pouvoir converser tant en fran\u00e7ais qu\u2019en anglais. Ce taux \u00e9tait de 12,2<small class=\"fine\">\u00a0<\/small>% en 1961 et d\u00e9j\u00e0 de 17,7<small class=\"fine\">\u00a0<\/small>% en 2001. Il progresse\u00a0(&#8230;)<\/p>\n<\/p><\/div>\n<p>Taille de l\u2019article complet\u00a0:\u00a0<span>3\u00a0438<\/span>\u00a0mots.<\/p>\n<div class=\"promo_dispo_article\">\n<h2 class=\"avantbloc\">\n\tCet article est r\u00e9serv\u00e9 aux\u00a0abonn\u00e9s<\/p>\n<\/h2>\n<div class=\"abo_inst\">\n\t<strong>Lyc\u00e9es, biblioth\u00e8ques, administrations, entreprises,<\/strong><br \/>\n\tacc\u00e9dez \u00e0 la base de donn\u00e9es en ligne de tous les articles du <i>Monde diplomatique<\/i> de 1954 \u00e0 nos\u00a0jours.<br \/>\n\t<a target=\"_blank\" id=\"pw-institutions\" class=\"suivi\" href=\"https:\/\/www.monde-diplomatique.fr\/archives\/institutions\">Retrouvez cette\u00a0offre sp\u00e9cifique<\/a>.\n<\/div>\n<\/div><\/div>\n<p><br \/>\n<br \/><a href=\"https:\/\/www.monde-diplomatique.fr\/2025\/03\/DESCAMPS\/68103\" target=\"_blank\"\">Source link <\/a><\/p>\n","protected":false},"excerpt":{"rendered":"<p>La sauvegarde de la langue fran\u00e7aise reste un combat Premier ministre d\u00e9missionnaire du Canada, M.\u00a0Justin Trudeau a obtenu un consensus parlementaire pour actualiser la loi sur les langues officielles imagin\u00e9e&hellip; <\/p>\n","protected":false},"author":1,"featured_media":4013,"comment_status":"open","ping_status":"open","sticky":false,"template":"","format":"standard","meta":{"footnotes":""},"categories":[1],"tags":[],"class_list":["post-4012","post","type-post","status-publish","format-standard","has-post-thumbnail","hentry","category-non-classe"],"_links":{"self":[{"href":"https:\/\/monde25.info\/index.php\/wp-json\/wp\/v2\/posts\/4012","targetHints":{"allow":["GET"]}}],"collection":[{"href":"https:\/\/monde25.info\/index.php\/wp-json\/wp\/v2\/posts"}],"about":[{"href":"https:\/\/monde25.info\/index.php\/wp-json\/wp\/v2\/types\/post"}],"author":[{"embeddable":true,"href":"https:\/\/monde25.info\/index.php\/wp-json\/wp\/v2\/users\/1"}],"replies":[{"embeddable":true,"href":"https:\/\/monde25.info\/index.php\/wp-json\/wp\/v2\/comments?post=4012"}],"version-history":[{"count":0,"href":"https:\/\/monde25.info\/index.php\/wp-json\/wp\/v2\/posts\/4012\/revisions"}],"wp:featuredmedia":[{"embeddable":true,"href":"https:\/\/monde25.info\/index.php\/wp-json\/wp\/v2\/media\/4013"}],"wp:attachment":[{"href":"https:\/\/monde25.info\/index.php\/wp-json\/wp\/v2\/media?parent=4012"}],"wp:term":[{"taxonomy":"category","embeddable":true,"href":"https:\/\/monde25.info\/index.php\/wp-json\/wp\/v2\/categories?post=4012"},{"taxonomy":"post_tag","embeddable":true,"href":"https:\/\/monde25.info\/index.php\/wp-json\/wp\/v2\/tags?post=4012"}],"curies":[{"name":"wp","href":"https:\/\/api.w.org\/{rel}","templated":true}]}}