{"id":4018,"date":"2025-03-08T12:27:32","date_gmt":"2025-03-08T11:27:32","guid":{"rendered":"https:\/\/monde25.info\/index.php\/2025\/03\/08\/violences-faites-aux-femmes-les-voix-selevent-au-parlement-europeen-autour-de-laffaire-malika-daoust\/"},"modified":"2025-03-08T12:27:32","modified_gmt":"2025-03-08T11:27:32","slug":"violences-faites-aux-femmes-les-voix-selevent-au-parlement-europeen-autour-de-laffaire-malika-daoust","status":"publish","type":"post","link":"https:\/\/monde25.info\/index.php\/2025\/03\/08\/violences-faites-aux-femmes-les-voix-selevent-au-parlement-europeen-autour-de-laffaire-malika-daoust\/","title":{"rendered":"Violences faites aux femmes : les voix s&rsquo;\u00e9l\u00e8vent au Parlement Europ\u00e9en autour de l\u2019affaire Malika Daoust"},"content":{"rendered":"<p> <br \/>\n<\/p>\n<div>\n<p>Lila Lef\u00e8vre <a target=\"_blank\" href=\"https:\/\/atipik.tv\/\" target=\"_blank\">d\u2019Atipik TV <\/a>a organis\u00e9 un d\u00e9bat pour la journ\u00e9e internationale du droit des femmes dans l\u2019enceinte du Parlement Europ\u00e9en. Des intervenants de premier plan ont abord\u00e9 les violences faites aux femmes, un fl\u00e9au persistant malgr\u00e9 des d\u00e9cennies de lutte. De lacunes critiques dans la protection des victimes \u00e0 des cas poignants, tels que celui de Malika Daoust qui illustre une justice \u00e0 deux vitesses, la r\u00e9ponse aux violences faites aux femmes n\u2019est pas harmonis\u00e9e dans l\u2019UE. Cela entraine une disparit\u00e9 dans le traitement et la r\u00e9ponse juridique \u00e0 ces violences entre \u00c9tats membres, mais m\u00eame au sein d\u2019un \u00c9tat membre comme la France. De Cr\u00e9teil \u00e0 Castres, les sanctions pour les m\u00eames m\u00e9faits ne sont pas identiques avec relaxe \u00e0 Castres et six mois de prison \u00e0 Cr\u00e9teil. Il y a donc urgence sur des r\u00e9formes juridiques et sociales pour garantir une protection \u00e9quitable \u00e0 toutes les femmes, peut-\u00eatre en s\u2019inspirant de l\u2019exemple espagnol qui a cr\u00e9\u00e9 un tribunal unique.<\/p>\n<p><strong>Un d\u00e9bat crucial au c\u0153ur de l&rsquo;Europe\u00a0: <\/strong>\u00e0 l&rsquo;occasion de la Journ\u00e9e internationale des droits des femmes, <a target=\"_blank\" href=\"https:\/\/atipik.tv\/\" target=\"_blank\">Lila Lef\u00e8vre d\u2019Atipik TV<\/a> a r\u00e9uni au Parlement Europ\u00e9en un panel d&rsquo;experts pour discuter d&rsquo;une probl\u00e9matique br\u00fblante : les violences faites aux femmes. Ce d\u00e9bat, intitul\u00e9 \u00ab\u00a0<em>Un combat pour la justice : les voix s&rsquo;\u00e9l\u00e8vent au Parlement Europ\u00e9en<\/em>\u00a0\u00bb, a rassembl\u00e9 <strong>Estelle Ceulemans<\/strong>, eurod\u00e9put\u00e9e belge (S&amp;D), <strong>Emma Fourreau<\/strong>, eurod\u00e9put\u00e9e fran\u00e7aise (GUE), Maitre <strong>Diane Protat<\/strong> et <strong>Xavier Azalbert<\/strong>, journaliste scientifique \u00e0\u00a0<em>France-Soir<\/em> pour aborder les enjeux cruciaux de la protection des victimes et des r\u00e9formes n\u00e9cessaires. Un plateau rate qui regroupe donc eurod\u00e9put\u00e9s, journaliste et avocat pour d\u00e9battre d&rsquo;un fl\u00e9au soci\u00e9tal :\u00a0<\/p>\n<blockquote>\n<p>\u00ab\u00a0la violence faites aux femmes ne doit pas avoir de couleur politique\u00a0\u00bb d\u00e9clare Xavier Azalbert.<\/p>\n<\/blockquote>\n<p><iframe loading=\"lazy\" title=\"Scandale en France: Quand l&#039;\u00c9tat prot\u00e8ge l&#039;agresseur et abandonne la victime\" width=\"1110\" height=\"624\" src=\"https:\/\/www.youtube.com\/embed\/EW16Hnv_gvg?feature=oembed\" frameborder=\"0\" allow=\"accelerometer; autoplay; clipboard-write; encrypted-media; gyroscope; picture-in-picture; web-share\" referrerpolicy=\"strict-origin-when-cross-origin\" allowfullscreen><\/iframe><\/p>\n<p><strong>Les chiffres alarmants et un syst\u00e8me \u00e0 bout de souffle\u00a0: <\/strong>d&rsquo;entr\u00e9e de jeu, les intervenants ont rappel\u00e9 des statistiques alarmantes : sept femmes meurent chaque jour en Europe sous les coups de leur partenaire ou d&rsquo;un proche, selon les Nations Unies. Estelle Ceulemans, eurod\u00e9put\u00e9e belge, a soulign\u00e9 que ces chiffres sont probablement sous-estim\u00e9s, ajoutant que \u00ab\u00a0<em>m\u00eame au XXIe si\u00e8cle, la famille, ce lieu id\u00e9alis\u00e9, reste un foyer de violences inacceptables<\/em>.\u00a0\u00bb<\/p>\n<p>Emma Fourreau, eurod\u00e9put\u00e9e fran\u00e7aise, a exprim\u00e9 sa frustration quant \u00e0 l&rsquo;inaction persistante : \u00ab\u00a0<em>Les f\u00e9minicides sont connus depuis longtemps, mais peu de choses changent. La col\u00e8re f\u00e9ministe gronde \u00e0 travers l&rsquo;Europe.<\/em>\u00a0\u00bb Elle a \u00e9galement critiqu\u00e9 l&rsquo;absence de soutien ad\u00e9quat pour les victimes, d\u00e9plorant que \u00ab\u00a0<em>seulement 0,6\u2009% des viols ou tentatives de viol soient condamn\u00e9s.\u00a0<\/em>\u00bb<\/p>\n<p><strong>Un syst\u00e8me judiciaire trop lent et in\u00e9gal\u00a0: <\/strong>Xavier Azalbert a mis en \u00e9vidence la lenteur du syst\u00e8me judiciaire, notant que \u00ab\u00a0<em>vivre 18 mois avec son bourreau, c&rsquo;est parfois 18 mois de trop<\/em>.\u00a0\u00bb Il a appel\u00e9 \u00e0 une r\u00e9flexion sur les causes de cette lenteur, soulignant l&rsquo;importance d&rsquo;une justice rapide et efficace en faisant le parall\u00e8le dans le traitement que re\u00e7oivent les femmes victimes de violence et ceux qui veulent d\u00e9clarer un effet secondaire de traitements, comme la vaccination covid. De difficult\u00e9s d\u00e9claratives, \u00e0 complexit\u00e9 de recherche de causalit\u00e9, en passant par la lenteur administrative et juridique, les victimes sont souvent de double victime \u2013 le premier celui des violences qu\u2019elles subissent et dans un second temps, la violence de la lenteur du syst\u00e8me \u00e0 leur \u00e9gard\u00a0:\u00a0<\/p>\n<blockquote>\n<p>\u00ab\u00a0<em>les femmes ne parlent pas, car elles sont jug\u00e9es par la soci\u00e9t\u00e9 avant de l\u2019\u00eatre par la justice<\/em>\u00a0\u00bb.<\/p>\n<\/blockquote>\n<p>Ma\u00eetre Diane Protat, avocate sp\u00e9cialis\u00e9e dans les violences conjugales, a critiqu\u00e9 le manque d&rsquo;harmonisation des peines \u00e0 travers l&rsquo;Europe. Elle a \u00e9voqu\u00e9 une r\u00e9cente d\u00e9cision de la Cour europ\u00e9enne des droits de l&rsquo;homme qui condamne la France pour sa d\u00e9finition restrictive du viol, insistant sur l&rsquo;importance cruciale de la notion de consentement.<\/p>\n<p><a target=\"_blank\" href=\"https:\/\/www.francesoir.fr\/societe-justice-faits-divers\/affaire-judiciaire-antoine-daoust-frappe-furious-la-justice-castres\"><strong>L&rsquo;affaire Malika Daoust : un symbole de justice \u00e0 deux vitesses \u2013 faible avec les puissants, forte avec les faibles<\/strong><\/a><strong>. <\/strong>L&rsquo;affaire Malika Daoust, pr\u00e9sent\u00e9e par <a target=\"_blank\" href=\"https:\/\/www.youtube.com\/@BenjiRaconte\" target=\"_blank\">Benji Raconte<\/a>, a servi de toile de fond poignante \u00e0 ce d\u00e9bat. Malika, une femme franco-alg\u00e9rienne, qui a accus\u00e9 Antoine Daoust son mari de violences conjugales ainsi que sur sa fille. Malgr\u00e9 des preuves accablantes (rapport m\u00e9dico-judiciaire concluant \u00e0 six jours d\u2019ITT) et une enqu\u00eate longue d&rsquo;un an, son agresseur a \u00e9t\u00e9 relax\u00e9, alimentant un sentiment d&rsquo;injustice criant.<\/p>\n<p><iframe style=\"left:0;position:absolute;top:0;\" width=\"100%\" height=\"100%\" frameborder=\"0\" allow=\"accelerometer; autoplay; encrypted-media; gyroscope; picture-in-picture\" allowfullscreen=\"true\" referrerpolicy=\"unsafe-url\" class=\"lazyload\" data-src=\"https:\/\/app.videas.fr\/embed\/media\/172c493c-c14f-4155-aa47-53cb7a49b61d\/\"><\/iframe><\/p>\n<p>\u00a0<\/p>\n<p>Ma\u00eetre Protat, l&rsquo;avocate de Malika, a d\u00e9crit la d\u00e9cision de justice comme \u00ab\u00a0<em><strong>un permis de frapper<\/strong><\/em><strong>\u00a0<\/strong>\u00bb, soulignant que Malika et sa fille vivent dans la peur. Cette <strong>affaire illustre tragiquement une justice de classe et de race<\/strong>, o\u00f9 les puissants semblent prot\u00e9g\u00e9s au d\u00e9triment des victimes.<\/p>\n<p><strong>Vers une harmonisation europ\u00e9enne\u00a0: <\/strong>les discussions ont \u00e9galement port\u00e9 sur la n\u00e9cessit\u00e9 d&rsquo;une harmonisation europ\u00e9enne des lois sur les violences faites aux femmes. Estelle Ceulemans a plaid\u00e9 pour l&rsquo;adoption d&rsquo;une directive europ\u00e9enne contraignante, tandis qu&rsquo;Emma Fourreau a soulign\u00e9 l&rsquo;importance de soutenir les mouvements f\u00e9ministes et les initiatives citoyennes europ\u00e9ennes pour faire avancer les droits des femmes.<\/p>\n<p><strong>Un appel \u00e0 l&rsquo;action\u00a0: <\/strong>ce d\u00e9bat au Parlement Europ\u00e9en a mis en lumi\u00e8re l&rsquo;urgence de r\u00e9formes profondes pour prot\u00e9ger efficacement toutes les femmes. Les intervenants ont appel\u00e9 \u00e0 une action concert\u00e9e des institutions europ\u00e9ennes, des \u00c9tats membres et de la soci\u00e9t\u00e9 civile pour mettre fin aux violences sexistes et sexuelles. Comme l&rsquo;a conclu Lila Lefevre,<\/p>\n<blockquote>\n<p>\u00a0\u00ab\u00a0<em>il est temps que les paroles se transforment en actes pour \u00e9radiquer ce fl\u00e9au qui touche l&rsquo;Europe et le monde entier<\/em>.\u00a0\u00bb<\/p>\n<\/blockquote>\n<\/div>\n<p><script>(function(d, s, id) {  var js, fjs = d.getElementsByTagName(s)[0];  if (d.getElementById(id)) return;  js = d.createElement(s); js.id = id;  js.src = \"\/\/connect.facebook.net\/fr_FR\/sdk.js#xfbml=1&version=v2.3\";  fjs.parentNode.insertBefore(js, fjs);}(document, \"script\", \"facebook-jssdk\"));<\/script><br \/>\n<br \/><br \/>\n<br \/><a href=\"https:\/\/www.francesoir.fr\/societe-justice-sante\/violences-faites-aux-femmes-les-voix-s-elevent-au-parlement-europeen-autour\" target=\"_blank\"\">Source link <\/a><\/p>\n","protected":false},"excerpt":{"rendered":"<p>Lila Lef\u00e8vre d\u2019Atipik TV a organis\u00e9 un d\u00e9bat pour la journ\u00e9e internationale du droit des femmes dans l\u2019enceinte du Parlement Europ\u00e9en. Des intervenants de premier plan ont abord\u00e9 les violences&hellip; <\/p>\n","protected":false},"author":1,"featured_media":4019,"comment_status":"open","ping_status":"open","sticky":false,"template":"","format":"standard","meta":{"footnotes":""},"categories":[1],"tags":[],"class_list":["post-4018","post","type-post","status-publish","format-standard","has-post-thumbnail","hentry","category-non-classe"],"_links":{"self":[{"href":"https:\/\/monde25.info\/index.php\/wp-json\/wp\/v2\/posts\/4018","targetHints":{"allow":["GET"]}}],"collection":[{"href":"https:\/\/monde25.info\/index.php\/wp-json\/wp\/v2\/posts"}],"about":[{"href":"https:\/\/monde25.info\/index.php\/wp-json\/wp\/v2\/types\/post"}],"author":[{"embeddable":true,"href":"https:\/\/monde25.info\/index.php\/wp-json\/wp\/v2\/users\/1"}],"replies":[{"embeddable":true,"href":"https:\/\/monde25.info\/index.php\/wp-json\/wp\/v2\/comments?post=4018"}],"version-history":[{"count":0,"href":"https:\/\/monde25.info\/index.php\/wp-json\/wp\/v2\/posts\/4018\/revisions"}],"wp:featuredmedia":[{"embeddable":true,"href":"https:\/\/monde25.info\/index.php\/wp-json\/wp\/v2\/media\/4019"}],"wp:attachment":[{"href":"https:\/\/monde25.info\/index.php\/wp-json\/wp\/v2\/media?parent=4018"}],"wp:term":[{"taxonomy":"category","embeddable":true,"href":"https:\/\/monde25.info\/index.php\/wp-json\/wp\/v2\/categories?post=4018"},{"taxonomy":"post_tag","embeddable":true,"href":"https:\/\/monde25.info\/index.php\/wp-json\/wp\/v2\/tags?post=4018"}],"curies":[{"name":"wp","href":"https:\/\/api.w.org\/{rel}","templated":true}]}}