{"id":402,"date":"2024-11-18T16:37:38","date_gmt":"2024-11-18T15:37:38","guid":{"rendered":"https:\/\/monde25.info\/index.php\/2024\/11\/18\/paysans-de-gauche-il-nous-faut-trahir-lentre-soi\/"},"modified":"2024-11-18T16:37:38","modified_gmt":"2024-11-18T15:37:38","slug":"paysans-de-gauche-il-nous-faut-trahir-lentre-soi","status":"publish","type":"post","link":"https:\/\/monde25.info\/index.php\/2024\/11\/18\/paysans-de-gauche-il-nous-faut-trahir-lentre-soi\/","title":{"rendered":"\u00ab\u00a0Paysans de gauche, il nous faut trahir l\u2019entre-soi\u00a0\u00bb"},"content":{"rendered":"<p> <br \/>\n<\/p>\n<div>\n<table>\n<tr>\n<td style=\"width:50%;\">\n<div class=\"spip_document_39827 spip_document spip_documents spip_document_image spip_documents_left spip_document_left spip_document_avec_legende\" data-legende-len=\"43\" data-legende-lenx=\"x\">\n<figure class=\"spip_doc_inner\">\n      <picture>\n<p>        <img decoding=\"async\" src=\"https:\/\/reporterre.net\/IMG\/jpg\/yonchou.jpg\" width=\"300\" height=\"300\" loading=\"lazy\" alt=\"\"\/>\n    <\/picture><figcaption class=\"spip_doc_legende\">\n<p>Mathieu Yon.<br \/>\n<i>\u00a9 Enzo Dubesset \/ <i>Reporterre<\/i><br \/>\n<\/i><\/p>\n<\/figcaption><\/figure>\n<\/p><\/div>\n<\/td>\n<td>\nLe n\u00e9opaysan Mathieu Yon, install\u00e9 dans la Dr\u00f4me en tant que mara\u00eecher biologique en circuit court, est chroniqueur pour <i>Reporterre<\/i>.\n<\/td>\n<\/tr>\n<\/table>\n<hr class=\"spip\"\/>\n<p>Depuis que je suis mara\u00eecher et que je milite, je me bats pour am\u00e9liorer la condition paysanne, que ce soit \u00e0 la Conf\u00e9d\u00e9ration paysanne ou avec le collectif pour une <a target=\"_blank\" href=\"https:\/\/reporterre.net\/Dans-la-Drome-on-experimente-la-Secu-de-l-alimentation\">S\u00e9curit\u00e9 sociale de l\u2019alimentation<\/a>. Malgr\u00e9 les joies partag\u00e9es et les avanc\u00e9es, il m\u2019arrive de douter des strat\u00e9gies employ\u00e9es. J\u2019entends parler de <i>\u00ab<small class=\"fine d-inline\">\u00a0<\/small>milieux<small class=\"fine d-inline\">\u00a0<\/small>\u00bb<\/i>, de <i>\u00ab<small class=\"fine d-inline\">\u00a0<\/small>groupes<small class=\"fine d-inline\">\u00a0<\/small>\u00bb<\/i> et de <i>\u00ab<small class=\"fine d-inline\">\u00a0<\/small>collectifs<small class=\"fine d-inline\">\u00a0<\/small>\u00bb<\/i>, comme si l\u2019objectif \u00e9tait de reconstituer des \u00eelots de r\u00e9sistance et des marges.<\/p>\n<p>Je comprends ce besoin de fabriquer des refuges, face \u00e0 l\u2019incendie du monde qui ne cesse de s\u2019\u00e9tendre. Mais cela produit une sorte d\u2019effet collat\u00e9ral, probablement involontaire. Le capital culturel requis, pour s\u2019investir dans ces <i>\u00ab<small class=\"fine d-inline\">\u00a0<\/small>groupes<small class=\"fine d-inline\">\u00a0<\/small>\u00bb<\/i> et ces <i>\u00ab<small class=\"fine d-inline\">\u00a0<\/small>collectifs<small class=\"fine d-inline\">\u00a0<\/small>\u00bb<\/i>, r\u00e9duit peu \u00e0 peu leur diversit\u00e9 sociale et politique.<\/p>\n<p>Personne \u00e0 gauche ne revendique l\u2019entre-soi, mais les faits sont t\u00eatus. Quelles sont ces barri\u00e8res invisibles que les militants n\u2019osent plus franchir<small class=\"fine d-inline\">\u00a0<\/small>? Pour les enjamber \u00e0 nouveau, il faudrait repenser la notion de <i>\u00ab<small class=\"fine d-inline\">\u00a0<\/small>radicalit\u00e9<small class=\"fine d-inline\">\u00a0<\/small>\u00bb<\/i>, et la placer au niveau des convictions, pas des relations.<\/p>\n<p>Si personne dans mon entourage ne vote \u00e0 l\u2019extr\u00eame droite, comment serais-je en mesure de comprendre ce vote<small class=\"fine d-inline\">\u00a0<\/small>? Nos existences s\u2019organisent socialement pour c\u00f4toyer le m\u00eame, pour rencontrer les m\u00eames. Cette recherche d\u2019un <i>\u00ab<small class=\"fine d-inline\">\u00a0<\/small>confort cognitif<small class=\"fine d-inline\">\u00a0<\/small>\u00bb<\/i> s\u2019applique \u00e0 toutes les classes de la soci\u00e9t\u00e9. Mais c\u2019est le devoir de la gauche de ne pas s\u2019y soumettre.<\/p>\n<h2 class=\"spip\">Quelles seraient les voies pour sortir de notre enfermement social<small class=\"fine d-inline\">\u00a0<\/small>?<\/h2>\n<p>Il faudrait inventer des mani\u00e8res de quitter l\u2019entre-soi\u00a0: monter des actions contre le <a target=\"_blank\" href=\"https:\/\/reporterre.net\/Accord-UE-Mercosur-5-points-pour-comprendre-la-colere-des-agriculteurs\" class=\"spip_in\">Mercosur<\/a> avec l\u2019ensemble des syndicats agricoles, imaginer des luttes foresti\u00e8res qui incluraient des chasseurs et des naturalistes\u2026 \u00c0 bien y regarder, il existe des luttes objectives sur lesquelles se rassembler. Pour les mener \u00e0 bien, il faut, comme l\u2019\u00e9crivait la philosophe Simone Weil, <i>\u00ab<small class=\"fine d-inline\">\u00a0<\/small>supporter la contradiction entre l\u2019imagination et le fait<small class=\"fine d-inline\">\u00a0<\/small>\u00bb<\/i>. Si la contradiction devient insupportable, ce n\u2019est pas un signe de radicalit\u00e9, plut\u00f4t celui d\u2019un d\u00e9ni. Quelles seraient les voies pour sortir de notre enfermement social<small class=\"fine d-inline\">\u00a0<\/small>?<\/p>\n<p>J\u2019ai souvent \u00e9t\u00e9 surpris par la m\u00e9connaissance entre les milieux militants et agricoles, chacun renvoyant \u00e0 l\u2019autre une image qui n\u2019existe pas. Un c\u00e9r\u00e9alier travaillant sur une centaine d\u2019hectares, qui cultive et irrigue du ma\u00efs dans son assolement, sera la b\u00eate noire des militants \u00e9cologistes. Pour ne pas l\u2019envisager comme un ennemi, certains pourront le consid\u00e9rer comme une victime du syst\u00e8me agro-industriel. Cette repr\u00e9sentation me d\u00e9range, car elle ne prend pas en compte l\u2019autre dans sa complexit\u00e9, ni la mani\u00e8re dont il se per\u00e7oit.<\/p>\n<div class=\"spip_document_86246 spip_document spip_documents spip_document_image spip_documents_center spip_document_center spip_document_avec_legende\" data-legende-len=\"140\" data-legende-lenx=\"xxx\">\n<figure class=\"spip_doc_inner\">\n      <picture><source type=\"image\/webp\" srcset=\"https:\/\/reporterre.net\/local\/cache-vignettes\/L1050xH700\/micallef_manif-agriculteurs_03-2-f3ef3.jpg@.webp?1731683005\"><img decoding=\"async\" src=\"https:\/\/reporterre.net\/IMG\/jpg\/micallef_manif-agriculteurs_03-2.jpg\" width=\"1200\" height=\"800\" loading=\"lazy\" alt=\"\"\/><br \/>\n    <\/source><\/picture><figcaption class=\"spip_doc_legende\">\n<p>Un \u00e9leveur bovin et sa vache Iris lors d\u2019une manifestation d\u2019agriculteurs \u00e0 Marseille, le 19\u00a0f\u00e9vrier 2024.<br \/>\n<i>\u00a9 Anthony Micallef \/ Reporterre<br \/>\n<\/i><\/p>\n<\/figcaption><\/figure>\n<\/p><\/div>\n<p>Que faire, lorsque ce c\u00e9r\u00e9alier n\u2019est ni un salaud, ni un industriel, ni un capitaliste, et qu\u2019il a fait le choix de reprendre les parcelles de son oncle et de s\u2019agrandir<small class=\"fine d-inline\">\u00a0<\/small>? Que faire, lorsque les agriculteurs ne se sentent pas broy\u00e9s par le syst\u00e8me capitaliste, et veulent seulement continuer d\u2019exister<small class=\"fine d-inline\">\u00a0<\/small>?<\/p>\n<p>Je suis mara\u00eecher bio sur 1\u00a0hectare, et par ce simple fait, je serais le <i>\u00ab<small class=\"fine d-inline\">\u00a0<\/small>bon agriculteur<small class=\"fine d-inline\">\u00a0<\/small>\u00bb<\/i>, celui qui se trouve du c\u00f4t\u00e9 de l\u2019\u00e9cologie. Je refuse cette distinction. Je la refuse parce qu\u2019elle me place en dehors de ma condition sociale, \u00e0 la marge. Il para\u00eet que cette marge donne de la hauteur. Pas assez semble-t-il, pour observer que l\u2019ensemble de la condition paysanne est devenue socialement marginale, et non telle ou telle mani\u00e8re d\u2019exercer le m\u00e9tier. Je rappelle que les exploitants agricoles repr\u00e9sentent moins de 1,6<small class=\"fine d-inline\">\u00a0<\/small>% de la population active. \u00c0 la marge de la marge, il reste des miettes, et un \u00e9miettement des luttes.<\/p>\n<h2 class=\"spip\">En finir avec cette \u00e9cologie de la distinction sociale<\/h2>\n<p>C\u2019est pourquoi la convergence des luttes doit se situer \u00e0 l\u2019int\u00e9rieur de la condition paysanne, avec toute la diversit\u00e9 de ses opinions. L\u2019enjeu est social, mais aussi politique. C\u2019est une mani\u00e8re de transgresser le m\u00eame, de d\u00e9sob\u00e9ir \u00e0 l\u2019identique. De quitter l\u2019entre-soi. Cette strat\u00e9gie, si elle \u00e9tait mise en place, serait un pied de nez \u00e0 l\u2019extr\u00eame droite.<\/p>\n<p>La situation exige des r\u00e9volt\u00e9s de la reproduction sociale et des tra\u00eetres de l\u2019entre-soi. Il faut travailler matin, midi et soir pour s\u2019arracher \u00e0 la distinction. Par o\u00f9 commencer<small class=\"fine d-inline\">\u00a0<\/small>? Si une lutte pour des terres agricoles ne rassemble pas Les Soul\u00e8vements de la Terre, la Conf\u00e9d\u00e9ration paysanne et des adh\u00e9rents de la F\u00e9d\u00e9ration d\u00e9partementale des syndicats d\u2019exploitants agricoles (<span class=\"caps\">FDSEA<\/span>), alors le compte n\u2019y est pas. Si cette proposition vous semble impossible, choquante ou m\u00eame scandaleuse, cher lecteur, ch\u00e8re lectrice\u00a0: c\u2019est le signe qu\u2019il reste du chemin \u00e0 parcourir, ou une volont\u00e9 de maintenir la distinction sociale.<\/p>\n<blockquote class=\"spip\">\n<p>\u00ab<small class=\"fine d-inline\">\u00a0<\/small>Il faut recr\u00e9er les conditions d\u2019un dialogue<small class=\"fine d-inline\">\u00a0<\/small>\u00bb<\/p>\n<\/blockquote>\n<p>Pendant les soul\u00e8vements agricoles du d\u00e9but de l\u2019ann\u00e9e 2024, je me suis rendu sur les barrages des autres syndicats. L\u2019accueil tournait parfois au vinaigre, lorsqu\u2019on apprenait que j\u2019\u00e9tais \u00e0 la Conf\u00e9d\u00e9ration paysanne. Pour moi, ce n\u2019\u00e9tait pas le signe que nous n\u2019avions plus rien \u00e0 nous dire, mais qu\u2019il fallait recr\u00e9er les conditions d\u2019un dialogue, m\u00eame si cela d\u00e9range, m\u00eame si c\u2019est laborieux.<\/p>\n<p>C\u2019est ce que j\u2019appelle <i>\u00ab<small class=\"fine d-inline\">\u00a0<\/small>trahir l\u2019entre-soi<small class=\"fine d-inline\">\u00a0<\/small>\u00bb<\/i>. C\u2019est ma mani\u00e8re d\u2019\u00eatre de gauche. Pour couper l\u2019herbe sous le pied \u00e0 l\u2019extr\u00eame droite et r\u00e9inventer des luttes, il faut en finir avec cette \u00e9cologie de la distinction sociale. Si, dans les semaines \u00e0 venir, de nouveaux barrages agricoles se forment, nous pourrions imaginer des cantines collectives ravitaillant <i>\u00ab<small class=\"fine d-inline\">\u00a0<\/small>ceux de l\u2019autre camp<small class=\"fine d-inline\">\u00a0<\/small>\u00bb<\/i><small class=\"fine d-inline\">\u00a0<\/small>?<\/p>\n<aside class=\"boite_encarts\">\n<div class=\"encart encart_vert noprint montre_1023\">\n<div class=\"infolettre-form-container noprint\">\n<p>Abonnez-vous \u00e0 la lettre d\u2019info de Reporterre<\/p>\n<\/div><\/div>\n<\/aside>\n<aside class=\"boite_apresarticle encart_note\">\n<h4>Apr\u00e8s cet article<\/h4>\n<p>      <a target=\"_blank\" href=\"https:\/\/reporterre.net\/Revenu-des-agriculteurs-cette-loi-espagnole-pourrait-inspirer-la-France\" class=\"lien_article\">\n      <picture class=\"vignette_gauche\"><source type=\"image\/webp\" srcset=\"https:\/\/reporterre.net\/https:\/\/reporterre.net\/local\/cache-gd2\/2f\/b3a6c87c63d604de2410ab7d532cd1.jpg@.webp?1731595080\"><img decoding=\"async\" src=\"https:\/\/reporterre.net\/local\/cache-gd2\/2f\/b3a6c87c63d604de2410ab7d532cd1.jpg?1731595080\" width=\"450\" height=\"300\" alt=\"\" class=\"marge12\" loading=\"lazy\"\/><br \/>\n<\/source><\/picture>\n<p class=\"libelle\">\n<p>          Entretien \u2014<\/p>\n<p>      Agriculture\n    <\/p>\n<p class=\"titre pol20\">Revenu des agriculteurs\u00a0: cette loi espagnole pourrait inspirer la France<\/p>\n<p>      <\/a><br \/>\n    <\/aside>\n<aside class=\"boite_complement texte\">\n<p>      <!-- zone_forum --><br \/>\n          <\/aside>\n<aside class=\"boite_lireaussi noprint\">\n<\/aside>\n<aside class=\"colonne\">\n<div class=\"article_info cache_1023 noprint\">\n<p>    <span class=\"date\">18 novembre 2024  \u00e0 16h21<\/span><\/p>\n<p class=\"duree_lecture\">\n        Dur\u00e9e de lecture : 5 minutes\n      <\/p>\n<\/p><\/div>\n<div class=\"bloc_infolettre\">\n<div class=\"infolettre-form-container noprint\">\n<p>Abonnez-vous \u00e0 la lettre d\u2019info de Reporterre<\/p>\n<\/div><\/div>\n<\/aside>\n<div id=\"galerie\">\n  <img decoding=\"async\" src=\"\" class=\"principale\" id=\"principale\"\/><\/p>\n<p id=\"legende\">legende<\/p>\n<\/div>\n<footer class=\"noprint\">\n<\/footer>\n<\/div>\n<p><br \/>\n<br \/><a href=\"https:\/\/reporterre.net\/Paysans-de-gauche-il-nous-faut-trahir-l-entre-soi\" target=\"_blank\"\">Source link <\/a><\/p>\n","protected":false},"excerpt":{"rendered":"<p>Mathieu Yon. \u00a9 Enzo Dubesset \/ Reporterre Le n\u00e9opaysan Mathieu Yon, install\u00e9 dans la Dr\u00f4me en tant que mara\u00eecher biologique en circuit court, est chroniqueur pour Reporterre. Depuis que je&hellip; <\/p>\n","protected":false},"author":1,"featured_media":403,"comment_status":"open","ping_status":"open","sticky":false,"template":"","format":"standard","meta":{"footnotes":""},"categories":[1],"tags":[],"class_list":["post-402","post","type-post","status-publish","format-standard","has-post-thumbnail","hentry","category-non-classe"],"_links":{"self":[{"href":"https:\/\/monde25.info\/index.php\/wp-json\/wp\/v2\/posts\/402","targetHints":{"allow":["GET"]}}],"collection":[{"href":"https:\/\/monde25.info\/index.php\/wp-json\/wp\/v2\/posts"}],"about":[{"href":"https:\/\/monde25.info\/index.php\/wp-json\/wp\/v2\/types\/post"}],"author":[{"embeddable":true,"href":"https:\/\/monde25.info\/index.php\/wp-json\/wp\/v2\/users\/1"}],"replies":[{"embeddable":true,"href":"https:\/\/monde25.info\/index.php\/wp-json\/wp\/v2\/comments?post=402"}],"version-history":[{"count":0,"href":"https:\/\/monde25.info\/index.php\/wp-json\/wp\/v2\/posts\/402\/revisions"}],"wp:featuredmedia":[{"embeddable":true,"href":"https:\/\/monde25.info\/index.php\/wp-json\/wp\/v2\/media\/403"}],"wp:attachment":[{"href":"https:\/\/monde25.info\/index.php\/wp-json\/wp\/v2\/media?parent=402"}],"wp:term":[{"taxonomy":"category","embeddable":true,"href":"https:\/\/monde25.info\/index.php\/wp-json\/wp\/v2\/categories?post=402"},{"taxonomy":"post_tag","embeddable":true,"href":"https:\/\/monde25.info\/index.php\/wp-json\/wp\/v2\/tags?post=402"}],"curies":[{"name":"wp","href":"https:\/\/api.w.org\/{rel}","templated":true}]}}