{"id":4022,"date":"2025-03-08T13:33:48","date_gmt":"2025-03-08T12:33:48","guid":{"rendered":"https:\/\/monde25.info\/index.php\/2025\/03\/08\/larmee-revendique-au-moins-73-terroristes-neutralises-dans-louest-du-pays-rt-en-francais\/"},"modified":"2025-03-08T13:33:48","modified_gmt":"2025-03-08T12:33:48","slug":"larmee-revendique-au-moins-73-terroristes-neutralises-dans-louest-du-pays-rt-en-francais","status":"publish","type":"post","link":"https:\/\/monde25.info\/index.php\/2025\/03\/08\/larmee-revendique-au-moins-73-terroristes-neutralises-dans-louest-du-pays-rt-en-francais\/","title":{"rendered":"l\u2019arm\u00e9e revendique au moins \u00ab73 terroristes neutralis\u00e9s\u00bb dans l\u2019ouest du pays \u2014 RT en fran\u00e7ais"},"content":{"rendered":"<p> <br \/>\n<br \/><img decoding=\"async\" src=\"https:\/\/mf.b37mrtl.ru\/french\/images\/2025.03\/thumbnail\/67cc2e2c87f3ec718b3d7a93.jpg\" \/><\/p>\n<div>\n<p class=\"text__summary\">\n                                        Un rapport de l\u2019arm\u00e9e du Burkina Faso, cit\u00e9 par la t\u00e9l\u00e9vision nationale RTB, a affirm\u00e9 que les militaires avaient neutralis\u00e9 plusieurs dizaines de terroristes pr\u00e9sum\u00e9s, parmi lesquels plusieurs cadres terroristes recherch\u00e9s du Groupe de soutien \u00e0 l\u2019islam et aux musulmans, lors d\u2019une op\u00e9ration men\u00e9e en f\u00e9vrier dernier.\n                                    <\/p>\n<p>La cha\u00eene officielle de Radiodiffusion t\u00e9l\u00e9vision du Burkina (RTB) a rapport\u00e9 que dans la matin\u00e9e du 10 f\u00e9vrier, un groupe de terroristes avait men\u00e9 une attaque contre un d\u00e9tachement des Forces combattantes burkinab\u00e9es, bas\u00e9 \u00e0 Djouroum, dans la commune de Tougan, dans la r\u00e9gion de la Boucle du Mouhoun \u00e0 l\u2019ouest du pays.<\/p>\n<p>\u00abLa r\u00e9action des \u00e9l\u00e9ments appuy\u00e9s par les vecteurs a\u00e9riens a permis d\u2019infliger de lourdes pertes aux assaillants. Le bilan fait \u00e9tat de 73 terroristes neutralis\u00e9s\u00bb, a fait savoir la m\u00eame source.<\/p>\n<h2>Des cadres terroristes \u00e9limin\u00e9s<\/h2>\n<p>Toujours selon la RTB, qui cite le rapport de l\u2019arm\u00e9e, plusieurs \u00abcadres terroristes [ont \u00e9t\u00e9]\u00a0mis hors d\u2019\u00e9tat de nuire\u00bb, parmi lesquels Djafar Lib\u00e9, Abou Seydou et surtout Sangar\u00e9 Kalirou, alias Abdoul Kalirou, membres du Groupe de soutien \u00e0 l\u2019islam et aux musulmans (GSIM), recherch\u00e9s depuis longtemps.<\/p>\n<p>Le GSIM est actif dans les for\u00eats de Koussoumsourou et \u00e0 Gassan, dans la province du Nayala, dans la r\u00e9gion de la Boucle du Mouhoun au Burkina Faso, selon la cha\u00eene de t\u00e9l\u00e9vision nationale.<\/p>\n<p>\u00c0 l&rsquo;instar de ses voisins de la r\u00e9gion du Sahel, notamment le Mali et le Niger, le Burkina Faso est confront\u00e9 depuis plusieurs ann\u00e9es au terrorisme. Les trois pays, qui ont cr\u00e9\u00e9 l\u2019Alliance des \u00c9tats du Sahel (AES), se sont engag\u00e9s dans une lutte commune contre la terreur apr\u00e8s le d\u00e9part des troupes fran\u00e7aises, dont la mission s&rsquo;est termin\u00e9e officiellement en f\u00e9vrier 2023 au Burkina Faso.<\/p>\n<\/div>\n<p><br \/>\n<br \/><a href=\"https:\/\/francais.rt.com\/afrique\/117717-burkina-faso-armee-revendique-73-terroristes-neutralises\" target=\"_blank\"\">Source link <\/a><\/p>\n","protected":false},"excerpt":{"rendered":"<p>Un rapport de l\u2019arm\u00e9e du Burkina Faso, cit\u00e9 par la t\u00e9l\u00e9vision nationale RTB, a affirm\u00e9 que les militaires avaient neutralis\u00e9 plusieurs dizaines de terroristes pr\u00e9sum\u00e9s, parmi lesquels plusieurs cadres terroristes&hellip; <\/p>\n","protected":false},"author":1,"featured_media":4023,"comment_status":"open","ping_status":"open","sticky":false,"template":"","format":"standard","meta":{"footnotes":""},"categories":[1],"tags":[],"class_list":["post-4022","post","type-post","status-publish","format-standard","has-post-thumbnail","hentry","category-non-classe"],"_links":{"self":[{"href":"https:\/\/monde25.info\/index.php\/wp-json\/wp\/v2\/posts\/4022","targetHints":{"allow":["GET"]}}],"collection":[{"href":"https:\/\/monde25.info\/index.php\/wp-json\/wp\/v2\/posts"}],"about":[{"href":"https:\/\/monde25.info\/index.php\/wp-json\/wp\/v2\/types\/post"}],"author":[{"embeddable":true,"href":"https:\/\/monde25.info\/index.php\/wp-json\/wp\/v2\/users\/1"}],"replies":[{"embeddable":true,"href":"https:\/\/monde25.info\/index.php\/wp-json\/wp\/v2\/comments?post=4022"}],"version-history":[{"count":0,"href":"https:\/\/monde25.info\/index.php\/wp-json\/wp\/v2\/posts\/4022\/revisions"}],"wp:featuredmedia":[{"embeddable":true,"href":"https:\/\/monde25.info\/index.php\/wp-json\/wp\/v2\/media\/4023"}],"wp:attachment":[{"href":"https:\/\/monde25.info\/index.php\/wp-json\/wp\/v2\/media?parent=4022"}],"wp:term":[{"taxonomy":"category","embeddable":true,"href":"https:\/\/monde25.info\/index.php\/wp-json\/wp\/v2\/categories?post=4022"},{"taxonomy":"post_tag","embeddable":true,"href":"https:\/\/monde25.info\/index.php\/wp-json\/wp\/v2\/tags?post=4022"}],"curies":[{"name":"wp","href":"https:\/\/api.w.org\/{rel}","templated":true}]}}