{"id":4024,"date":"2025-03-08T14:06:57","date_gmt":"2025-03-08T13:06:57","guid":{"rendered":"https:\/\/monde25.info\/index.php\/2025\/03\/08\/le-president-dechu-du-departement-de-la-somme-devra-rendre-son-logement-social-a-paris\/"},"modified":"2025-03-08T14:06:57","modified_gmt":"2025-03-08T13:06:57","slug":"le-president-dechu-du-departement-de-la-somme-devra-rendre-son-logement-social-a-paris","status":"publish","type":"post","link":"https:\/\/monde25.info\/index.php\/2025\/03\/08\/le-president-dechu-du-departement-de-la-somme-devra-rendre-son-logement-social-a-paris\/","title":{"rendered":"Le pr\u00e9sident d\u00e9chu du d\u00e9partement de la Somme devra rendre son logement social \u00e0 Paris"},"content":{"rendered":"<p> <br \/>\n<br \/>St\u00e9phane Haussoulier a re\u00e7u une assignation \u00e0 compara\u00eetre au tribunal de la part de la R\u00e9gie immobili\u00e8re de la ville de Paris, \u00e0 la suite des r\u00e9v\u00e9lations de Mediapart sur l\u2019appartement \u00e0 prix r\u00e9duit dont il b\u00e9n\u00e9ficie depuis vingt-cinq ans.<br \/>\n<br \/><br \/>\n<br \/><a href=\"https:\/\/www.mediapart.fr\/journal\/france\/080325\/le-president-dechu-du-departement-de-la-somme-devra-rendre-son-logement-social-paris\" target=\"_blank\"\">Source link <\/a><\/p>\n","protected":false},"excerpt":{"rendered":"<p>St\u00e9phane Haussoulier a re\u00e7u une assignation \u00e0 compara\u00eetre au tribunal de la part de la R\u00e9gie immobili\u00e8re de la ville de Paris, \u00e0 la suite des r\u00e9v\u00e9lations de Mediapart sur&hellip; <\/p>\n","protected":false},"author":1,"featured_media":4025,"comment_status":"open","ping_status":"open","sticky":false,"template":"","format":"standard","meta":{"footnotes":""},"categories":[1],"tags":[],"class_list":["post-4024","post","type-post","status-publish","format-standard","has-post-thumbnail","hentry","category-non-classe"],"_links":{"self":[{"href":"https:\/\/monde25.info\/index.php\/wp-json\/wp\/v2\/posts\/4024","targetHints":{"allow":["GET"]}}],"collection":[{"href":"https:\/\/monde25.info\/index.php\/wp-json\/wp\/v2\/posts"}],"about":[{"href":"https:\/\/monde25.info\/index.php\/wp-json\/wp\/v2\/types\/post"}],"author":[{"embeddable":true,"href":"https:\/\/monde25.info\/index.php\/wp-json\/wp\/v2\/users\/1"}],"replies":[{"embeddable":true,"href":"https:\/\/monde25.info\/index.php\/wp-json\/wp\/v2\/comments?post=4024"}],"version-history":[{"count":0,"href":"https:\/\/monde25.info\/index.php\/wp-json\/wp\/v2\/posts\/4024\/revisions"}],"wp:featuredmedia":[{"embeddable":true,"href":"https:\/\/monde25.info\/index.php\/wp-json\/wp\/v2\/media\/4025"}],"wp:attachment":[{"href":"https:\/\/monde25.info\/index.php\/wp-json\/wp\/v2\/media?parent=4024"}],"wp:term":[{"taxonomy":"category","embeddable":true,"href":"https:\/\/monde25.info\/index.php\/wp-json\/wp\/v2\/categories?post=4024"},{"taxonomy":"post_tag","embeddable":true,"href":"https:\/\/monde25.info\/index.php\/wp-json\/wp\/v2\/tags?post=4024"}],"curies":[{"name":"wp","href":"https:\/\/api.w.org\/{rel}","templated":true}]}}