{"id":4026,"date":"2025-03-08T14:39:30","date_gmt":"2025-03-08T13:39:30","guid":{"rendered":"https:\/\/monde25.info\/index.php\/2025\/03\/08\/genocide-a-gaza-la-france-sommee-de-sexpliquer-sur-sa-politique-etrangere-par-une-association-de-juristes\/"},"modified":"2025-03-08T14:39:30","modified_gmt":"2025-03-08T13:39:30","slug":"genocide-a-gaza-la-france-sommee-de-sexpliquer-sur-sa-politique-etrangere-par-une-association-de-juristes","status":"publish","type":"post","link":"https:\/\/monde25.info\/index.php\/2025\/03\/08\/genocide-a-gaza-la-france-sommee-de-sexpliquer-sur-sa-politique-etrangere-par-une-association-de-juristes\/","title":{"rendered":"G\u00e9nocide \u00e0 Gaza : la France somm\u00e9e de s&rsquo;expliquer sur sa politique \u00e9trang\u00e8re par une association de juristes"},"content":{"rendered":"<p> <br \/>\n<\/p>\n<div> <!--<![endif]--><br \/>\n<head><br \/>\n<meta http-equiv=\"Content-Type\" content=\"text\/html; charset=UTF-8\"\/><br \/>\n<meta name=\"viewport\" content=\"width=device-width, initial-scale=1, user-scalable=yes\"\/>\n<link rel=\"stylesheet\" id=\"wp-block-library-css\" href=\"https:\/\/c0.wp.com\/c\/6.7.2\/wp-includes\/css\/dist\/block-library\/style.min.css\" type=\"text\/css\" media=\"all\"\/><link rel=\"stylesheet\" id=\"mediaelement-css\" href=\"https:\/\/c0.wp.com\/c\/6.7.2\/wp-includes\/js\/mediaelement\/mediaelementplayer-legacy.min.css\" type=\"text\/css\" media=\"all\"\/><link rel=\"stylesheet\" id=\"wp-mediaelement-css\" href=\"https:\/\/c0.wp.com\/c\/6.7.2\/wp-includes\/js\/mediaelement\/wp-mediaelement.min.css\" type=\"text\/css\" media=\"all\"\/><link rel=\"stylesheet\" id=\"jnews-subscribe-css\" href=\"https:\/\/www.lelibrepenseur.org\/wp-content\/plugins\/jnews-subscribe-to-download\/assets\/css\/plugin.css?ver=11.0.1\" type=\"text\/css\" media=\"all\"\/><link rel=\"stylesheet\" id=\"dashicons-css\" href=\"https:\/\/c0.wp.com\/c\/6.7.2\/wp-includes\/css\/dashicons.min.css\" type=\"text\/css\" media=\"all\"\/><link rel=\"stylesheet\" id=\"woocommerce-layout-css\" href=\"https:\/\/c0.wp.com\/p\/woocommerce\/9.6.2\/assets\/css\/woocommerce-layout.css\" type=\"text\/css\" media=\"all\"\/><link rel=\"stylesheet\" id=\"woocommerce-smallscreen-css\" href=\"https:\/\/c0.wp.com\/p\/woocommerce\/9.6.2\/assets\/css\/woocommerce-smallscreen.css\" type=\"text\/css\" media=\"only screen and (max-width: 768px)\"\/><link rel=\"stylesheet\" id=\"woocommerce-general-css\" href=\"https:\/\/c0.wp.com\/p\/woocommerce\/9.6.2\/assets\/css\/woocommerce.css\" type=\"text\/css\" media=\"all\"\/><link rel=\"stylesheet\" id=\"brands-styles-css\" href=\"https:\/\/c0.wp.com\/p\/woocommerce\/9.6.2\/assets\/css\/brands.css\" type=\"text\/css\" media=\"all\"\/><link rel=\"stylesheet\" id=\"js_composer_front-css\" href=\"https:\/\/www.lelibrepenseur.org\/wp-content\/plugins\/js_composer\/assets\/css\/js_composer.min.css?ver=7.5\" type=\"text\/css\" media=\"all\"\/><link rel=\"stylesheet\" id=\"jeg_customizer_font-css\" href=\"https:\/\/fonts.googleapis.com\/css?family=Heebo%3Aregular%2C700%7CPoppins%3Aregular%2C500%2Cregular%2C600&amp;display=swap&amp;ver=1.3.0\" type=\"text\/css\" media=\"all\"\/><link rel=\"stylesheet\" id=\"jnews-frontend-css\" href=\"https:\/\/www.lelibrepenseur.org\/wp-content\/themes\/jnews\/assets\/dist\/frontend.min.css?ver=11.6.8\" type=\"text\/css\" media=\"all\"\/><link rel=\"stylesheet\" id=\"jnews-js-composer-css\" href=\"https:\/\/www.lelibrepenseur.org\/wp-content\/themes\/jnews\/assets\/css\/js-composer-frontend.css?ver=11.6.8\" type=\"text\/css\" media=\"all\"\/><link rel=\"stylesheet\" id=\"jnews-style-css\" href=\"https:\/\/www.lelibrepenseur.org\/wp-content\/themes\/jnews\/style.css?ver=11.6.8\" type=\"text\/css\" media=\"all\"\/><link rel=\"stylesheet\" id=\"jnews-darkmode-css\" href=\"https:\/\/www.lelibrepenseur.org\/wp-content\/themes\/jnews\/assets\/css\/darkmode.css,qver=11.6.8.pagespeed.ce.DwZiRwQkfX.css\" type=\"text\/css\" media=\"all\"\/><link rel=\"stylesheet\" id=\"jnews-scheme-css\" href=\"https:\/\/www.lelibrepenseur.org\/wp-content\/themes\/jnews\/data\/import\/bloomnews\/scheme.css?ver=11.6.8\" type=\"text\/css\" media=\"all\"\/><link rel=\"stylesheet\" id=\"sib-front-css-css\" href=\"https:\/\/www.lelibrepenseur.org\/wp-content\/plugins\/mailin\/css\/mailin-front.css?ver=6b32e2fe5c32433d5196f5cbf573dc2e\" type=\"text\/css\" media=\"all\"\/><link rel=\"stylesheet\" id=\"sharedaddy-css\" href=\"https:\/\/c0.wp.com\/p\/jetpack\/14.2.1\/modules\/sharedaddy\/sharing.css\" type=\"text\/css\" media=\"all\"\/><link rel=\"stylesheet\" id=\"social-logos-css\" href=\"https:\/\/c0.wp.com\/p\/jetpack\/14.2.1\/_inc\/social-logos\/social-logos.min.css\" type=\"text\/css\" media=\"all\"\/><link rel=\"stylesheet\" id=\"jnews-paywall-css\" href=\"https:\/\/www.lelibrepenseur.org\/wp-content\/plugins\/jnews-paywall\/assets\/css\/jpw-frontend.css?ver=11.6.3\" type=\"text\/css\" media=\"all\"\/><link rel=\"stylesheet\" id=\"jnews-social-login-style-css\" href=\"https:\/\/www.lelibrepenseur.org\/wp-content\/plugins\/jnews-social-login\/assets\/css\/plugin.css,qver=11.0.4.pagespeed.ce.fjvbjnvEYE.css\" type=\"text\/css\" media=\"all\"\/><link rel=\"stylesheet\" id=\"jnews-push-notification-css\" href=\"https:\/\/www.lelibrepenseur.org\/wp-content\/plugins\/jnews-push-notification\/assets\/css\/plugin.css,qver=11.0.0.pagespeed.ce.IVdSUtQ8cx.css\" type=\"text\/css\" media=\"all\"\/>\n<link rel=\"profile\" href=\"https:\/\/gmpg.org\/xfn\/11\"\/>\n<link rel=\"pingback\" href=\"https:\/\/www.lelibrepenseur.org\/xmlrpc.php\"\/>\n<meta name=\"robots\" content=\"index, follow, max-image-preview:large, max-snippet:-1, max-video-preview:-1\"\/><\/p>\n<p><title>G\u00e9nocide \u00e0 Gaza : la France somm\u00e9e de s&rsquo;expliquer sur sa politique \u00e9trang\u00e8re par une association de juristes &#8211; Le Libre Penseur<\/title><br \/>\n<meta name=\"description\" content=\"G\u00e9nocide \u00e0 Gaza : la France somm\u00e9e de s'expliquer sur sa politique \u00e9trang\u00e8re par une association de juristes\"\/>\n<link rel=\"canonical\" href=\"https:\/\/www.lelibrepenseur.org\/genocide-a-gaza-la-france-sommee-de-sexpliquer-sur-sa-politique-etrangere-par-une-association-de-juristes\/\"\/>\n<meta property=\"og:locale\" content=\"fr_FR\"\/><br \/>\n<meta property=\"og:type\" content=\"article\"\/><br \/>\n<meta property=\"og:title\" content=\"G\u00e9nocide \u00e0 Gaza : la France somm\u00e9e de s'expliquer sur sa politique \u00e9trang\u00e8re par une association de juristes - Le Libre Penseur\"\/><br \/>\n<meta property=\"og:description\" content=\"G\u00e9nocide \u00e0 Gaza : la France somm\u00e9e de s'expliquer sur sa politique \u00e9trang\u00e8re par une association de juristes\"\/><br \/>\n<meta property=\"og:url\" content=\"https:\/\/www.lelibrepenseur.org\/genocide-a-gaza-la-france-sommee-de-sexpliquer-sur-sa-politique-etrangere-par-une-association-de-juristes\/\"\/><br \/>\n<meta property=\"og:site_name\" content=\"Le Libre Penseur\"\/><br \/>\n<meta property=\"article:publisher\" content=\"https:\/\/www.facebook.com\/LeLibrePenseur.org\"\/><br \/>\n<meta property=\"article:published_time\" content=\"2025-03-08T12:52:19+00:00\"\/><br \/>\n<meta property=\"og:image\" content=\"https:\/\/www.lelibrepenseur.org\/wp-content\/uploads\/2025\/03\/Genocide-Gaza2.jpg\"\/><br \/>\n<meta property=\"og:image:width\" content=\"709\"\/><br \/>\n<meta property=\"og:image:height\" content=\"471\"\/><br \/>\n<meta property=\"og:image:type\" content=\"image\/jpeg\"\/><br \/>\n<meta name=\"author\" content=\"Aguellid\"\/><br \/>\n<meta name=\"twitter:card\" content=\"summary_large_image\"\/><br \/>\n<meta name=\"twitter:creator\" content=\"@LLP_Le_Vrai\"\/><br \/>\n<meta name=\"twitter:site\" content=\"@LLP_Le_Vrai\"\/><br \/>\n<meta name=\"twitter:label1\" content=\"\u00c9crit par\"\/><br \/>\n<meta name=\"twitter:data1\" content=\"Aguellid\"\/><br \/>\n<meta name=\"twitter:label2\" content=\"Dur\u00e9e de lecture estim\u00e9e\"\/><br \/>\n<meta name=\"twitter:data2\" content=\"1 minute\"\/><\/p>\n<link rel=\"dns-prefetch\" href=\"https:\/\/stats.wp.com\"\/>\n<link rel=\"dns-prefetch\" href=\"https:\/\/fonts.googleapis.com\"\/>\n<link rel=\"preconnect\" href=\"https:\/\/i0.wp.com\"\/>\n<link rel=\"preconnect\" href=\"https:\/\/c0.wp.com\"\/>\n<link rel=\"preconnect\" href=\"https:\/\/fonts.gstatic.com\"\/>\n<link rel=\"alternate\" type=\"application\/rss+xml\" title=\"Le Libre Penseur \u00bb Flux\" href=\"https:\/\/www.lelibrepenseur.org\/feed\/\"\/>\n<link rel=\"alternate\" type=\"application\/rss+xml\" title=\"Le Libre Penseur \u00bb Flux des commentaires\" href=\"https:\/\/www.lelibrepenseur.org\/comments\/feed\/\"\/>\n<link rel=\"alternate\" type=\"application\/rss+xml\" title=\"Le Libre Penseur \u00bb G\u00e9nocide \u00e0 Gaza : la France somm\u00e9e de s\u2019expliquer sur sa politique \u00e9trang\u00e8re par une association de juristes Flux des commentaires\" href=\"https:\/\/www.lelibrepenseur.org\/genocide-a-gaza-la-france-sommee-de-sexpliquer-sur-sa-politique-etrangere-par-une-association-de-juristes\/feed\/\"\/>\n<link rel=\"https:\/\/api.w.org\/\" href=\"https:\/\/www.lelibrepenseur.org\/wp-json\/\"\/><link rel=\"alternate\" title=\"JSON\" type=\"application\/json\" href=\"https:\/\/www.lelibrepenseur.org\/wp-json\/wp\/v2\/posts\/6052687\"\/><link rel=\"EditURI\" type=\"application\/rsd+xml\" title=\"RSD\" href=\"https:\/\/www.lelibrepenseur.org\/xmlrpc.php?rsd\"\/>\n<link rel=\"shortlink\" href=\"https:\/\/www.lelibrepenseur.org\/?p=6052687\"\/>\n<link rel=\"alternate\" title=\"oEmbed (JSON)\" type=\"application\/json+oembed\" href=\"https:\/\/www.lelibrepenseur.org\/wp-json\/oembed\/1.0\/embed?url=https%3A%2F%2Fwww.lelibrepenseur.org%2Fgenocide-a-gaza-la-france-sommee-de-sexpliquer-sur-sa-politique-etrangere-par-une-association-de-juristes%2F\"\/>\n<link rel=\"alternate\" title=\"oEmbed (XML)\" type=\"text\/xml+oembed\" href=\"https:\/\/www.lelibrepenseur.org\/wp-json\/oembed\/1.0\/embed?url=https%3A%2F%2Fwww.lelibrepenseur.org%2Fgenocide-a-gaza-la-france-sommee-de-sexpliquer-sur-sa-politique-etrangere-par-une-association-de-juristes%2F&amp;format=xml\"\/>\n<noscript\/><br \/>\n<meta name=\"generator\" content=\"Powered by WPBakery Page Builder - drag and drop page builder for WordPress.\"\/><\/p>\n<link rel=\"icon\" href=\"https:\/\/i0.wp.com\/www.lelibrepenseur.org\/wp-content\/uploads\/2021\/10\/cropped-cropped-Logo-LLP.png?fit=32%2C32&amp;ssl=1\" sizes=\"32x32\"\/>\n<link rel=\"icon\" href=\"https:\/\/i0.wp.com\/www.lelibrepenseur.org\/wp-content\/uploads\/2021\/10\/cropped-cropped-Logo-LLP.png?fit=192%2C192&amp;ssl=1\" sizes=\"192x192\"\/>\n<link rel=\"apple-touch-icon\" href=\"https:\/\/i0.wp.com\/www.lelibrepenseur.org\/wp-content\/uploads\/2021\/10\/cropped-cropped-Logo-LLP.png?fit=180%2C180&amp;ssl=1\"\/>\n<meta name=\"msapplication-TileImage\" content=\"https:\/\/i0.wp.com\/www.lelibrepenseur.org\/wp-content\/uploads\/2021\/10\/cropped-cropped-Logo-LLP.png?fit=270%2C270&amp;ssl=1\"\/><br \/>\n<noscript\/><\/head><br \/>\n<body data-rsssl=\"1\" class=\"post-template-default single single-post postid-6052687 single-format-standard wp-custom-logo wp-embed-responsive theme-jnews woocommerce-no-js jeg_toggle_light jeg_single_tpl_1 jnews jsc_normal wpb-js-composer js-comp-ver-7.5 vc_non_responsive\" id=\"wp_automatic_ReadabilityBody\"><noscript><meta http-equiv=\"refresh\" content=\"0;url=\" https:=\"\"\/><\/p>\n<div style=\"display:block\">Please click <a target=\"_blank\" href=\"https:\/\/www.lelibrepenseur.org\/genocide-a-gaza-la-france-sommee-de-sexpliquer-sur-sa-politique-etrangere-par-une-association-de-juristes\/?PageSpeed=noscript\">here<\/a> if you are not redirected within a few seconds.<\/div>\n<p><\/noscript><\/p>\n<div class=\"jeg_viewport\">\n<div class=\"post-wrapper\">\n<div class=\"post-wrap\">\n<div class=\"jeg_main \">\n<div class=\"jeg_container\">\n<div class=\"jeg_content jeg_singlepage\">\n<div class=\"container\">\n<div class=\"row\">\n<div class=\"jeg_main_content col-md-8\">\n<div class=\"jeg_inner_content\">\n<div class=\"jeg_featured featured_image \"><a target=\"_blank\" href=\"https:\/\/i0.wp.com\/www.lelibrepenseur.org\/wp-content\/uploads\/2025\/03\/Genocide-Gaza2.jpg?fit=709%2C471&amp;ssl=1\"><\/p>\n<div class=\"thumbnail-container animate-lazy\" style=\"padding-bottom:52.891%\"><img width=\"709\" height=\"375\" class=\"attachment-jnews-750x375 size-jnews-750x375 lazyload wp-post-image\" alt=\"G\u00e9nocide \u00e0 Gaza : la France somm\u00e9e de s\u2019expliquer sur sa politique \u00e9trang\u00e8re par une association de juristes\" decoding=\"async\" loading=\"lazy\" data-attachment-id=\"6052688\" data-permalink=\"https:\/\/www.lelibrepenseur.org\/genocide-a-gaza-la-france-sommee-de-sexpliquer-sur-sa-politique-etrangere-par-une-association-de-juristes\/genocide-gaza2\/\" data-orig-file=\"https:\/\/i0.wp.com\/www.lelibrepenseur.org\/wp-content\/uploads\/2025\/03\/Genocide-Gaza2.jpg?fit=709%2C471&amp;ssl=1\" data-orig-size=\"709,471\" data-comments-opened=\"1\" data-image-meta=\"{&quot;aperture&quot;:&quot;0&quot;,&quot;credit&quot;:&quot;DELL&quot;,&quot;camera&quot;:&quot;&quot;,&quot;caption&quot;:&quot;&quot;,&quot;created_timestamp&quot;:&quot;1741438724&quot;,&quot;copyright&quot;:&quot;&quot;,&quot;focal_length&quot;:&quot;0&quot;,&quot;iso&quot;:&quot;0&quot;,&quot;shutter_speed&quot;:&quot;0&quot;,&quot;title&quot;:&quot;&quot;,&quot;orientation&quot;:&quot;0&quot;}\" data-image-title=\"G\u00e9nocide Gaza2\" data-image-description=\"\" data-image-caption=\"\" data-medium-file=\"https:\/\/i0.wp.com\/www.lelibrepenseur.org\/wp-content\/uploads\/2025\/03\/Genocide-Gaza2.jpg?fit=300%2C199&amp;ssl=1\" data-large-file=\"https:\/\/i0.wp.com\/www.lelibrepenseur.org\/wp-content\/uploads\/2025\/03\/Genocide-Gaza2.jpg?fit=709%2C471&amp;ssl=1\" src=\"https:\/\/i0.wp.com\/www.lelibrepenseur.org\/wp-content\/uploads\/2025\/03\/Genocide-Gaza2.jpg?resize=709%2C375&amp;ssl=1\" srcset=\"\" data-sizes=\"auto\" data-expand=\"700\"\/><\/div>\n<p><\/a><\/div>\n<div class=\"entry-content no-share\">\n<div class=\"content-inner \">\n<div class=\"intro-text\">\n<p><span class=\"dropcap \" style=\"background-color: #ffffff; color: #000000; border-color: #ffffff;\"><strong>V<\/strong><\/span>oici encore une fois la d\u00e9monstration de l\u2019hypocrisie ph\u00e9nom\u00e9nale du gouvernement fran\u00e7ais. La d\u00e9monstration de la soumission path\u00e9tique de l\u2019\u00c9lys\u00e9e au sionisme. Alors que tout le monde a pu constater les gesticulations st\u00e9riles d\u2019Emmanuel macron concernant la guerre en Ukraine, tout le monde peut constater l\u2019inverse concernant le g\u00e9nocide \u00e0 Gaza. D\u2019autant que l\u2019entit\u00e9 sioniste g\u00e9nocidaire pi\u00e9tine tous les accords qu\u2019elle a sign\u00e9s que ce soit \u00e0 Gaza au sud Liban qu\u2019elle continue de bombarder. Pourtant, Paris s\u2019est engag\u00e9 \u00e0 faire respecter cet accord entre l\u2019entit\u00e9 sioniste et le Liban. Concernant Gaza, tout le monde a compris que macron \u00e9tait le laquais de Tel-Aviv et qu\u2019il ne comptait pas r\u00e9agir en laissant faire le g\u00e9nocide, se rendant ainsi complice.<\/p>\n<\/div>\n<hr\/>\n<div class=\"Article_elementTextblockarray__WNyan\">\n<blockquote>\n<p><strong><span class=\"dropcap \" style=\"background-color: #ffffff; color: #1e73be; border-color: #ffffff;\">U<\/span>ne association de juristes a \u00ab mis en demeure \u00bb la France vendredi pour qu\u2019elle prenne des mesures \u00ab visant \u00e0 pr\u00e9venir le crime de g\u00e9nocide \u00e0 Gaza \u00bb, a-t-on appris aupr\u00e8s du conseil de l\u2019association qui rassemble des avocats, magistrats et juristes, Me Vincent Brengarth.<\/strong><\/p>\n<\/blockquote>\n<\/div>\n<blockquote>\n<div class=\"Article_elementTextblockarray__WNyan\">\n<p><span style=\"color: #000000;\">\u00ab Nous sommes contraints d\u2019adresser ce jour \u00e0 l\u2019\u00c9tat fran\u00e7ais une mise en demeure (afin) de nous indiquer la mani\u00e8re dont il a, par des mesures concr\u00e8tes, mis en \u0153uvre depuis le 26 janvier 2024, l\u2019obligation de pr\u00e9venir la commission du crime de g\u00e9nocide par l\u2019\u00c9tat d\u2019Isra\u00ebl dans la bande de Gaza \u00bb, a \u00e9crit l\u2019Association des juristes fran\u00e7ais pour le respect du droit international (Jurdi) dans une lettre adress\u00e9e au chef de l\u2019\u00c9tat.<\/span><\/p>\n<\/div>\n<div class=\"Article_elementCrosshead__b9pyw\">\n<p class=\"crosshead_crosshead__MxhCQ crosshead_siteAreaNews__x10eM crosshead_typeStandard__szEKi\" data-testid=\"Crosshead\"><strong>Courriers rest\u00e9s \u00ab sans r\u00e9ponse \u00bb<\/strong><\/p>\n<\/div>\n<div class=\"Article_elementTextblockarray__WNyan\">\n<p><span style=\"color: #000000;\">Une mise en demeure est l\u2019\u00e9tape pr\u00e9c\u00e9dant la saisie \u00e9ventuelle d\u2019une juridiction comp\u00e9tente. L\u2019association a regrett\u00e9 que ses pr\u00e9c\u00e9dents courriers soient rest\u00e9s \u00ab sans r\u00e9ponse \u00bb. \u00ab Nous regrettons ce silence, qui nous appara\u00eet en profond d\u00e9calage avec les engagements de la France \u00bb, estime l\u2019association.<\/span><\/p>\n<\/div>\n<div class=\"Article_elementAd__7Cafs\">\n<div id=\"inside-full-content-pos1\" class=\"ad_adContainer__ZwuBB ad_isHidden__PC8mS\" data-ad-unit-id=\"\/23178153471\/fr-20minutes.ch\/inside-full-content-pos1\/monde\/conflit-israel-hamas-au-proche-orient\" data-testid=\"Ad\" data-google-query-id=\"COjbxfe2-osDFe0pBgAdoHcN3A\">\n<p><span style=\"color: #000000;\">\u00ab La mise en \u0153uvre de l\u2019obligation de pr\u00e9vention du crime de g\u00e9nocide implique de s\u2019assurer de n\u2019apporter aucune aide et assistance \u00e0 la commission de ce crime, ce qui implique de s\u2019assurer que l\u2019\u00c9tat, les acteurs publics et priv\u00e9s fran\u00e7ais ne soient associ\u00e9s d\u2019aucune fa\u00e7on \u00e0 la commission de ce crime de g\u00e9nocide \u00bb, indique l\u2019association dans sa lettre.<\/span><\/p>\n<\/div>\n<\/div>\n<div class=\"Article_elementTextblockarray__WNyan\">\n<p><span style=\"color: #000000;\">En janvier 2024, la Cour internationale de justice avait somm\u00e9 Isra\u00ebl de pr\u00e9venir tout \u00e9ventuel acte de g\u00e9nocide et de permettre l\u2019acc\u00e8s de l\u2019aide humanitaire dans la bande de Gaza. Au moins 48\u2019446 Palestiniens, majoritairement des civils, ont \u00e9t\u00e9 tu\u00e9s \u00e0 Gaza dans la campagne de repr\u00e9sailles de l\u2019arm\u00e9e isra\u00e9lienne, selon les chiffres du gouvernement du Hamas \u00e0 Gaza, fiables selon l\u2019ONU.<\/span><\/p>\n<\/div>\n<hr\/>\n<h6>Photo d\u2019illustration : \u00ab Nous regrettons ce silence, qui nous appara\u00eet en profond d\u00e9calage avec les engagements de la France \u00bb, estime l\u2019association.\u00a0<span class=\"sc-d47814d6-3 bmEwwn\">AFP<\/span><\/h6>\n<hr\/>\n<p><a target=\"_blank\" href=\"https:\/\/www.20min.ch\/fr\/story\/france-la-france-mise-en-demeure-afin-de-prevenir-le-genocide-a-gaza-103297014?s=03\">20 minutes [Suisse]<\/a><\/p>\n<h6><span class=\"sc-5f177d4e-0 kpgLAl\">(afp\/rk)<\/span><\/h6>\n<h6>7 mars 2025<\/h6>\n<\/blockquote>\n<\/div>\n<\/div>\n<\/div>\n<\/div><\/div>\n<\/div>\n<\/div>\n<\/div>\n<\/div>\n<\/div>\n<\/div>\n<\/div>\n<div id=\"jeg_off_canvas\" class=\"normal\">\n<div class=\"jeg_mobile_wrapper\">\n<div class=\"nav_wrap\">\n<div class=\"item_main\">\n<div class=\"jeg_aside_item jeg_search_wrapper jeg_search_no_expand square\">\n<a target=\"_blank\" href=\"#\" aria-label=\"Search Button\" class=\"jeg_search_toggle\"><i class=\"fa fa-search\"\/><\/a><\/p>\n<div class=\"jeg_search_result jeg_search_hide with_result\">\n<p>\nPas de R\u00e9sultats <\/p>\n<p>\n<i class=\"fa fa-search\"\/> Voir tous les r\u00e9sultats <\/p>\n<\/div>\n<\/div><\/div>\n<\/div><\/div>\n<\/div>\n<p><!--[if lt IE 9]>\n\n<![endif]--><\/p>\n<p><\/body>\n<\/div>\n<p><br \/>\n<br \/><a href=\"https:\/\/www.lelibrepenseur.org\/genocide-a-gaza-la-france-sommee-de-sexpliquer-sur-sa-politique-etrangere-par-une-association-de-juristes\/\" target=\"_blank\"\">Source link <\/a><\/p>\n","protected":false},"excerpt":{"rendered":"<p>G\u00e9nocide \u00e0 Gaza : la France somm\u00e9e de s&rsquo;expliquer sur sa politique \u00e9trang\u00e8re par une association de juristes &#8211; Le Libre Penseur Please click here if you are not redirected&hellip; <\/p>\n","protected":false},"author":1,"featured_media":4027,"comment_status":"open","ping_status":"open","sticky":false,"template":"","format":"standard","meta":{"footnotes":""},"categories":[1],"tags":[],"class_list":["post-4026","post","type-post","status-publish","format-standard","has-post-thumbnail","hentry","category-non-classe"],"_links":{"self":[{"href":"https:\/\/monde25.info\/index.php\/wp-json\/wp\/v2\/posts\/4026","targetHints":{"allow":["GET"]}}],"collection":[{"href":"https:\/\/monde25.info\/index.php\/wp-json\/wp\/v2\/posts"}],"about":[{"href":"https:\/\/monde25.info\/index.php\/wp-json\/wp\/v2\/types\/post"}],"author":[{"embeddable":true,"href":"https:\/\/monde25.info\/index.php\/wp-json\/wp\/v2\/users\/1"}],"replies":[{"embeddable":true,"href":"https:\/\/monde25.info\/index.php\/wp-json\/wp\/v2\/comments?post=4026"}],"version-history":[{"count":0,"href":"https:\/\/monde25.info\/index.php\/wp-json\/wp\/v2\/posts\/4026\/revisions"}],"wp:featuredmedia":[{"embeddable":true,"href":"https:\/\/monde25.info\/index.php\/wp-json\/wp\/v2\/media\/4027"}],"wp:attachment":[{"href":"https:\/\/monde25.info\/index.php\/wp-json\/wp\/v2\/media?parent=4026"}],"wp:term":[{"taxonomy":"category","embeddable":true,"href":"https:\/\/monde25.info\/index.php\/wp-json\/wp\/v2\/categories?post=4026"},{"taxonomy":"post_tag","embeddable":true,"href":"https:\/\/monde25.info\/index.php\/wp-json\/wp\/v2\/tags?post=4026"}],"curies":[{"name":"wp","href":"https:\/\/api.w.org\/{rel}","templated":true}]}}