{"id":4028,"date":"2025-03-08T15:13:19","date_gmt":"2025-03-08T14:13:19","guid":{"rendered":"https:\/\/monde25.info\/index.php\/2025\/03\/08\/la-france-lallemagne-et-la-pologne-se-disputent-le-leadership-de-leurope-post-conflit-les-moutons-enrages\/"},"modified":"2025-03-08T15:13:19","modified_gmt":"2025-03-08T14:13:19","slug":"la-france-lallemagne-et-la-pologne-se-disputent-le-leadership-de-leurope-post-conflit-les-moutons-enrages","status":"publish","type":"post","link":"https:\/\/monde25.info\/index.php\/2025\/03\/08\/la-france-lallemagne-et-la-pologne-se-disputent-le-leadership-de-leurope-post-conflit-les-moutons-enrages\/","title":{"rendered":"La France, l\u2019Allemagne et la Pologne se disputent le leadership de l\u2019Europe post-conflit \u2013 Les moutons enrag\u00e9s"},"content":{"rendered":"<p> <br \/>\n<\/p>\n<div>\n<p>Par Andrew KORYBKO pour <a target=\"_blank\" href=\"https:\/\/korybko-substack-com.translate.goog\/p\/france-germany-and-poland-are-competing?_x_tr_sl=auto&amp;_x_tr_tl=fr&amp;_x_tr_hl=fr&amp;_x_tr_hist=true\" data-type=\"link\" data-id=\"https:\/\/korybko-substack-com.translate.goog\/p\/france-germany-and-poland-are-competing?_x_tr_sl=auto&amp;_x_tr_tl=fr&amp;_x_tr_hl=fr&amp;_x_tr_hist=true\">Substack<\/a><\/p>\n<div class=\"wp-block-image\">\n<figure class=\"aligncenter size-large is-resized\"><img fetchpriority=\"high\" decoding=\"async\" width=\"440\" height=\"330\" src=\"https:\/\/lesmoutonsenrages.fr\/wp-content\/uploads\/2025\/03\/image-37-440x330.png\" alt=\"\" class=\"wp-image-165799\" style=\"width:363px;height:auto\" srcset=\"https:\/\/lesmoutonsenrages.fr\/wp-content\/uploads\/2025\/03\/image-37-440x330.png 440w, https:\/\/lesmoutonsenrages.fr\/wp-content\/uploads\/2025\/03\/image-37-250x188.png 250w, https:\/\/lesmoutonsenrages.fr\/wp-content\/uploads\/2025\/03\/image-37-768x576.png 768w, https:\/\/lesmoutonsenrages.fr\/wp-content\/uploads\/2025\/03\/image-37-150x113.png 150w, https:\/\/lesmoutonsenrages.fr\/wp-content\/uploads\/2025\/03\/image-37.png 800w\" sizes=\"(max-width: 440px) 100vw, 440px\"\/><\/figure>\n<\/div>\n<p><strong>L\u2019interaction entre eux, la Russie et les \u00c9tats-Unis d\u00e9terminera l\u2019architecture de s\u00e9curit\u00e9 future du continent.<\/strong><\/p>\n<p><a target=\"_blank\" href=\"https:\/\/apnews.com\/article\/french-president-macron-tariffs-nuclear-206478d8bd7ccb20eb79b60c30af018b\">La d\u00e9claration <\/a>du pr\u00e9sident fran\u00e7ais Macron mercredi selon laquelle il envisage d\u2019\u00e9tendre le parapluie nucl\u00e9aire de son pays \u00e0 d\u2019autres alli\u00e9s continentaux montre qu\u2019il lance le gant \u00e0 l\u2019Allemagne et \u00e0 la Pologne pour le leadership de <a target=\"_blank\" href=\"https:\/\/thealtworld.com\/andrew_korybko\/heres-what-i-learned-from-analyzing-the-new-cold-war-every-day-for-three-years-straight\">l\u2019Europe post-conflit <\/a>. Le chancelier allemand sortant Scholz a publi\u00e9 en d\u00e9cembre 2022 un <a target=\"_blank\" href=\"https:\/\/korybko.substack.com\/p\/olaf-scholzs-manifesto-for-foreign\">manifeste h\u00e9g\u00e9monique <\/a>qui a ensuite pris la forme de ce que l\u2019on peut d\u00e9crire comme \u00ab <a target=\"_blank\" href=\"https:\/\/korybko.substack.com\/p\/germany-is-rebuilding-fortress-europe\">l\u2019Europe forteresse <\/a>\u00bb, qui fait r\u00e9f\u00e9rence \u00e0 la tentative men\u00e9e par l\u2019Allemagne de diriger l\u2019endiguement de la Russie par l\u2019Europe.<\/p>\n<p><span id=\"more-165798\"\/><\/p>\n<p>Ce concept suppose que la Pologne <a target=\"_blank\" href=\"https:\/\/korybko.substack.com\/p\/poland-is-poised-to-play-an-important\">se subordonne <\/a>\u00e0 l\u2019Allemagne, ce qui s\u2019est produit au cours du premier semestre de l\u2019ann\u00e9e derni\u00e8re, mais s\u2019est ensuite ralenti lorsque la coalition lib\u00e9rale-mondialiste au pouvoir a commenc\u00e9 \u00e0 adopter une approche plus populiste-nationaliste envers l\u2019Ukraine avant l\u2019\u00e9lection pr\u00e9sidentielle de mai. M\u00eame si ce concept a commenc\u00e9 de mani\u00e8re peu sinc\u00e8re, il a depuis pris vie et a cr\u00e9\u00e9 une nouvelle dynamique dans les circonstances r\u00e9centes provoqu\u00e9es par le retour de Trump, selon lesquelles \u00ab <a target=\"_blank\" href=\"https:\/\/korybko.substack.com\/p\/poland-is-once-again-poised-to-become\">la Pologne est \u00e0 nouveau sur le point de devenir le premier partenaire des \u00c9tats-Unis en Europe <\/a>\u00bb.<\/p>\n<p>La Pologne est la <a target=\"_blank\" href=\"https:\/\/www.worldbank.org\/en\/country\/poland#:~:text=Poland%20is%20the%20largest%20economy%20in%20Central%20Europe.\">plus grande \u00e9conomie <\/a>des pays de l\u2019Est de l\u2019UE, elle poss\u00e8de <a target=\"_blank\" href=\"https:\/\/notesfrompoland.com\/2024\/07\/16\/poland-has-natos-third-largest-military-new-figures-show\/\">la troisi\u00e8me plus grande <\/a>arm\u00e9e de l\u2019OTAN et elle a toujours cherch\u00e9 \u00e0 \u00eatre l\u2019alli\u00e9 le plus fiable des \u00c9tats-Unis, ce dernier point jouant en sa faveur dans le contexte de la <a target=\"_blank\" href=\"https:\/\/korybko.substack.com\/p\/itll-be-a-lot-easier-said-than-done\">fracture transatlantique <\/a>. Si ces tendances se maintiennent, la Pologne pourrait emp\u00eacher la France ou l\u2019Allemagne de diriger l\u2019Europe d\u2019apr\u00e8s-conflit en se cr\u00e9ant une sph\u00e8re d\u2019influence soutenue par les \u00c9tats-Unis en Europe centrale, mais elle aurait une chance de prendre le leadership \u00e0 part enti\u00e8re si les conservateurs ou les populistes arrivaient au pouvoir.<\/p>\n<p>La s\u00e9quence d\u2019\u00e9v\u00e9nements qui devrait se d\u00e9rouler commencerait par la victoire de l\u2019un ou l\u2019autre des deux \u00e0 la pr\u00e9sidence, ce qui pousserait les lib\u00e9raux-mondialistes davantage dans leur direction avant les \u00e9lections parlementaires de l\u2019automne 2027, ou par la tenue d\u2019\u00e9lections anticip\u00e9es sous un pr\u00e9texte quelconque et ensuite remport\u00e9es par les conservateurs ou les populistes. L\u2019ancien gouvernement conservateur de la Pologne \u00e9tait tr\u00e8s imparfait, mais son pays a servi de bastion aux euror\u00e9alistes (g\u00e9n\u00e9ralement d\u00e9crits par les m\u00e9dias grand public comme des eurosceptiques) pendant ces huit ann\u00e9es.<\/p>\n<p>Si la Pologne devait reprendre ce r\u00f4le apr\u00e8s le retour des conservateurs au pouvoir au parlement, peut-\u00eatre dans le cadre d\u2019une coalition avec les populistes, cela correspondrait parfaitement \u00e0 la vision de Trump et pourrait conduire la Pologne \u00e0 mener des processus politiques nationaux similaires sur tout le continent ou au moins dans sa propre r\u00e9gion. M\u00eame si seul le deuxi\u00e8me sc\u00e9nario mentionn\u00e9 se mat\u00e9rialisait, il emp\u00eacherait de mani\u00e8re plus efficace la France ou l\u2019Allemagne lib\u00e9rales-mondialistes de diriger l\u2019Europe dans son ensemble en la divisant en deux moiti\u00e9s id\u00e9ologiquement concurrentes.<\/p>\n<p>Les armes nucl\u00e9aires fran\u00e7aises sont un atout dans la manche de la France, qui pourrait lui permettre de maintenir sous l\u2019emprise des lib\u00e9raux-mondialistes certaines soci\u00e9t\u00e9s conservatrices ou populistes, en \u00e9tendant son parapluie \u00e0 ces pays qui craignent une invasion russe mais qui seront ensuite abandonn\u00e9s par les Etats-Unis. Cela pourrait contribuer \u00e0 remodeler l\u2019opinion de certains \u00e9lecteurs s\u2019ils se sentent d\u00e9pendants de la France et d\u00e9cident ainsi de lui montrer leur fid\u00e9lit\u00e9 en maintenant au pouvoir leurs gouvernements id\u00e9ologiquement align\u00e9s au lieu de les changer.<\/p>\n<p>Cela ne signifie pas que la France r\u00e9ussira, mais ce qui a \u00e9t\u00e9 expliqu\u00e9 ci-dessus explique la proposition in\u00e9dite de Macron dans le contexte des ambitions de grande puissance de son pays \u00e0 ce moment historique. \u00c0 cet \u00e9gard, beaucoup d\u00e9pendra probablement de l\u2019issue de la crise politique int\u00e9rieure en Roumanie, sur laquelle les lecteurs peuvent en apprendre davantage <a target=\"_blank\" href=\"https:\/\/thealtworld.com\/andrew_korybko\/romania-is-at-the-center-of-the-struggle-between-liberal-globalists-populist-nationalists\">ici <\/a>, car le coup d\u2019\u00c9tat lib\u00e9ral-mondialiste contre le favori populiste-nationaliste lors des \u00e9lections de mai pourrait renforcer davantage l\u2019influence fran\u00e7aise dans cet \u00c9tat de premi\u00e8re ligne g\u00e9ostrat\u00e9gique.<\/p>\n<p>Peu de gens le savent, mais la France y a d\u00e9j\u00e0 d\u00e9ploy\u00e9 <a target=\"_blank\" href=\"https:\/\/web.archive.org\/web\/20230127094814\/https:\/www.reuters.com\/world\/europe\/with-troops-romania-france-seeks-capitalise-military-ties-2023-01-27\/\">des centaines de soldats <\/a>, o\u00f9 elle dirige un groupement tactique de l\u2019OTAN. Elle a \u00e9galement <a target=\"_blank\" href=\"https:\/\/www.rt.com\/russia\/593988-moldova-france-sign-defense-accord\/\">sign\u00e9 un pacte de d\u00e9fense <\/a>avec la Moldavie voisine en mars 2024, qui pourrait hypoth\u00e9tiquement inclure le d\u00e9ploiement de troupes dans ce pays \u00e9galement. La pr\u00e9sence militaire de la France dans le sud-est de l\u2019Europe la place dans une <a target=\"_blank\" href=\"https:\/\/korybko.substack.com\/p\/france-will-likely-seek-to-secure\">position privil\u00e9gi\u00e9e <\/a>pour intervenir de mani\u00e8re conventionnelle en Ukraine si elle le souhaite, que ce soit avant ou apr\u00e8s la fin des hostilit\u00e9s, et sugg\u00e8re que Macron se concentrera sur cette r\u00e9gion pour \u00e9tendre son influence.<\/p>\n<p>Si des progr\u00e8s sont r\u00e9alis\u00e9s, trois autres sc\u00e9narios seraient possibles. Le premier serait que la Pologne et la France se fassent concurrence en Europe centrale, la premi\u00e8re \u00e9tendant son emprise sur les pays baltes tandis que la seconde ferait de m\u00eame sur l\u2019Europe du Sud-Est (au sein de laquelle la Moldavie est incluse dans ce contexte en raison de ses liens \u00e9troits avec la Roumanie), tripartitionnant ainsi l\u2019Europe entre elle et l\u2019Allemagne. Dans ce sc\u00e9nario, l\u2019Allemagne aurait \u00e9galement une certaine influence sur chaque r\u00e9gion d\u2019Europe centrale, mais elle ne serait pas pr\u00e9dominante.<\/p>\n<p>Le deuxi\u00e8me sc\u00e9nario est celui d\u2019une coop\u00e9ration entre la Pologne et la France, partenaires historiques depuis le d\u00e9but du XIXe si\u00e8cle, en Europe centrale, qui se r\u00e9partit de mani\u00e8re informelle les pays baltes et l\u2019Europe du Sud-Est, afin de diviser l\u2019Europe de mani\u00e8re asym\u00e9trique en deux moiti\u00e9s imparfaitement allemande et polono-franco-fran\u00e7aise. La partie polonaise resterait soit partiellement sous l\u2019influence des \u00c9tats-Unis si la Pologne continue de s\u2019aligner sur les \u00c9tats-Unis m\u00eame sous le r\u00e9gime des lib\u00e9raux-mondialistes, soit les lib\u00e9raux-mondialistes pourraient se tourner vers la France et s\u2019\u00e9loigner des \u00c9tats-Unis.<\/p>\n<p>Le sc\u00e9nario final est que les trois pays utilisent leur format <a target=\"_blank\" href=\"https:\/\/korybko.substack.com\/p\/polands-revival-of-the-weimar-triangle\">du triangle de Weimar <\/a>pour coordonner leur gouvernance tripartite sur l\u2019Europe, mais cela d\u00e9pend de la victoire des lib\u00e9raux-mondialistes \u00e0 la pr\u00e9sidence polonaise en mai, puis de leur alignement sur Berlin\/Bruxelles au d\u00e9triment de Washington. C\u2019est donc le sc\u00e9nario le moins probable, d\u2019autant plus que les lib\u00e9raux-mondialistes pourraient se tourner vers la France plut\u00f4t que vers l\u2019Allemagne\/l\u2019UE, en guise de compromis entre leurs int\u00e9r\u00eats id\u00e9ologiques, \u00e9lectoraux et g\u00e9opolitiques avant les \u00e9lections parlementaires de l\u2019automne 2027.<\/p>\n<p>Quoi qu\u2019il en soit, l\u2019\u00ab <a target=\"_blank\" href=\"https:\/\/katehon.com\/en\/article\/natos-military-schengen\">espace militaire Schengen <\/a>\u00bb, lanc\u00e9 l\u2019an dernier entre l\u2019Allemagne, la Pologne et les Pays-Bas et auquel la France <a target=\"_blank\" href=\"https:\/\/www.politico.eu\/article\/france-germany-poland-emmanuel-macron-military-ties-risky-snap-election\/#:~:text=Lecornu%20announced%20that%20France%20will%20join%20a%20so%2Dcalled%20military%20Schengen%20agreement%20already%20signed%20by%20Poland%2C%20Germany%20and%20the%20Netherlands.\">a exprim\u00e9 son intention d\u2019adh\u00e9rer, <\/a>continuera probablement d\u2019int\u00e9grer de nouveaux membres de l\u2019UE afin de faciliter les int\u00e9r\u00eats de ces trois pays candidats. L\u2019Allemagne en a besoin pour ses projets de \u00ab forteresse Europe \u00bb, la Pologne a besoin que ses alli\u00e9s lui viennent rapidement en aide dans une hypoth\u00e9tique guerre contre la Russie, tandis que la France en a besoin pour consolider son influence en Europe du Sud-Est.<\/p>\n<p>Ce qui se joue en d\u00e9finitive \u00e0 travers les interactions entre les plans concurrents de la France, de l\u2019Allemagne et de la Pologne pour diriger l\u2019Europe d\u2019apr\u00e8s-conflit, c\u2019est l\u2019architecture future de la s\u00e9curit\u00e9 du continent, qui sera \u00e9galement influenc\u00e9e \u00e0 des degr\u00e9s divers par la Russie et les \u00c9tats-Unis, que ce soit conjointement dans le cadre de leur \u00ab <a target=\"_blank\" href=\"https:\/\/korybko.substack.com\/p\/russia-and-the-us-diplomatic-choreography\">Nouvelle <\/a><a target=\"_blank\" href=\"https:\/\/korybko.substack.com\/p\/korybko-to-newsweek-a-russian-us\">D\u00e9tente <\/a>\u00bb et\/ou ind\u00e9pendamment. Il existe trop d\u2019incertitudes \u00e0 l\u2019heure actuelle pour pr\u00e9dire avec certitude \u00e0 quoi ressemblera cet ordre \u00e9mergent, mais la dynamique d\u00e9crite dans cette analyse rend compte des sc\u00e9narios les plus probables.<\/p>\n<p>Andrew KORYBKO<\/p>\n<p>Tous les articles, la tribune libre et commentaires sont sous la responsabilit\u00e9 de leurs auteurs. Les Moutons Enrag\u00e9s ne sauraient \u00eatre tenus responsables de leur contenu ou orientation.<\/p>\n<\/p><\/div>\n<p><br \/>\n<br \/><a href=\"https:\/\/lesmoutonsenrages.fr\/2025\/03\/08\/la-france-lallemagne-et-la-pologne-se-disputent-le-leadership-de-leurope-post-conflit\/\" target=\"_blank\"\">Source link <\/a><\/p>\n","protected":false},"excerpt":{"rendered":"<p>Par Andrew KORYBKO pour Substack L\u2019interaction entre eux, la Russie et les \u00c9tats-Unis d\u00e9terminera l\u2019architecture de s\u00e9curit\u00e9 future du continent. La d\u00e9claration du pr\u00e9sident fran\u00e7ais Macron mercredi selon laquelle il&hellip; <\/p>\n","protected":false},"author":1,"featured_media":4029,"comment_status":"open","ping_status":"open","sticky":false,"template":"","format":"standard","meta":{"footnotes":""},"categories":[1],"tags":[],"class_list":["post-4028","post","type-post","status-publish","format-standard","has-post-thumbnail","hentry","category-non-classe"],"_links":{"self":[{"href":"https:\/\/monde25.info\/index.php\/wp-json\/wp\/v2\/posts\/4028","targetHints":{"allow":["GET"]}}],"collection":[{"href":"https:\/\/monde25.info\/index.php\/wp-json\/wp\/v2\/posts"}],"about":[{"href":"https:\/\/monde25.info\/index.php\/wp-json\/wp\/v2\/types\/post"}],"author":[{"embeddable":true,"href":"https:\/\/monde25.info\/index.php\/wp-json\/wp\/v2\/users\/1"}],"replies":[{"embeddable":true,"href":"https:\/\/monde25.info\/index.php\/wp-json\/wp\/v2\/comments?post=4028"}],"version-history":[{"count":0,"href":"https:\/\/monde25.info\/index.php\/wp-json\/wp\/v2\/posts\/4028\/revisions"}],"wp:featuredmedia":[{"embeddable":true,"href":"https:\/\/monde25.info\/index.php\/wp-json\/wp\/v2\/media\/4029"}],"wp:attachment":[{"href":"https:\/\/monde25.info\/index.php\/wp-json\/wp\/v2\/media?parent=4028"}],"wp:term":[{"taxonomy":"category","embeddable":true,"href":"https:\/\/monde25.info\/index.php\/wp-json\/wp\/v2\/categories?post=4028"},{"taxonomy":"post_tag","embeddable":true,"href":"https:\/\/monde25.info\/index.php\/wp-json\/wp\/v2\/tags?post=4028"}],"curies":[{"name":"wp","href":"https:\/\/api.w.org\/{rel}","templated":true}]}}