{"id":4030,"date":"2025-03-08T16:52:09","date_gmt":"2025-03-08T15:52:09","guid":{"rendered":"https:\/\/monde25.info\/index.php\/2025\/03\/08\/la-production-du-film-de-nicolas-vanier-devant-le-tribunal\/"},"modified":"2025-03-08T16:52:09","modified_gmt":"2025-03-08T15:52:09","slug":"la-production-du-film-de-nicolas-vanier-devant-le-tribunal","status":"publish","type":"post","link":"https:\/\/monde25.info\/index.php\/2025\/03\/08\/la-production-du-film-de-nicolas-vanier-devant-le-tribunal\/","title":{"rendered":"la production du film de Nicolas Vanier devant le tribunal"},"content":{"rendered":"<p> <br \/>\n<\/p>\n<div>\n<p>    <span class=\"date\">8 mars 2025  \u00e0 10h27<\/span><\/p>\n<p>    <span class=\"date_modif\">Mis \u00e0 jour le 8 mars 2025 \u00e0 11h46<\/span>      <\/p>\n<p class=\"duree_lecture\">\n        Dur\u00e9e de lecture : 4 minutes\n      <\/p>\n<\/p><\/div>\n<div>\n<p class=\"indication_lieu\">N\u00eemes (Gard), reportage<\/p>\n<p>Le flamant rose, oiseau embl\u00e9matique de la Camargue, est certes peu farouche, au grand bonheur des photographes amateurs, il n\u2019en demeure pas moins extr\u00eamement vuln\u00e9rable en p\u00e9riode de nidification. Comment une information aussi cruciale sur une esp\u00e8ce prot\u00e9g\u00e9e aurait-elle pu \u00e9chapper \u00e0 l\u2019\u00e9quipe de tournage de Radar Films, productrice de films animaliers aux c\u00f4t\u00e9s du c\u00e9l\u00e8bre r\u00e9alisateur Nicolas Vanier<small class=\"fine d-inline\">\u00a0<\/small>?<\/p>\n<p>La soci\u00e9t\u00e9 comparaissait devant le tribunal correctionnel de N\u00eemes, vendredi 7\u00a0mars, pour <i>\u00ab<small class=\"fine d-inline\">\u00a0<\/small>destruction non autoris\u00e9e d\u2019\u0153ufs ou de nids d\u2019une esp\u00e8ce prot\u00e9g\u00e9e, atteinte \u00e0 la conservation d\u2019une esp\u00e8ce animale et perturbation volontaire illicite d\u2019une esp\u00e8ce animale<small class=\"fine d-inline\">\u00a0<\/small>\u00bb<\/i>.<\/p>\n<p>Les 6 et 7\u00a0juin 2018, lors du tournage du film <i>Donne-moi des ailes<\/i>, inspir\u00e9 de l\u2019histoire de l\u2019ornithologue Christian Moullec, deux <span class=\"caps\">ULM<\/span> ont survol\u00e9 une colonie de flamants roses en pleine couvaison, provoquant la perte de 520\u00a0\u0153ufs, soit la disparition de 11,5<small class=\"fine d-inline\">\u00a0<\/small>% de la reproduction annuelle de la colonie, selon les associations de d\u00e9fense de l\u2019environnement.<\/p>\n<p><a target=\"_blank\" href=\"https:\/\/reporterre.net\/500-oeufs-de-flamants-roses-detruits-par-le-tournage-de-Nicolas-Vanier-a-qui-la-faute\" class=\"lien_lireaussi\"><strong>Lire aussi : <\/strong> <span>500 \u0153ufs de flamants roses d\u00e9truits par le tournage de Nicolas Vanier\u00a0: \u00e0 qui la faute<small class=\"fine d-inline\">\u00a0<\/small>?<\/span><\/a><\/p>\n<p>Depuis le d\u00e9but de cette affaire, l\u2019entreprise Radar Films <a target=\"_blank\" href=\"https:\/\/reporterre.net\/500-oeufs-de-flamants-roses-detruits-par-le-tournage-de-Nicolas-Vanier-a-qui-la-faute\" class=\"spip_in\">nie toute responsabilit\u00e9 et rejette la faute sur le pilote de l\u2019<span class=\"caps\">ULM<\/span><\/a>, sp\u00e9cialis\u00e9 dans la prise de vue <i>\u00ab<small class=\"fine d-inline\">\u00a0<\/small>\u00e9coresponsable<small class=\"fine d-inline\">\u00a0<\/small>\u00bb<\/i>. Une ligne de d\u00e9fense qui n\u2019a pas \u00e9t\u00e9 suivie par le juge d\u2019instruction puisque la soci\u00e9t\u00e9 de production \u00e9tait la seule sur le banc des pr\u00e9venus.<\/p>\n<blockquote class=\"spip\">\n<p>\u00ab<small class=\"fine d-inline\">\u00a0<\/small>La volont\u00e9 de poursuivre les oiseaux alors qu\u2019ils sont sur l\u2019eau<small class=\"fine d-inline\">\u00a0<\/small>\u00bb<\/p>\n<\/blockquote>\n<p>Lors des d\u00e9bats, la pr\u00e9sidente du tribunal V\u00e9ronique L\u00e9ger a retrac\u00e9 la chronologie des faits. Le 6\u00a0juin 2018, deux <span class=\"caps\">ULM<\/span> ont survol\u00e9 une premi\u00e8re fois l\u2019unique zone de reproduction de l\u2019esp\u00e8ce en France, situ\u00e9e dans les Salins du Midi, \u00e0 Aigues-Mortes, dans le Gard, <i>\u00ab<small class=\"fine d-inline\">\u00a0<\/small>avec la volont\u00e9 de poursuivre les oiseaux alors qu\u2019ils sont sur l\u2019eau<small class=\"fine d-inline\">\u00a0<\/small>\u00bb<\/i>, d\u00e9crit-elle.<\/p>\n<div class=\"spip_document_43842 spip_document spip_documents spip_document_image spip_documents_center spip_document_center spip_document_avec_legende\" data-legende-len=\"112\" data-legende-lenx=\"xx\">\n<figure class=\"spip_doc_inner\">\n      <picture><source type=\"image\/webp\" srcset=\"https:\/\/reporterre.net\/local\/cache-vignettes\/L779xH520\/donnemoidesailes_ulm6-432b7.jpg@.webp?1737383709\"><img decoding=\"async\" src=\"https:\/\/reporterre.net\/IMG\/jpg\/donnemoidesailes_ulm6.jpg\" width=\"779\" height=\"520\" loading=\"lazy\" alt=\"\"\/><br \/>\n    <\/source><\/picture><figcaption class=\"spip_doc_legende\">\n<p>L\u2019<span class=\"caps\"><span class=\"caps\">ULM<\/span><\/span> mis en sc\u00e8ne dans le film de Nicolas Vanier.<br \/>\n<i>\u00a9  <span class=\"caps\">SND<\/span> \/ Radar Films \/ France 2 Cin\u00e9ma \/ Canop\u00e9e Productions<br \/>\n<\/i><\/p>\n<\/figcaption><\/figure>\n<\/p><\/div>\n<p>Dans l\u2019a\u00e9ronef n\u00b0\u00a01, un salari\u00e9 de la soci\u00e9t\u00e9, la doublure de l\u2019acteur Jean-Paul Rouve. Dans l\u2019a\u00e9ronef n\u00b0\u00a02, le pilote, prestataire ext\u00e9rieur accompagn\u00e9 par le r\u00e9alisateur responsable des prises de vues a\u00e9riennes. Le deuxi\u00e8me jour, le 7\u00a0juin, rebelote\u00a0: <i>\u00ab<small class=\"fine d-inline\">\u00a0<\/small>L\u2019<span class=\"caps\">ULM<\/span> pourchasse \u00e0 plusieurs reprises les flamants roses qui, pris de panique, fuient dans tous les sens<small class=\"fine d-inline\">\u00a0<\/small>\u00bb<\/i>, poursuit la pr\u00e9sidente.<\/p>\n<p><i>\u00ab<small class=\"fine d-inline\">\u00a0<\/small>\u00c0 aucun moment nous n\u2019avons donn\u00e9 l\u2019ordre pour la r\u00e9alisation de ces images. C\u2019est le pilote <span class=\"caps\">ULM<\/span>, qui a fait du z\u00e8le et qui ne s\u2019est pas pos\u00e9 la question s\u2019il avait le droit de le faire<small class=\"fine d-inline\">\u00a0<\/small>\u00bb<\/i> d\u00e9fend Matthieu Warter, repr\u00e9sentant de Radar Films. <i>\u00ab<small class=\"fine d-inline\">\u00a0<\/small>Dans ce cas, pourquoi y sont-ils retourn\u00e9s le lendemain<small class=\"fine d-inline\">\u00a0<\/small>?<small class=\"fine d-inline\">\u00a0<\/small>\u00bb<\/i> questionne la pr\u00e9sidente. <i>\u00ab<small class=\"fine d-inline\">\u00a0<\/small>Il leur \u00e9tait demand\u00e9 de faire des prises de vue d\u2019animaux pour des images d\u2019illustration sans plus de pr\u00e9cision<small class=\"fine d-inline\">\u00a0<\/small>\u00bb<\/i>, r\u00e9pond le producteur.<\/p>\n<div class=\"spip_document_43836 spip_document spip_documents spip_document_image spip_documents_center spip_document_center spip_document_avec_legende\" data-legende-len=\"146\" data-legende-lenx=\"xxx\">\n<figure class=\"spip_doc_inner\">\n      <picture><source type=\"image\/webp\" srcset=\"https:\/\/reporterre.net\/local\/cache-vignettes\/L1050xH592\/flam6rose-6dc55.jpg@.webp?1741419102\"><img decoding=\"async\" src=\"https:\/\/reporterre.net\/IMG\/jpg\/flam6rose.jpg\" width=\"1200\" height=\"676\" loading=\"lazy\" alt=\"\"\/><br \/>\n    <\/source><\/picture><figcaption class=\"spip_doc_legende\">\n<\/figcaption><\/figure>\n<\/p><\/div>\n<p>Selon le procureur, <i>\u00ab<small class=\"fine d-inline\">\u00a0<\/small>la mat\u00e9rialit\u00e9 de l\u2019infraction est av\u00e9r\u00e9e<small class=\"fine d-inline\">\u00a0<\/small>\u00bb<\/i>. Lors de son r\u00e9quisitoire, il a reproch\u00e9 \u00e0 la soci\u00e9t\u00e9 l\u2019absence d\u2019un plan de vol alors qu\u2019elle connaissait la sensibilit\u00e9 du site class\u00e9 Natura 2000. Il a requis une peine comprise entre 80\u00a0000 et 100\u00a0000 euros d\u2019amende.<\/p>\n<p>D\u2019apr\u00e8s l\u2019enqu\u00eate, une carte pr\u00e9cisant les zones \u00e0 ne pas survoler a bien \u00e9t\u00e9 fournie par les Salins du Midi au r\u00e9gisseur principal dont la mission est d\u2019obtenir les autorisations n\u00e9cessaires au tournage.<\/p>\n<blockquote class=\"spip\">\n<p>\u00ab<small class=\"fine d-inline\">\u00a0<\/small>Il y a un d\u00e9calage total entre le message du film et les m\u00e9thodes de production<small class=\"fine d-inline\">\u00a0<\/small>\u00bb<\/p>\n<\/blockquote>\n<p><i>\u00ab<small class=\"fine d-inline\">\u00a0<\/small>Vous avez fait preuve de n\u00e9gligence. Une simple r\u00e9union de sensibilisation aurait suffi<small class=\"fine d-inline\">\u00a0<\/small>\u00bb<\/i>, estime Olivier Gourbinot, juriste pour France Nature Environnement (<span class=\"caps\">FNE<\/span>) Occitanie M\u00e9diterran\u00e9e, partie civile aux c\u00f4t\u00e9s de plusieurs autres associations<span class=\"spip_note_ref\">\u00a0[<a target=\"_blank\" href=\"#nb1\" class=\"spip_note\" rel=\"appendix\" title=\"L\u2019Association pour la protection des animaux sauvages (Aspas), la Ligue pour\u00a0(\u2026)\" id=\"nh1\">1<\/a>]<\/span>. <i>\u00ab<small class=\"fine d-inline\">\u00a0<\/small>Vous \u00e9tiez en Camargue, un hotspot de biodiversit\u00e9, durant une p\u00e9riode sensible. Si les autorit\u00e9s vous ont autoris\u00e9 \u00e0 tourner, c\u2019est parce qu\u2019elles vous faisaient confiance<small class=\"fine d-inline\">\u00a0<\/small>\u00bb<\/i>, poursuit-il.<\/p>\n<p><i>\u00ab<small class=\"fine d-inline\">\u00a0<\/small>Il y a un d\u00e9calage total entre le message du film et les m\u00e9thodes de production<small class=\"fine d-inline\">\u00a0<\/small>\u00bb<\/i>, d\u00e9clare \u00e0 son tour Isabelle Vergnoux, avocate de l\u2019Aspas, pour qui le simple fait de venir tourner en Camargue \u00e0 cette p\u00e9riode de l\u2019ann\u00e9e constitue une <i>\u00ab<small class=\"fine d-inline\">\u00a0<\/small>pr\u00e9m\u00e9ditation<small class=\"fine d-inline\">\u00a0<\/small>\u00bb<\/i>. <i>\u00ab<small class=\"fine d-inline\">\u00a0<\/small>En voulant sensibiliser \u00e0 la disparition des oiseaux, ce film a contribu\u00e9 \u00e0 leur disparition<small class=\"fine d-inline\">\u00a0<\/small>\u00bb<\/i>, ajouta-t-elle.<\/p>\n<p><i>\u00ab<small class=\"fine d-inline\">\u00a0<\/small>Cette affaire illustre une certaine appropriation de la nature. Vous essayez de tirer profit des paysages, la nature est \u00e0 la mode, \u00e7a fait vendre. Mais la r\u00e9alit\u00e9 de l\u2019environnement n\u2019est pas glamour. Il y a des contraintes dont vous n\u2019avez pas voulu tenir compte<small class=\"fine d-inline\">\u00a0<\/small>\u00bb<\/i>, insiste encore Julie Rover, avocate de <span class=\"caps\">FNE<\/span>. Additionn\u00e9es, les parties civiles demandent pr\u00e8s de 600\u00a0000 euros de dommages et int\u00e9r\u00eats \u00e0 la soci\u00e9t\u00e9 Radar Films. La d\u00e9cision du tribunal sera rendue le 11\u00a0avril.<\/p>\n<aside class=\"boite_encarts\">\n<div class=\"encart encart_gris noprint\">\n<p><strong>Puisque vous \u00eates l\u00e0&#8230;<\/strong><\/p>\n<p>&#8230; nous avons un petit service \u00e0 vous demander.<br class=\"autobr\"\/><br \/>\nEntre la pr\u00e9sence d\u2019un climatosceptique \u00e0 la t\u00eate de la premi\u00e8re puissance mondiale, un gouvernement fran\u00e7ais qui flirte avec l\u2019extr\u00eame-droite, et les catastrophes climatiques qui s\u2019enchainent&#8230; Faire vivre l\u2019\u00e9cologie dans le d\u00e9bat public est un enjeu crucial.<\/p>\n<p>Personne ne modifie ce que nous publions. Nous n\u2019avons ni actionnaire, ni propri\u00e9taire milliardaire \u2014 seulement une \u00e9quipe d\u2019irr\u00e9ductibles journalistes, pleine de d\u00e9termination.<\/p>\n<p>Nous avons la conviction que l\u2019urgence \u00e9cologique est l\u2019enjeu majeur de notre \u00e9poque. Et comme plus de 2 millions de lectrices et lecteurs chaque mois, vous partagez sans doute cette conviction&#8230;<\/p>\n<p><strong>Depuis 12 ans, nous publions des articles de qualit\u00e9 sur l\u2019\u00e9cologie, en acc\u00e8s libre et sans publicit\u00e9, pour tous.<\/strong><br class=\"autobr\"\/><br \/>\nMais ce travail demande beaucoup de temps et de ressources.<\/p>\n<p>Alors, si vous en avez les moyens, sachez qu\u2019un don, m\u00eame d\u20191\u20ac, est un acte de soutien fort pour l\u2019\u00e9cologie et le journalisme ind\u00e9pendant.<br class=\"autobr\"\/><br \/>\n(Et \u00e7a vous prendra moins de temps que la lecture de ce texte).<\/p>\n<p><strong>Si vous le pouvez, choisissez un soutien mensuel. Merci.<\/strong><\/p>\n<p><a target=\"_blank\" href=\"https:\/\/reporterre.net\/dons\" class=\"bt_soutenir\">Je soutiens <i>Reporterre<\/i><\/a><\/p>\n<\/p><\/div>\n<div class=\"encart encart_vert noprint montre_1023\">\n<div class=\"infolettre-form-container noprint\">\n<p>Abonnez-vous \u00e0 la lettre d\u2019info de Reporterre<\/p>\n<\/div><\/div>\n<\/aside>\n<aside class=\"boite_apresarticle encart_note\">\n<h4>Apr\u00e8s cet article<\/h4>\n<p>      <a target=\"_blank\" href=\"https:\/\/reporterre.net\/500-oeufs-de-flamants-roses-detruits-par-le-tournage-de-Nicolas-Vanier-a-qui-la-faute\" class=\"lien_article\">\n      <picture class=\"vignette_gauche\"><source type=\"image\/webp\" srcset=\"https:\/\/reporterre.net\/local\/cache-vignettes\/L450xH300\/arton25871-8c8a7.jpg@.webp?1737368086\"><img decoding=\"async\" src=\"https:\/\/reporterre.net\/local\/cache-vignettes\/L450xH300\/arton25871-8c8a7.jpg?1737368086\" width=\"450\" height=\"300\" alt=\"\" class=\"marge12\" loading=\"lazy\"\/><br \/>\n<\/source><\/picture>\n<p class=\"libelle\">\n<p>      Animaux\n    <\/p>\n<p class=\"titre pol20\">500 \u0153ufs de flamants roses d\u00e9truits par le tournage de Nicolas Vanier\u00a0: \u00e0 qui la faute<small class=\"fine d-inline\">\u00a0<\/small>?<\/p>\n<p>      <\/a><br \/>\n    <\/aside>\n<aside class=\"boite_complement texte\">\n<div class=\"encart_note\">\n<h4>Notes<\/h4>\n<div id=\"nb1\">\n<p><span class=\"spip_note_ref\">[<a target=\"_blank\" href=\"#nh1\" class=\"spip_note\" title=\"Notes 1\" rev=\"appendix\">1<\/a>]\u00a0<\/span>L\u2019Association pour la protection des animaux sauvages (Aspas), la Ligue pour la protection des oiseaux (<span class=\"caps\"><span class=\"caps\">LPO<\/span><\/span>), la fondation Tour du Valat, l\u2019association Robin des Bois, l\u2019association St\u00e9phane Lamart et l\u2019antenne nationale de <span class=\"caps\"><span class=\"caps\">FNE<\/span><\/span>.<\/p>\n<\/div><\/div>\n<p>      <!-- zone_forum --><br \/>\n          <\/aside>\n<aside class=\"boite_lireaussi noprint\">\n<\/aside>\n<aside class=\"colonne\">\n<div class=\"article_info cache_1023 noprint\">\n<p>    <span class=\"date\">8 mars 2025  \u00e0 10h27<\/span><\/p>\n<p>    <span class=\"date_modif\">Mis \u00e0 jour le 8 mars 2025 \u00e0 11h46<\/span>      <\/p>\n<p class=\"duree_lecture\">\n        Dur\u00e9e de lecture : 4 minutes\n      <\/p>\n<\/p><\/div>\n<div class=\"bloc_infolettre\">\n<div class=\"infolettre-form-container noprint\">\n<p>Abonnez-vous \u00e0 la lettre d\u2019info de Reporterre<\/p>\n<\/div><\/div>\n<\/aside>\n<div id=\"galerie\">\n  <img decoding=\"async\" src=\"\" class=\"principale\" id=\"principale\"\/><\/p>\n<p id=\"legende\">legende<\/p>\n<\/div>\n<footer class=\"noprint\">\n<\/footer>\n<\/div>\n<p><br \/>\n<br \/><a href=\"https:\/\/reporterre.net\/500-oeufs-de-flamants-roses-detruits-la-production-du-film-de-Nicolas-Vanier-devant-le-tribunal\" target=\"_blank\"\">Source link <\/a><\/p>\n","protected":false},"excerpt":{"rendered":"<p>8 mars 2025 \u00e0 10h27 Mis \u00e0 jour le 8 mars 2025 \u00e0 11h46 Dur\u00e9e de lecture : 4 minutes N\u00eemes (Gard), reportage Le flamant rose, oiseau embl\u00e9matique de la&hellip; <\/p>\n","protected":false},"author":1,"featured_media":4031,"comment_status":"open","ping_status":"open","sticky":false,"template":"","format":"standard","meta":{"footnotes":""},"categories":[1],"tags":[],"class_list":["post-4030","post","type-post","status-publish","format-standard","has-post-thumbnail","hentry","category-non-classe"],"_links":{"self":[{"href":"https:\/\/monde25.info\/index.php\/wp-json\/wp\/v2\/posts\/4030","targetHints":{"allow":["GET"]}}],"collection":[{"href":"https:\/\/monde25.info\/index.php\/wp-json\/wp\/v2\/posts"}],"about":[{"href":"https:\/\/monde25.info\/index.php\/wp-json\/wp\/v2\/types\/post"}],"author":[{"embeddable":true,"href":"https:\/\/monde25.info\/index.php\/wp-json\/wp\/v2\/users\/1"}],"replies":[{"embeddable":true,"href":"https:\/\/monde25.info\/index.php\/wp-json\/wp\/v2\/comments?post=4030"}],"version-history":[{"count":0,"href":"https:\/\/monde25.info\/index.php\/wp-json\/wp\/v2\/posts\/4030\/revisions"}],"wp:featuredmedia":[{"embeddable":true,"href":"https:\/\/monde25.info\/index.php\/wp-json\/wp\/v2\/media\/4031"}],"wp:attachment":[{"href":"https:\/\/monde25.info\/index.php\/wp-json\/wp\/v2\/media?parent=4030"}],"wp:term":[{"taxonomy":"category","embeddable":true,"href":"https:\/\/monde25.info\/index.php\/wp-json\/wp\/v2\/categories?post=4030"},{"taxonomy":"post_tag","embeddable":true,"href":"https:\/\/monde25.info\/index.php\/wp-json\/wp\/v2\/tags?post=4030"}],"curies":[{"name":"wp","href":"https:\/\/api.w.org\/{rel}","templated":true}]}}