{"id":4032,"date":"2025-03-08T17:25:14","date_gmt":"2025-03-08T16:25:14","guid":{"rendered":"https:\/\/monde25.info\/index.php\/2025\/03\/08\/le-meme-refrain-depuis-un-siecle\/"},"modified":"2025-03-08T17:25:14","modified_gmt":"2025-03-08T16:25:14","slug":"le-meme-refrain-depuis-un-siecle","status":"publish","type":"post","link":"https:\/\/monde25.info\/index.php\/2025\/03\/08\/le-meme-refrain-depuis-un-siecle\/","title":{"rendered":"le m\u00eame refrain depuis un si\u00e8cle"},"content":{"rendered":"<p> <br \/>\n<\/p>\n<div>\n<h4><strong>En 1977 par d\u00e9cision de l\u2019ONU, le 8 mars devenait la journ\u00e9e internationale des droits des femmes. Droit de vote, \u00e0 l\u2019\u00e9ducation, ind\u00e9pendance financi\u00e8re, contr\u00f4le de son corps, \u00e9galit\u00e9 salariale\u2026 Les combats demeurent de par le monde, \u00e0 conqu\u00e9rir ou parce qu\u2019ils reculent. <\/strong><strong>Pendant ce temps, les r\u00e9actionnaires reviennent en boucle avec les m\u00eames attaques anti-f\u00e9ministes pour d\u00e9valoriser leur lutte. Debunk.\u00a0<\/strong><\/h4>\n<p><strong><a target=\"_blank\" href=\"https:\/\/www.facebook.com\/watch\/?v=575793447772246\">Les droits des femmes ne sont jamais acquis<\/a>, ainsi que Simone de Beauvoir pr\u00e9venait. <\/strong>Et le triste spectacle de l\u2019opinion anti-f\u00e9ministe le confirme.<\/p>\n<blockquote>\n<p><strong><em>\u00ab\u00a0les f\u00e9ministes vont trop loin et desservent leur cause\u00a0\u00bb.<\/em><\/strong><\/p>\n<\/blockquote>\n<p><em>\u00ab\u00a0Le f\u00e9minisme c\u2019\u00e9tait mieux avant\u00a0\u00bb, \u00ab\u00a0je ne suis pas contre le f\u00e9minisme juste le n\u00e9o-f\u00e9minisme actuel\u00a0\u00bb, \u00ab\u00a0maintenant, les f\u00e9ministes vont trop loin et desservent leur cause\u00a0\u00bb.<\/em><strong> Les rengaines de ce type seront famili\u00e8res aux personnes tenant des discours f\u00e9ministes. <\/strong>Elles signifient peu ou prou \u00ab\u00a0J\u2019approuve les revendications f\u00e9ministes pass\u00e9es MAIS celles d\u2019aujourd\u2019hui, alors l\u00e0 non, c\u2019est diff\u00e9rent !\u00a0\u00bb Et ce n\u2019est pas le mouvement #JamaisSansElles et sa tribune <a target=\"_blank\" href=\"https:\/\/www.lepoint.fr\/debats\/le-radicalisme-nuit-au-combat-feministe-02-11-2022-2496204_2.php\"><em>Le radicalisme nuit au combat f\u00e9ministe<\/em> <\/a>(Le Point, 2022) qui d\u00e9sapprouvera.<\/p>\n<p>Quoi de plus \u00e9tonnant : quand on grandit dans une soci\u00e9t\u00e9 b\u00e9n\u00e9ficiant d\u2019acquis, ceux-ci apparaissent comme une norme dont on oublie qu\u2019elles ont n\u00e9cessit\u00e9 des luttes radicales et un basculement de paradigme. Ainsi on devient r\u00e9fractaire aux luttes actuelles qui s\u2019inscrivent pourtant dans la continuit\u00e9 de celles pass\u00e9es. <strong>En somme, la personne qui s\u2019oppose au f\u00e9minisme en 2025 s\u2019y serait tout autant oppos\u00e9e au d\u00e9but du XXe si\u00e8cle.<\/strong> Par pure r\u00e9actance, peur du changement, perp\u00e9tuation d\u2019un sexisme syst\u00e9mique invisibilis\u00e9 ou banalis\u00e9 dans une soci\u00e9t\u00e9 patriarcale, etc.<\/p>\n<p>Hier tout comme aujourd\u2019hui,<strong> les conservateurs\/r\u00e9actionnaires\/masculinistes\/usent et abusent des m\u00eames raisonnements<\/strong> et insultes envers le militantisme f\u00e9minisme. Et ces offensives argumentaires ne sont pas sans refl\u00e9ter les peurs et les pr\u00e9jug\u00e9s de leurs auteurs concernant les r\u00f4les genr\u00e9s au sein de la soci\u00e9t\u00e9, de la famille ou de la \u00ab\u00a0nature f\u00e9minine\u00a0\u00bb. Un constat op\u00e9r\u00e9 au regard de l\u2019opposition au droit de vote des femmes, principale revendication f\u00e9ministe au XIXe et d\u00e9but du XXe si\u00e8cle en Europe.<\/p>\n<p>Estimer que les luttes pass\u00e9es \u00e9taient plus \u00ab\u00a0raisonnables\u00a0\u00bb est<strong> un biais cognitif trompeur.<\/strong> Pour le prouver, quelques rappels des r\u00e9actions virulentes de l\u2019\u00e9poque, dont ils se font\u00a0les h\u00e9ritiers :<\/p>\n<h2><strong>\u00ab\u00a0La femme doit \u00eatre prot\u00e9g\u00e9e (car faible) contre l\u2019influence de la politique\u00a0\u00bb<\/strong><\/h2>\n<figure id=\"attachment_715847\" aria-describedby=\"caption-attachment-715847\" style=\"width: 1500px\" class=\"wp-caption alignnone\"><img fetchpriority=\"high\" decoding=\"async\" class=\"wp-image-715847 size-full\" src=\"https:\/\/mrmondialisation.org\/wp-content\/uploads\/2025\/03\/droits-des-femmes-14-suisse.jpg\" alt=\"\" width=\"1500\" height=\"703\" srcset=\"https:\/\/mrmondialisation.org\/wp-content\/uploads\/2025\/03\/droits-des-femmes-14-suisse.jpg 1500w, https:\/\/mrmondialisation.org\/wp-content\/uploads\/2025\/03\/droits-des-femmes-14-suisse-1024x480.jpg 1024w, https:\/\/mrmondialisation.org\/wp-content\/uploads\/2025\/03\/droits-des-femmes-14-suisse-768x360.jpg 768w, https:\/\/mrmondialisation.org\/wp-content\/uploads\/2025\/03\/droits-des-femmes-14-suisse-696x326.jpg 696w, https:\/\/mrmondialisation.org\/wp-content\/uploads\/2025\/03\/droits-des-femmes-14-suisse-1068x501.jpg 1068w, https:\/\/mrmondialisation.org\/wp-content\/uploads\/2025\/03\/droits-des-femmes-14-suisse-896x420.jpg 896w\" sizes=\"(max-width: 1500px) 100vw, 1500px\"\/><figcaption id=\"caption-attachment-715847\" class=\"wp-caption-text\">Affiches contre le droit de vote des femmes en Suisse.<\/figcaption><\/figure>\n<p>En Suisse, les femmes ont obtenu le droit de vote en 1971 seulement. Ces opposants craignaient que<strong> ces derni\u00e8res ne soient trop influen\u00e7ables pour participer \u00e0 la vie politique<\/strong>, ce qui aurait en plus sem\u00e9 le trouble au sein du foyer. Sans compter la mise en danger des enfants, comme ces affiches l\u2019illustrent aussi : si leur m\u00e8re est attaqu\u00e9e, qui les prot\u00e9gera ?!<\/p>\n<p>L\u2019argument de la femme faible et manipulable se retrouva<strong> en France et en Angleterre au d\u00e9but du XXe si\u00e8cle.<\/strong> En France, on craignait alors que la femme ne vote sous l\u2019influence de son cur\u00e9.<\/p>\n<h2><strong>\u00ab\u00a0La place de la femme, c\u2019est au foyer !\u00a0\u00bb<\/strong><\/h2>\n<p><em>\u00ab\u00a0Comme Jeanne d\u2019Arc, l\u2019anti-suffragette a eu une vision de son devoir : le politicien corrompu qui tient une \u00e9p\u00e9e grav\u00e9e de<strong> \u2018la place de la femme est \u00e0 la maison\u2019.\u00a0\u00bb<\/strong><\/em><\/p>\n<p><img loading=\"lazy\" decoding=\"async\" class=\"alignnone wp-image-715842 size-full\" src=\"https:\/\/mrmondialisation.org\/wp-content\/uploads\/2025\/03\/droits-des-femmes-9.jpg\" alt=\"\" width=\"1500\" height=\"2116\" srcset=\"https:\/\/mrmondialisation.org\/wp-content\/uploads\/2025\/03\/droits-des-femmes-9.jpg 1500w, https:\/\/mrmondialisation.org\/wp-content\/uploads\/2025\/03\/droits-des-femmes-9-726x1024.jpg 726w, https:\/\/mrmondialisation.org\/wp-content\/uploads\/2025\/03\/droits-des-femmes-9-1080x1524.jpg 1080w, https:\/\/mrmondialisation.org\/wp-content\/uploads\/2025\/03\/droits-des-femmes-9-768x1083.jpg 768w, https:\/\/mrmondialisation.org\/wp-content\/uploads\/2025\/03\/droits-des-femmes-9-1089x1536.jpg 1089w, https:\/\/mrmondialisation.org\/wp-content\/uploads\/2025\/03\/droits-des-femmes-9-1452x2048.jpg 1452w, https:\/\/mrmondialisation.org\/wp-content\/uploads\/2025\/03\/droits-des-femmes-9-696x982.jpg 696w, https:\/\/mrmondialisation.org\/wp-content\/uploads\/2025\/03\/droits-des-femmes-9-1068x1507.jpg 1068w, https:\/\/mrmondialisation.org\/wp-content\/uploads\/2025\/03\/droits-des-femmes-9-298x420.jpg 298w\" sizes=\"auto, (max-width: 1500px) 100vw, 1500px\"\/><\/p>\n<div class=\"td-a-rec td-a-rec-id-content_inline  tdi_1 td_block_template_1\">\n<span class=\"td-adspot-title\">&#8211; Pour une information libre ! &#8211;<\/span><a target=\"_blank\" href=\"https:\/\/fr.tipeee.com\/mr-mondialisation\" class=\"tipeee-project-small\">Soutenir Mr Japanization sur Tipeee<\/a>\n<\/div>\n<p>Un message toujours approuv\u00e9 par <strong>le mouvement <a target=\"_blank\" href=\"https:\/\/www.youtube.com\/watch?v=Vss16BA1wU0\">Tradwife<\/a> pr\u00f4nant la soumission de la femme \u00e0 son mari<\/strong> (aussi bien <a target=\"_blank\" href=\"https:\/\/www.youtube.com\/watch?v=4m-1M66v47o\">\u00e9conomique que sexuelle<\/a>) pour le \u00ab\u00a0bien de la famille\u00a0\u00bb.<\/p>\n<h2><strong>\u00ab\u00a0parce que si elles gagnent, elles domineront les hommes !\u00a0\u00bb<\/strong><\/h2>\n<p>Cette id\u00e9e r\u00e9v\u00e8le la peur profonde des dominants face \u00e0 la vengeance des domin\u00e9s, courante \u00e0 l\u2019\u00e9poque de la lib\u00e9ration des esclaves ou des peuples colonis\u00e9s. Une crainte du retour de b\u00e2ton ou du renversement face \u00e0 la r\u00e9volte anticip\u00e9e des opprim\u00e9s, preuve de la conscience du mal qui a \u00e9t\u00e9 fait. Ainsi, derri\u00e8re la volont\u00e9 d\u2019\u00e9galit\u00e9 pr\u00f4n\u00e9e par les f\u00e9ministes,<strong> se cacherait en fait celle de se venger des hommes et de les dominer \u00e0 leur tour. <\/strong>Un aveu d\u2019injustice flagrant, justifi\u00e9 par la peur de perdre \u00e0 leur propre syst\u00e8me arbitraire de rapport de force.<\/p>\n<p>Quand bien m\u00eame les f\u00e9ministes r\u00e9p\u00e8tent encore et encore que <strong>leur ennemi, c\u2019est la <a target=\"_blank\" href=\"https:\/\/www.20minutes.fr\/societe\/2634183-20191025-feminisme-guerre-contre-hommes-contre-domination-masculine-selon-victoire-tuaillon\">domination masculine<\/a> et non les hommes.<\/strong> C\u2019est ainsi que le magazine <em>Elle<\/em> s\u2019interroge d\u00e9j\u00e0 au XXIe si\u00e8cle :<strong>\u00a0<\/strong><strong><em><a target=\"_blank\" href=\"https:\/\/www.elle.fr\/Societe\/Les-enquetes\/Les-neo-feministes-veulent-elles-la-peau-des-hommes-2349968\">\u00ab\u00a0Les n\u00e9o-f\u00e9ministes veulent-elles la peau des hommes ?\u00a0\u00bb<\/a><\/em><\/strong><strong> Une diabolisation du combat des femmes entretenue jusqu\u2019aujourd\u2019hui, quelles que soient les preuves dans le temps que les luttes f\u00e9ministes ont simplement permis aux femmes la reconnaissance de leurs droits humains.\u00a0<\/strong><\/p>\n<figure id=\"attachment_715835\" aria-describedby=\"caption-attachment-715835\" style=\"width: 1300px\" class=\"wp-caption alignnone\"><img loading=\"lazy\" decoding=\"async\" class=\"wp-image-715835 size-full\" src=\"https:\/\/mrmondialisation.org\/wp-content\/uploads\/2025\/03\/droits-des-femmes-2-elles-vont-dominer-les-h.jpg\" alt=\"\" width=\"1300\" height=\"827\" srcset=\"https:\/\/mrmondialisation.org\/wp-content\/uploads\/2025\/03\/droits-des-femmes-2-elles-vont-dominer-les-h.jpg 1300w, https:\/\/mrmondialisation.org\/wp-content\/uploads\/2025\/03\/droits-des-femmes-2-elles-vont-dominer-les-h-1024x651.jpg 1024w, https:\/\/mrmondialisation.org\/wp-content\/uploads\/2025\/03\/droits-des-femmes-2-elles-vont-dominer-les-h-768x489.jpg 768w, https:\/\/mrmondialisation.org\/wp-content\/uploads\/2025\/03\/droits-des-femmes-2-elles-vont-dominer-les-h-696x443.jpg 696w, https:\/\/mrmondialisation.org\/wp-content\/uploads\/2025\/03\/droits-des-femmes-2-elles-vont-dominer-les-h-1068x679.jpg 1068w, https:\/\/mrmondialisation.org\/wp-content\/uploads\/2025\/03\/droits-des-femmes-2-elles-vont-dominer-les-h-660x420.jpg 660w\" sizes=\"auto, (max-width: 1300px) 100vw, 1300px\"\/><figcaption id=\"caption-attachment-715835\" class=\"wp-caption-text\">Quand les femmes votent, jour de lessive. Monsieur doit laver le linge en s\u2019occupant de b\u00e9b\u00e9 pleurant, quand ces dames fument et jouent aux cartes en discutant du travail dont elles vont l\u2019accabler.<\/figcaption><\/figure>\n<h2><strong>\u00ab\u00a0et les hommes devront s\u2019occuper de t\u00e2ches domestiques\u00a0\u00bb.\u00a0<\/strong><\/h2>\n<p><strong><em>\u00ab\u00a0Pourquoi n\u2019es-tu pas rest\u00e9 c\u00e9libataire ?\u00a0\u00bb <\/em><\/strong>ironise le slogan de cette affiche \u00e0 un p\u00e8re de famille contraint de sortir en poussette ses deux b\u00e9b\u00e9s brailleurs, sous le regard d\u2019un homme d\u00e9fenseur du droit de vote des femmes. Le message de cette campagne ? Si vous gagnez \u00e0 octroyer des droits aux femmes, <strong>vous n\u2019aurez plus aucun int\u00e9r\u00eat \u00e0 vous marier, car ces derni\u00e8res ne seront plus corv\u00e9ables.\u00a0<\/strong><\/p>\n<p>En effet, \u00e0 quoi bon se marier<strong> si c\u2019est pour devoir effectuer les t\u00e2ches traditionnellement d\u00e9volues aux femmes : <\/strong>s\u2019occuper des enfants, du m\u00e9nage, de la pr\u00e9paration des repas\u2026 Une crainte tellement infond\u00e9e \u00e0 l\u2019\u00e9poque, qu\u2019encore de nos jours, <a target=\"_blank\" href=\"https:\/\/inegalites.fr\/Le-partage-des-taches-domestiques-et-familiales-ne-progresse-pas\">les t\u00e2ches m\u00e9nag\u00e8res demeurent largement effectu\u00e9es par les femmes<\/a>.<\/p>\n<p><img loading=\"lazy\" decoding=\"async\" class=\"alignnone wp-image-715841 size-full\" src=\"https:\/\/mrmondialisation.org\/wp-content\/uploads\/2025\/03\/droits-des-femmes-8.jpg\" alt=\"\" width=\"1500\" height=\"2356\" srcset=\"https:\/\/mrmondialisation.org\/wp-content\/uploads\/2025\/03\/droits-des-femmes-8.jpg 1500w, https:\/\/mrmondialisation.org\/wp-content\/uploads\/2025\/03\/droits-des-femmes-8-652x1024.jpg 652w, https:\/\/mrmondialisation.org\/wp-content\/uploads\/2025\/03\/droits-des-femmes-8-970x1524.jpg 970w, https:\/\/mrmondialisation.org\/wp-content\/uploads\/2025\/03\/droits-des-femmes-8-768x1206.jpg 768w, https:\/\/mrmondialisation.org\/wp-content\/uploads\/2025\/03\/droits-des-femmes-8-978x1536.jpg 978w, https:\/\/mrmondialisation.org\/wp-content\/uploads\/2025\/03\/droits-des-femmes-8-1304x2048.jpg 1304w, https:\/\/mrmondialisation.org\/wp-content\/uploads\/2025\/03\/droits-des-femmes-8-696x1093.jpg 696w, https:\/\/mrmondialisation.org\/wp-content\/uploads\/2025\/03\/droits-des-femmes-8-1068x1677.jpg 1068w, https:\/\/mrmondialisation.org\/wp-content\/uploads\/2025\/03\/droits-des-femmes-8-267x420.jpg 267w\" sizes=\"auto, (max-width: 1500px) 100vw, 1500px\"\/><\/p>\n<p>En creux, <strong>ce genre de discours invite chacun \u00e0 rester \u00e0 sa place.<\/strong> L\u2019homme doit pourvoir aux besoins de sa famille. Quant \u00e0 la femme, autrefois, elle restait au foyer. Un id\u00e9al invisibilisant celles appartenant aux classes travailleuses par ailleurs\u2026 Aujourd\u2019hui, on accepte que la femme travaille si cela ne nuit pas \u00e0 sa vie de famille, deux injonctions forc\u00e9ment <a target=\"_blank\" href=\"https:\/\/mrmondialisation.org\/tribune-femme-tu-auras-toujours-tort\/\">incompatibles<\/a>.<\/p>\n<p>Si on daigne octroyer plus d\u2019ind\u00e9pendance aux femmes, <strong>il ne faudrait pas que l\u2019ordre patriarcal en soit trop bouscul\u00e9 pour autant<\/strong>. La perte de certains privil\u00e8ges est inenvisageable tant elle touche \u00e0 la virilit\u00e9 (du moins \u00e0 l\u2019id\u00e9e qu\u2019ils s\u2019en font) de ces messieurs.<\/p>\n<h2><strong>\u00ab\u00a0c\u2019est le fond du probl\u00e8me : les f\u00e9ministes veulent devenir des hommes !\u00a0\u00bb<\/strong><\/h2>\n<p>Car <strong>le pendant des femmes qui se masculinisent, c\u2019est les hommes qui se f\u00e9minisent<\/strong> <strong>!<\/strong> Un vrai<a target=\"_blank\" href=\"https:\/\/www.monde-diplomatique.fr\/2003\/08\/HALIMI\/10360\"> complot f\u00e9ministe<\/a> contre la masculinit\u00e9. Le Figaro s\u2019inqui\u00e8te m\u00eame de l\u2019<a target=\"_blank\" href=\"https:\/\/www.lefigaro.fr\/actualite-france\/2013\/07\/19\/01016-20130719ARTFIG00355-o-sont-passes-les-hommes.php\">effacement de l\u2019identit\u00e9 masculine<\/a> !<\/p>\n<figure id=\"attachment_715834\" aria-describedby=\"caption-attachment-715834\" style=\"width: 1500px\" class=\"wp-caption alignnone\"><img loading=\"lazy\" decoding=\"async\" class=\"wp-image-715834 size-full\" src=\"https:\/\/mrmondialisation.org\/wp-content\/uploads\/2025\/03\/droits-des-femmes-1.jpg\" alt=\"\" width=\"1500\" height=\"2356\" srcset=\"https:\/\/mrmondialisation.org\/wp-content\/uploads\/2025\/03\/droits-des-femmes-1.jpg 1500w, https:\/\/mrmondialisation.org\/wp-content\/uploads\/2025\/03\/droits-des-femmes-1-652x1024.jpg 652w, https:\/\/mrmondialisation.org\/wp-content\/uploads\/2025\/03\/droits-des-femmes-1-970x1524.jpg 970w, https:\/\/mrmondialisation.org\/wp-content\/uploads\/2025\/03\/droits-des-femmes-1-768x1206.jpg 768w, https:\/\/mrmondialisation.org\/wp-content\/uploads\/2025\/03\/droits-des-femmes-1-978x1536.jpg 978w, https:\/\/mrmondialisation.org\/wp-content\/uploads\/2025\/03\/droits-des-femmes-1-1304x2048.jpg 1304w, https:\/\/mrmondialisation.org\/wp-content\/uploads\/2025\/03\/droits-des-femmes-1-696x1093.jpg 696w, https:\/\/mrmondialisation.org\/wp-content\/uploads\/2025\/03\/droits-des-femmes-1-1068x1677.jpg 1068w, https:\/\/mrmondialisation.org\/wp-content\/uploads\/2025\/03\/droits-des-femmes-1-267x420.jpg 267w\" sizes=\"auto, (max-width: 1500px) 100vw, 1500px\"\/><figcaption id=\"caption-attachment-715834\" class=\"wp-caption-text\">Un probl\u00e8me de suffrage \/\u00a0\u00bbcouvre une multitude de p\u00e9ch\u00e9s.\u00a0\u00bb (dans le cadre)<\/figcaption><\/figure>\n<p>Et cette ressemblance ne s\u2019arr\u00eate pas aux droits ou \u00e0 la place dans la soci\u00e9t\u00e9. <strong>Elle contamine aussi l\u2019apparence physique : quand les femmes porteront des pantalons, comment pourra-t-on les diff\u00e9rencier des hommes ?<\/strong> Et que restera-t-il aux hommes comme sp\u00e9cificit\u00e9 ? Cette peur d\u2019\u00e9masculation fait \u00e9cho \u00e0 la <a target=\"_blank\" href=\"https:\/\/www.youtube.com\/watch?v=ObdXww-PX1A\">vague actuelle de transphobie<\/a> frappant les personnes transgenres, et les femmes trans plus particuli\u00e8rement.<\/p>\n<p>Pour pousser la caricature jusque dans le grotesque :<strong> <em>\u00ab\u00a0Une suffragette demande \u00e0 une femme \u00e0 barbe (dangereuse) : Comment avez-vous r\u00e9ussi ?\u00a0\u00bb<\/em><\/strong><\/p>\n<h4><img loading=\"lazy\" decoding=\"async\" class=\"alignnone wp-image-715845 size-full\" src=\"https:\/\/mrmondialisation.org\/wp-content\/uploads\/2025\/03\/droits-des-femmes-12.jpg\" alt=\"\" width=\"1500\" height=\"2356\" srcset=\"https:\/\/mrmondialisation.org\/wp-content\/uploads\/2025\/03\/droits-des-femmes-12.jpg 1500w, https:\/\/mrmondialisation.org\/wp-content\/uploads\/2025\/03\/droits-des-femmes-12-652x1024.jpg 652w, https:\/\/mrmondialisation.org\/wp-content\/uploads\/2025\/03\/droits-des-femmes-12-970x1524.jpg 970w, https:\/\/mrmondialisation.org\/wp-content\/uploads\/2025\/03\/droits-des-femmes-12-768x1206.jpg 768w, https:\/\/mrmondialisation.org\/wp-content\/uploads\/2025\/03\/droits-des-femmes-12-978x1536.jpg 978w, https:\/\/mrmondialisation.org\/wp-content\/uploads\/2025\/03\/droits-des-femmes-12-1304x2048.jpg 1304w, https:\/\/mrmondialisation.org\/wp-content\/uploads\/2025\/03\/droits-des-femmes-12-696x1093.jpg 696w, https:\/\/mrmondialisation.org\/wp-content\/uploads\/2025\/03\/droits-des-femmes-12-1068x1677.jpg 1068w, https:\/\/mrmondialisation.org\/wp-content\/uploads\/2025\/03\/droits-des-femmes-12-267x420.jpg 267w\" sizes=\"auto, (max-width: 1500px) 100vw, 1500px\"\/><\/h4>\n<h2><strong>\u00ab\u00a0les femmes se cr\u00eapent le chignon pour un rien\u00a0\u00bb<\/strong><\/h2>\n<p>Pour d\u00e9cr\u00e9dibiliser une lutte f\u00e9ministe, le recours <strong>aux clich\u00e9s sexistes tels que \u00ab\u00a0la <a target=\"_blank\" href=\"https:\/\/www.radiofrance.fr\/franceinter\/aux-origines-du-prejuge-sexiste-de-la-femme-hysterique-5611374\">femme hyst\u00e9rique<\/a> qui s\u2019\u00e9nerve pour un rien\u00a0\u00bb demeure une valeur s\u00fbre.<\/strong> Comment pourrait-elle participer \u00e0 la vie de la cit\u00e9 si elle ne peut contr\u00f4ler ses \u00e9motions ?<\/p>\n<p><em><strong>\u00ab\u00a0Qu\u2019est-ce que ces \u00e9pouses sauvages sont en train de dire ?\u00a0\u00bb<\/strong> <\/em>se demande un pauvre homme au sujet d\u2019une r\u00e9union sur le droit de vote des femmes.<\/p>\n<p><img loading=\"lazy\" decoding=\"async\" class=\"alignnone wp-image-715843 size-full\" src=\"https:\/\/mrmondialisation.org\/wp-content\/uploads\/2025\/03\/droits-des-femmes-10.jpg\" alt=\"\" width=\"1500\" height=\"2356\" srcset=\"https:\/\/mrmondialisation.org\/wp-content\/uploads\/2025\/03\/droits-des-femmes-10.jpg 1500w, https:\/\/mrmondialisation.org\/wp-content\/uploads\/2025\/03\/droits-des-femmes-10-652x1024.jpg 652w, https:\/\/mrmondialisation.org\/wp-content\/uploads\/2025\/03\/droits-des-femmes-10-970x1524.jpg 970w, https:\/\/mrmondialisation.org\/wp-content\/uploads\/2025\/03\/droits-des-femmes-10-768x1206.jpg 768w, https:\/\/mrmondialisation.org\/wp-content\/uploads\/2025\/03\/droits-des-femmes-10-978x1536.jpg 978w, https:\/\/mrmondialisation.org\/wp-content\/uploads\/2025\/03\/droits-des-femmes-10-1304x2048.jpg 1304w, https:\/\/mrmondialisation.org\/wp-content\/uploads\/2025\/03\/droits-des-femmes-10-696x1093.jpg 696w, https:\/\/mrmondialisation.org\/wp-content\/uploads\/2025\/03\/droits-des-femmes-10-1068x1677.jpg 1068w, https:\/\/mrmondialisation.org\/wp-content\/uploads\/2025\/03\/droits-des-femmes-10-267x420.jpg 267w\" sizes=\"auto, (max-width: 1500px) 100vw, 1500px\"\/><\/p>\n<p>Justification pour ne pas les autoriser \u00e0 voter f\u00fbt un temps, <strong>ce m\u00eame imaginaire est convoqu\u00e9 de nos jours pour expliquer leur absence \u00e0 des postes de pouvoirs ou le fait de ne pas les soutenir dans leur combat.<\/strong><\/p>\n<p>D\u2019o\u00f9<a target=\"_blank\" href=\"https:\/\/www.youtube.com\/watch?v=jml0m7P__10\"> la sortie misogyne d\u2019Eric Zemmour en 2013<\/a> : <em>\u00ab\u00a0Elles n\u2019expriment pas le pouvoir, elles n\u2019incarnent pas le pouvoir, c\u2019est comme \u00e7a.<strong> Le pouvoir s\u2019\u00e9vapore d\u00e8s qu\u2019elles arrivent.\u00a0\u00bb<\/strong><\/em> On ne compte plus <a target=\"_blank\" href=\"https:\/\/www.radiofrance.fr\/franceinter\/articles-livres-discours-nous-avons-exhume-25-ans-de-sorties-sexistes-d-eric-zemmour-7288640\">les sorties sexistes<\/a> de l\u2019essayiste et homme politique d\u2019extr\u00eame-droite.<em><br \/><\/em><\/p>\n<h2><strong>\u00ab\u00a0En plus, les f\u00e9ministes\/suffragettes sont des femmes moches et aigries qui n\u2019ont pas trouv\u00e9 d\u2019hommes\u00a0\u00bb<\/strong><\/h2>\n<p><em>\u00ab\u00a0Origine et d\u00e9veloppement d\u2019une suffragette : \u00e0 15 ans, un petit animal de compagnie ; \u00e0 20 ans, une petite coquette ; \u00e0 40 ans, toujours pas mari\u00e9e ! ; \u00e0 50 ans, une suffragette\u00a0\u00bb<\/em><\/p>\n<p><img loading=\"lazy\" decoding=\"async\" class=\"alignnone size-medium wp-image-715836\" src=\"https:\/\/mrmondialisation.org\/wp-content\/uploads\/2025\/03\/droits-des-femmes-3-seulesmoches-et-aigries-661x1024.jpg\" alt=\"\" width=\"661\" height=\"1024\" srcset=\"https:\/\/mrmondialisation.org\/wp-content\/uploads\/2025\/03\/droits-des-femmes-3-seulesmoches-et-aigries-661x1024.jpg 661w, https:\/\/mrmondialisation.org\/wp-content\/uploads\/2025\/03\/droits-des-femmes-3-seulesmoches-et-aigries-983x1524.jpg 983w, https:\/\/mrmondialisation.org\/wp-content\/uploads\/2025\/03\/droits-des-femmes-3-seulesmoches-et-aigries-768x1190.jpg 768w, https:\/\/mrmondialisation.org\/wp-content\/uploads\/2025\/03\/droits-des-femmes-3-seulesmoches-et-aigries-991x1536.jpg 991w, https:\/\/mrmondialisation.org\/wp-content\/uploads\/2025\/03\/droits-des-femmes-3-seulesmoches-et-aigries-696x1079.jpg 696w, https:\/\/mrmondialisation.org\/wp-content\/uploads\/2025\/03\/droits-des-femmes-3-seulesmoches-et-aigries-1068x1655.jpg 1068w, https:\/\/mrmondialisation.org\/wp-content\/uploads\/2025\/03\/droits-des-femmes-3-seulesmoches-et-aigries-271x420.jpg 271w, https:\/\/mrmondialisation.org\/wp-content\/uploads\/2025\/03\/droits-des-femmes-3-seulesmoches-et-aigries.jpg 1300w\" sizes=\"auto, (max-width: 661px) 100vw, 661px\"\/><\/p>\n<p>Car <strong>quelle f\u00e9ministe n\u2019a pas entendu qu\u2019elle \u00e9tait \u00ab\u00a0<a target=\"_blank\" href=\"https:\/\/www.philomag.com\/articles\/toutes-des-mal-baisees\">mal bais\u00e9e<\/a>\u00a0\u00bb et que son engagement f\u00e9ministe provenait de cette frustration ?<\/strong> Les f\u00e9ministes (comme <a target=\"_blank\" href=\"https:\/\/minutesimone.fr\/2020\/10\/01\/les-feministes-sont-des-mal-baisees\/\">Minute Simone<\/a> ou <a target=\"_blank\" href=\"https:\/\/www.heloisesimon.com\/batailleschoisies\/373\">H\u00e9lo\u00efse Simon<\/a>) n\u2019ont pas manqu\u00e9 de s\u2019emparer de ce poncif \u00e9cul\u00e9 au profit de leur lutte. Un clich\u00e9 sans aucune valeur mais d\u2019autant plus ironique que <a target=\"_blank\" href=\"https:\/\/www.rtbf.be\/article\/selon-une-etude-les-femmes-feministes-auraient-une-sexualite-plus-satisfaisante-que-les-autres-11346290\">selon une \u00e9tude,<strong> les femmes f\u00e9ministes auraient une sexualit\u00e9 plus satisfaisante que les autres.<\/strong><\/a><\/p>\n<p>Et leur <a target=\"_blank\" href=\"https:\/\/shs.cairn.info\/feminismes-150-ans-d-idees-recues--9791031805849-page-53?lang=fr\">laideur pr\u00e9sum\u00e9e<\/a> se retrouve dans la bouche de c\u00e9l\u00e9brit\u00e9s comme<a target=\"_blank\" href=\"https:\/\/www.lesinrocks.com\/actu\/pour-francoise-hardy-les-feministes-sont-hargneuses-et-moches-363365-06-03-2015\/\"> Fran\u00e7oise Hardy<\/a> ou gr\u00e2ce aux memes pullulant en ligne. Comme les f\u00e9ministes rejettent les codes d\u2019une soci\u00e9t\u00e9 genr\u00e9e, <strong>elle ne peuvent que sortir des canons de beaut\u00e9 pour leurs d\u00e9tracteurs.<\/strong><\/p>\n<figure id=\"attachment_715859\" aria-describedby=\"caption-attachment-715859\" style=\"width: 1300px\" class=\"wp-caption alignnone\"><img loading=\"lazy\" decoding=\"async\" class=\"wp-image-715859 size-full\" src=\"https:\/\/mrmondialisation.org\/wp-content\/uploads\/2025\/03\/droits-des-femmes-15.jpg\" alt=\"\" width=\"1300\" height=\"2171\" srcset=\"https:\/\/mrmondialisation.org\/wp-content\/uploads\/2025\/03\/droits-des-femmes-15.jpg 1300w, https:\/\/mrmondialisation.org\/wp-content\/uploads\/2025\/03\/droits-des-femmes-15-613x1024.jpg 613w, https:\/\/mrmondialisation.org\/wp-content\/uploads\/2025\/03\/droits-des-femmes-15-913x1524.jpg 913w, https:\/\/mrmondialisation.org\/wp-content\/uploads\/2025\/03\/droits-des-femmes-15-768x1283.jpg 768w, https:\/\/mrmondialisation.org\/wp-content\/uploads\/2025\/03\/droits-des-femmes-15-920x1536.jpg 920w, https:\/\/mrmondialisation.org\/wp-content\/uploads\/2025\/03\/droits-des-femmes-15-1226x2048.jpg 1226w, https:\/\/mrmondialisation.org\/wp-content\/uploads\/2025\/03\/droits-des-femmes-15-696x1162.jpg 696w, https:\/\/mrmondialisation.org\/wp-content\/uploads\/2025\/03\/droits-des-femmes-15-1068x1784.jpg 1068w, https:\/\/mrmondialisation.org\/wp-content\/uploads\/2025\/03\/droits-des-femmes-15-251x420.jpg 251w\" sizes=\"auto, (max-width: 1300px) 100vw, 1300px\"\/><figcaption id=\"caption-attachment-715859\" class=\"wp-caption-text\"><em>\u00ab\u00a0Personne ne m\u2019aime, je pense que je vais devenir suffragette\u00a0\u00bb<\/em>. Carte postale de 1911 \u2013 <a target=\"_blank\" href=\"https:\/\/scholarworks.uni.edu\/suffrage_images\/617\/\">Public Domain<\/a><\/figcaption><\/figure>\n<p>S\u2019il fallait retenir une le\u00e7on de tous ces exemples, c\u2019est de <strong>ne pas se laisser atteindre par ces attaques<\/strong> <strong>anti-f\u00e9ministes rab\u00e2ch\u00e9es de g\u00e9n\u00e9ration en g\u00e9n\u00e9ration.<\/strong> En les renvoyant d\u2019o\u00f9 elles viennent : des tr\u00e9fonds de l\u2019histoire.<\/p>\n<p><strong>La lutte pour les droits de femmes n\u2019est pas encore au bout de ses peines et se heurtera toujours \u00e0 des volont\u00e9s contraires.<\/strong> C\u2019est en pers\u00e9v\u00e9rant pour un monde plus juste et digne pour l\u2019ensemble des \u00eatres que l\u2019on parvient \u00e0 triompher \u00e0 terme. A l\u2019heure d\u2019un <strong><a target=\"_blank\" href=\"https:\/\/www.humanite.fr\/en-debat\/diplomatie\/face-au-backlash-et-au-trumpisme-nabandonnons-pas-la-diplomatie-feministe-francaise\">backlash<\/a> g\u00e9n\u00e9ralis\u00e9<\/strong>, il demeure d\u2019autant plus important de rester mobilis\u00e9 et de ne pas laisser l\u2019anti-f\u00e9minisme se populariser comme une mode. Le f\u00e9minisme n\u2019est pas un gros mot, mais une grande cause.<\/p>\n<p style=\"text-align: right;\"><em>\u2013 S. Barret<\/em><\/p>\n<p>\u00a0<\/p>\n<div class=\"td-a-rec td-a-rec-id-content_bottom  tdi_2 td_block_template_1\">\n<span class=\"td-adspot-title\">&#8211; Cet article gratuit et ind\u00e9pendant existe gr\u00e2ce \u00e0 vous &#8211;<\/span><\/p>\n<div class=\"td-all-devices\">\n    <a target=\"_blank\" href=\"https:\/\/mrmondialisation.org\/donation\/\" title=\"Faire_un_don\"><img decoding=\"async\" class=\"donationArticle\" src=\"https:\/\/mrmondialisation.org\/wp-content\/uploads\/2022\/12\/220405-flikalicious-final.jpg\" alt=\"Donation\"\/><\/a>\n<\/div>\n<\/div><\/div>\n<p><br \/>\n<br \/><a href=\"https:\/\/mrmondialisation.org\/contre-droits-femmes-refrain-anti-feminisme\/\" target=\"_blank\"\">Source link <\/a><\/p>\n","protected":false},"excerpt":{"rendered":"<p>En 1977 par d\u00e9cision de l\u2019ONU, le 8 mars devenait la journ\u00e9e internationale des droits des femmes. Droit de vote, \u00e0 l\u2019\u00e9ducation, ind\u00e9pendance financi\u00e8re, contr\u00f4le de son corps, \u00e9galit\u00e9 salariale\u2026&hellip; <\/p>\n","protected":false},"author":1,"featured_media":4033,"comment_status":"open","ping_status":"open","sticky":false,"template":"","format":"standard","meta":{"footnotes":""},"categories":[1],"tags":[],"class_list":["post-4032","post","type-post","status-publish","format-standard","has-post-thumbnail","hentry","category-non-classe"],"_links":{"self":[{"href":"https:\/\/monde25.info\/index.php\/wp-json\/wp\/v2\/posts\/4032","targetHints":{"allow":["GET"]}}],"collection":[{"href":"https:\/\/monde25.info\/index.php\/wp-json\/wp\/v2\/posts"}],"about":[{"href":"https:\/\/monde25.info\/index.php\/wp-json\/wp\/v2\/types\/post"}],"author":[{"embeddable":true,"href":"https:\/\/monde25.info\/index.php\/wp-json\/wp\/v2\/users\/1"}],"replies":[{"embeddable":true,"href":"https:\/\/monde25.info\/index.php\/wp-json\/wp\/v2\/comments?post=4032"}],"version-history":[{"count":0,"href":"https:\/\/monde25.info\/index.php\/wp-json\/wp\/v2\/posts\/4032\/revisions"}],"wp:featuredmedia":[{"embeddable":true,"href":"https:\/\/monde25.info\/index.php\/wp-json\/wp\/v2\/media\/4033"}],"wp:attachment":[{"href":"https:\/\/monde25.info\/index.php\/wp-json\/wp\/v2\/media?parent=4032"}],"wp:term":[{"taxonomy":"category","embeddable":true,"href":"https:\/\/monde25.info\/index.php\/wp-json\/wp\/v2\/categories?post=4032"},{"taxonomy":"post_tag","embeddable":true,"href":"https:\/\/monde25.info\/index.php\/wp-json\/wp\/v2\/tags?post=4032"}],"curies":[{"name":"wp","href":"https:\/\/api.w.org\/{rel}","templated":true}]}}