{"id":4040,"date":"2025-03-08T19:38:44","date_gmt":"2025-03-08T18:38:44","guid":{"rendered":"https:\/\/monde25.info\/index.php\/2025\/03\/08\/manifestation-massive-a-paris-contre-lingerence-francaise-dans-le-conflit-en-ukraine-rt-en-francais\/"},"modified":"2025-03-08T19:38:44","modified_gmt":"2025-03-08T18:38:44","slug":"manifestation-massive-a-paris-contre-lingerence-francaise-dans-le-conflit-en-ukraine-rt-en-francais","status":"publish","type":"post","link":"https:\/\/monde25.info\/index.php\/2025\/03\/08\/manifestation-massive-a-paris-contre-lingerence-francaise-dans-le-conflit-en-ukraine-rt-en-francais\/","title":{"rendered":"Manifestation massive \u00e0 Paris contre l&rsquo;ing\u00e9rence fran\u00e7aise dans le conflit en Ukraine \u2014 RT en fran\u00e7ais"},"content":{"rendered":"<p> <br \/>\n<br \/><img decoding=\"async\" src=\"https:\/\/mf.b37mrtl.ru\/french\/images\/2025.03\/thumbnail\/67cc74fb6f7ccc6634736365.jpg\" \/><\/p>\n<div>\n<p class=\"text__summary\">\n                                        Des centaines de Parisiens ont protest\u00e9 contre l&rsquo;implication de la France en Ukraine. Ils d\u00e9noncent un projet militaire europ\u00e9en et accusent Macron de promouvoir une confrontation avec la Russie. La paix, la souverainet\u00e9 nationale et la fin des interventions arm\u00e9es font \u00e9galement partie des r\u00e9clamations.\n                                    <\/p>\n<p>\u00c0 Paris, une imposante manifestation s\u2019est d\u00e9roul\u00e9e ce samedi 8 mars pour d\u00e9noncer l\u2019engagement de la France dans le conflit en Ukraine et l\u2019envoi de troupes occidentales en soutien \u00e0 Kiev. Depuis la place du Palais-Royal, \u00e0 proximit\u00e9 du mus\u00e9e du Louvre, plusieurs centaines de personnes ont converg\u00e9 afin de faire entendre leur voix. Les participants, banderoles et drapeaux fran\u00e7ais en main, ont rejet\u00e9 cat\u00e9goriquement toute initiative militaire et ont appel\u00e9 \u00e0 la fin de l\u2019escalade entre l\u2019Union europ\u00e9enne et la Russie.<\/p>\n<div class=\"rtcode\">\n<blockquote class=\"twitter-tweet\">\n<p lang=\"fr\" dir=\"ltr\">Manifestation \u00e0 Paris contre l&rsquo;implication de la France dans le conflit ukrainien et le d\u00e9ploiement potentiel de troupes occidentales <a target=\"_blank\" href=\"https:\/\/t.co\/o2cbWlDZ69\">pic.twitter.com\/o2cbWlDZ69<\/a><\/p>\n<p>\u2014 Ali\u00e9nor d\u2019Aubign\u00e9 \u269c\ufe0f\u2626\ufe0f (@AlienorAubigne) <a target=\"_blank\" href=\"https:\/\/twitter.com\/AlienorAubigne\/status\/1898413953480536169?ref_src=twsrc%5Etfw\">March 8, 2025<\/a><\/p><\/blockquote>\n<\/div>\n<p>Au milieu de la foule, on\u00a0peut lire sur de nombreux panneaux les slogans \u00abMacron, on ne mourra pas pour l\u2019Ukraine\u202f\u202f\u00bb, \u00abPour la paix\u00bb et d\u2019autres messages rappelant l\u2019opposition totale \u00e0 la confrontation avec la Russie.<\/p>\n<p>Sur le trajet menant de l\u2019autre c\u00f4t\u00e9 de la Seine, les manifestants ont scand\u00e9 \u00e0 plusieurs reprises \u00abPas de soldats en Ukraine\u00bb, \u00abPas de missiles en Ukraine\u00bb, \u00abPas de Fran\u00e7ais en Ukraine\u00bb tout en r\u00e9clamant l\u2019abandon de la cr\u00e9ation \u00e9ventuelle de forces arm\u00e9es europ\u00e9ennes. Des interventions au m\u00e9gaphone ont \u00e9galement encourag\u00e9 la sortie de la France de l\u2019Union europ\u00e9enne.<\/p>\n<p>Certains\u00a0manifestants\u00a0brandissaient \u00e9galement des pancartes illustr\u00e9es de caricatures d\u2019Emmanuel Macron\u00a0proclamant : \u00abMacron d\u00e9gage\u00bb ou encore \u00abDestitution, vite\u00bb. Le ton \u00e9tait particuli\u00e8rement virulent\u202f: plusieurs orateurs ont estim\u00e9 que le pr\u00e9sident fran\u00e7ais et les responsables de l\u2019UE n\u2019avaient aucun int\u00e9r\u00eat r\u00e9el pour le bien-\u00eatre des Ukrainiens, mais cherchaient plut\u00f4t \u00e0 renforcer l\u2019appareil militaire europ\u00e9en et \u00e0 accentuer la confrontation avec la Russie.<\/p>\n<div class=\"rtcode\">\n<blockquote class=\"twitter-tweet\">\n<p lang=\"en\" dir=\"ltr\">A demonstration is taking place in Paris against the involvement of France in the conflict in Ukraine and the sending of Western troops to support Kyiv<br \/>The action started in the center of Paris. Posters are everywhere: \u00ab\u00a0Macron, we will not die for Ukraine!\u00a0\u00bb and French flags.<br \/>\ud83c\uddeb\ud83c\uddf7\ud83c\uddfa\ud83c\udde6 <a target=\"_blank\" href=\"https:\/\/t.co\/ke1pBBTix9\">pic.twitter.com\/ke1pBBTix9<\/a><\/p>\n<p>\u2014 Real Libyan (@real__libyan) <a target=\"_blank\" href=\"https:\/\/twitter.com\/real__libyan\/status\/1898402893964701840?ref_src=twsrc%5Etfw\">March 8, 2025<\/a><\/p><\/blockquote>\n<\/div>\n<p>Florian Philippot, leader du parti \u00abPatriotes\u00bb et principal organisateur de la manifestation, a pour sa part fait savoir \u00e0 la presse qu\u2019il consid\u00e9rait Emmanuel Macron et les eurofonctionnaires comme peu soucieux d\u2019instaurer la paix, la situation en Ukraine n\u2019\u00e9tant selon lui qu\u2019un pr\u00e9texte pour accro\u00eetre le pouvoir des institutions de l\u2019Union europ\u00e9enne. Il a \u00e9galement affirm\u00e9 que la cr\u00e9ation d\u2019une arm\u00e9e europ\u00e9enne et la mise en place d\u2019une dissuasion nucl\u00e9aire continentale figuraient au c\u0153ur de leurs ambitions. En outre, l\u2019homme politique fran\u00e7ais a d\u00e9clar\u00e9 que la proposition du chef de l\u2019\u00c9tat fran\u00e7ais d\u2019envoyer un contingent militaire en Ukraine visait \u00e0 entretenir une tension permanente, afin qu\u2019un \u00e9ventuel conflit puisse \u00eatre raviv\u00e9 \u00e0 tout moment au moyen de provocations ou d\u2019op\u00e9rations men\u00e9es sous faux drapeau.<\/p>\n<p>Les\u00a0manifestants\u00a0d\u00e9noncent \u00e9galement la r\u00e9cente d\u00e9claration d\u2019Emmanuel Macron, dat\u00e9e du 5 mars, dans laquelle il a qualifi\u00e9 la Russie de menace pour la France et pour l\u2019Europe. S&rsquo;en est suivi un appel \u00e0 discuter\u00a0de l&rsquo;utilisation des armes nucl\u00e9aires fran\u00e7aises pour \u00abprot\u00e9ger\u00bb l&rsquo;ensemble de l&rsquo;UE, constatant que les \u00c9tats-Unis avaient chang\u00e9 de position sur l&rsquo;Ukraine, et sur le r\u00f4le de leader de Washington au sein de l&rsquo;OTAN. En r\u00e9ponse, Dmitri Peskov, porte-parole du Kremlin, a jug\u00e9 ces propos \u00abextr\u00eamement conflictuels\u00bb et a point\u00e9 du doigt les \u00abinexactitudes\u00bb qu\u2019ils contiennent, rappelant notamment que l\u2019OTAN a, selon Moscou, fait avancer son infrastructure militaire \u00e0 grands pas vers la fronti\u00e8re russe sans tenir compte des pr\u00e9occupations l\u00e9gitimes de la Russie.<\/p>\n<\/div>\n<p><script async src=\"\/\/platform.twitter.com\/widgets.js\" charset=\"utf-8\"><\/script><br \/>\n<br \/><br \/>\n<br \/><a href=\"https:\/\/francais.rt.com\/france\/117732-manifestation-massive-paris-contre-ingerence-fran%C3%A7aise-dans-conflit-en-ukraine\" target=\"_blank\"\">Source link <\/a><\/p>\n","protected":false},"excerpt":{"rendered":"<p>Des centaines de Parisiens ont protest\u00e9 contre l&rsquo;implication de la France en Ukraine. Ils d\u00e9noncent un projet militaire europ\u00e9en et accusent Macron de promouvoir une confrontation avec la Russie. La&hellip; <\/p>\n","protected":false},"author":1,"featured_media":4041,"comment_status":"open","ping_status":"open","sticky":false,"template":"","format":"standard","meta":{"footnotes":""},"categories":[1],"tags":[],"class_list":["post-4040","post","type-post","status-publish","format-standard","has-post-thumbnail","hentry","category-non-classe"],"_links":{"self":[{"href":"https:\/\/monde25.info\/index.php\/wp-json\/wp\/v2\/posts\/4040","targetHints":{"allow":["GET"]}}],"collection":[{"href":"https:\/\/monde25.info\/index.php\/wp-json\/wp\/v2\/posts"}],"about":[{"href":"https:\/\/monde25.info\/index.php\/wp-json\/wp\/v2\/types\/post"}],"author":[{"embeddable":true,"href":"https:\/\/monde25.info\/index.php\/wp-json\/wp\/v2\/users\/1"}],"replies":[{"embeddable":true,"href":"https:\/\/monde25.info\/index.php\/wp-json\/wp\/v2\/comments?post=4040"}],"version-history":[{"count":0,"href":"https:\/\/monde25.info\/index.php\/wp-json\/wp\/v2\/posts\/4040\/revisions"}],"wp:featuredmedia":[{"embeddable":true,"href":"https:\/\/monde25.info\/index.php\/wp-json\/wp\/v2\/media\/4041"}],"wp:attachment":[{"href":"https:\/\/monde25.info\/index.php\/wp-json\/wp\/v2\/media?parent=4040"}],"wp:term":[{"taxonomy":"category","embeddable":true,"href":"https:\/\/monde25.info\/index.php\/wp-json\/wp\/v2\/categories?post=4040"},{"taxonomy":"post_tag","embeddable":true,"href":"https:\/\/monde25.info\/index.php\/wp-json\/wp\/v2\/tags?post=4040"}],"curies":[{"name":"wp","href":"https:\/\/api.w.org\/{rel}","templated":true}]}}