{"id":4048,"date":"2025-03-08T23:00:38","date_gmt":"2025-03-08T22:00:38","guid":{"rendered":"https:\/\/monde25.info\/index.php\/2025\/03\/08\/en-milieu-rural-les-femmes-victimes-de-violences-conjugales-peinent-a-trouver-de-laide\/"},"modified":"2025-03-08T23:00:38","modified_gmt":"2025-03-08T22:00:38","slug":"en-milieu-rural-les-femmes-victimes-de-violences-conjugales-peinent-a-trouver-de-laide","status":"publish","type":"post","link":"https:\/\/monde25.info\/index.php\/2025\/03\/08\/en-milieu-rural-les-femmes-victimes-de-violences-conjugales-peinent-a-trouver-de-laide\/","title":{"rendered":"En milieu rural, les femmes victimes de violences conjugales peinent \u00e0 trouver de l\u2019aide"},"content":{"rendered":"<p> <br \/>\n<\/p>\n<div>\n<p>Les premiers mois semblaient tout droit sortis d\u2019un conte de f\u00e9es. En 2016, Alice<span class=\"spip_note_ref\">\u00a0[<a target=\"_blank\" href=\"#nb_2A\" class=\"spip_note\" rel=\"appendix\" title=\"Le pr\u00e9nom a \u00e9t\u00e9 modifi\u00e9\" id=\"nh_2A\">*<\/a>]<\/span>, d\u00e9j\u00e0 trois enfants issus d\u2019une pr\u00e9c\u00e9dente union, vivait une idylle avec l\u2019homme qu\u2019elle venait de rencontrer. <i>\u00ab<small class=\"fine d-inline\">\u00a0<\/small>C\u2019est all\u00e9 tr\u00e8s vite et tr\u00e8s haut en intensit\u00e9<small class=\"fine d-inline\">\u00a0<\/small>\u00bb<\/i>, raconte-t-elle \u00e0 l\u2019autre bout du fil, le ton calme. Le couple a d\u00e9cid\u00e9 d\u2019emm\u00e9nager sous le m\u00eame toit quelques mois \u00e0 peine apr\u00e8s leur rencontre. Alice a choisi la Dr\u00f4me d\u2019o\u00f9 sont originaires ses grands-parents. Face aux tarifs de l\u2019immobilier, elle a \u00e9t\u00e9 contrainte de s\u2019\u00e9loigner des villes, et a trouv\u00e9 une grande maison dans un petit hameau de 35\u00a0habitants. La premi\u00e8re commune, d\u2019\u00e0 peine 5\u00a0000 \u00e2mes, se situe \u00e0 quarante minutes de route.<\/p>\n<p>Elle ne se souvient pas d\u2019un \u00e9v\u00e9nement particulier mais parle d\u2019un climat de violences qui se serait progressivement install\u00e9. Son conjoint ne cessait de la rabaisser, de l\u2019humilier, et est all\u00e9 jusqu\u2019\u00e0 la traiter d\u2019<i>\u00ab<small class=\"fine d-inline\">\u00a0<\/small>\u00e9go\u00efste<small class=\"fine d-inline\">\u00a0<\/small>\u00bb<\/i> lorsqu\u2019elle s\u2019est plaint de devoir assumer toutes les t\u00e2ches m\u00e9nag\u00e8res. <i>\u00ab<small class=\"fine d-inline\">\u00a0<\/small>Il ne m\u2019a jamais frapp\u00e9e, mais j\u2019\u00e9tais terroris\u00e9e<small class=\"fine d-inline\">\u00a0<\/small>\u00bb<\/i>, souffle-t-elle.<\/p>\n<p>L\u2019histoire d\u2019Alice est celle d\u2019une femme victime de violences conjugales qui cumule nombre de probl\u00e9matiques li\u00e9es \u00e0 la ruralit\u00e9. Les statistiques, qui jouissent d\u2019une triste stabilit\u00e9, dessinent un tableau sombre. Les violences intrafamiliales touchent toutes les cat\u00e9gories de population, mais en France, <a target=\"_blank\" href=\"https:\/\/www.senat.fr\/rap\/r21-060-1\/r21-060-133.html\" class=\"spip_out\" rel=\"external\">47<small class=\"fine d-inline\">\u00a0<\/small>%<\/a>, soit pr\u00e8s de la moiti\u00e9 des f\u00e9minicides conjugaux, ont lieu en zone rurale \u2014 ou comme le d\u00e9finit l\u2019Insee, ces localit\u00e9s de faible densit\u00e9 o\u00f9 r\u00e9side un tiers de la population.<\/p>\n<h2 class=\"spip\">Victimes en milieu rural\u00a0: la \u00ab<small class=\"fine d-inline\">\u00a0<\/small>double peine<small class=\"fine d-inline\">\u00a0<\/small>\u00bb<\/h2>\n<p>Comment l\u2019expliquer<small class=\"fine d-inline\">\u00a0<\/small>? Les carences, \u00e0 la campagne, dans la pr\u00e9vention contre les violences intrafamiliales sont en tout cas r\u00e9guli\u00e8rement point\u00e9es du doigt. En 2021, <a target=\"_blank\" href=\"https:\/\/www.senat.fr\/rap\/r21-060-1\/r21-060-133.html\" class=\"spip_out\" rel=\"external\">un rapport<\/a> du S\u00e9nat a mis en lumi\u00e8re la <i>\u00ab<small class=\"fine d-inline\">\u00a0<\/small>double peine<small class=\"fine d-inline\">\u00a0<\/small>\u00bb<\/i> dont sont victimes les femmes dans les territoires ruraux. Il insistait sur les sp\u00e9cificit\u00e9s des conditions de vie et, notamment, la plus grande pr\u00e9carit\u00e9 et d\u00e9pendance financi\u00e8re de certaines victimes vis-\u00e0-vis de leur conjoint violent.<\/p>\n<p>En filigrane, Alice d\u00e9crit une situation de contr\u00f4le coercitif, soit une forme d\u2019emprisonnement dans laquelle l\u2019agresseur-conjoint impose une r\u00e9gulation constante des faits et gestes du quotidien de la victime, et qui <a target=\"_blank\" href=\"https:\/\/lcp.fr\/actualites\/violences-sexuelles-et-sexistes-les-deputes-valident-l-inscription-du-controle-coercitif\" class=\"spip_out\" rel=\"external\">devrait bient\u00f4t<\/a> devenir un d\u00e9lit p\u00e9nalement r\u00e9pr\u00e9hensible en mati\u00e8re de violences conjugales.<\/p>\n<p>D\u2019apr\u00e8s son r\u00e9cit, celui qui est aujourd\u2019hui son ex-conjoint contr\u00f4lait ses temps de trajets, lui interdisait d\u2019avoir un emploi et fouillait son t\u00e9l\u00e9phone et son ordinateur. <i>\u00ab<small class=\"fine d-inline\">\u00a0<\/small>C\u2019\u00e9tait comme s\u2019il p\u00e9n\u00e9trait en permanence dans mes pens\u00e9es pour conna\u00eetre les moindres d\u00e9tails de mon \u00e2me<small class=\"fine d-inline\">\u00a0<\/small>\u00bb<\/i>, confie-t-elle. \u00c0 ce moment-l\u00e0, il \u00e9tait au ch\u00f4mage. Leur foyer vivait gr\u00e2ce aux allocations familiales.<\/p>\n<p>Jusqu\u2019\u00e0 ce jour de septembre 2019 o\u00f9 le maire du village a frapp\u00e9 \u00e0 la porte d\u2019Alice pour lui proposer d\u2019endosser le travail d\u2019assistante-maternelle dans l\u2019\u00e9cole du village situ\u00e9e en face de sa maison. Sortir de ce vase clos du foyer lui a donn\u00e9 la force de le quitter, dit-elle. Et un d\u00e9but d\u2019ind\u00e9pendance financi\u00e8re.<\/p>\n<blockquote class=\"spip\">\n<p>\u00ab<small class=\"fine d-inline\">\u00a0<\/small>Tout le monde sait tout, tout le monde se conna\u00eet<small class=\"fine d-inline\">\u00a0<\/small>\u00bb<\/p>\n<\/blockquote>\n<p>Une autre sp\u00e9cificit\u00e9 des violences en milieu rural\u00a0: le contr\u00f4le social d\u00fb \u00e0 la proximit\u00e9 des uns et des autres. Ainsi, alors qu\u2019elle suspectait que des violences aient \u00e9t\u00e9 commises \u00e0 l\u2019encontre de leur fils, Alice a un jour pouss\u00e9 la porte d\u2019un commissariat. Elle s\u2019est rendue compte quelque temps plus tard que l\u2019homme qui venait de prendre sa d\u00e9position jouait au tennis avec le p\u00e8re de son enfant.<\/p>\n<p>La chape de plomb impos\u00e9e par le contr\u00f4le social favorise l\u2019omerta dans ces territoires, explique la sociologue Johanna Dagorn, chercheuse \u00e0 l\u2019Universit\u00e9 de Bordeaux. Elle a notamment \u00e9tudi\u00e9 les cas de violences conjugales dans les petites communes de Nouvelle-Aquitaine.<\/p>\n<p><i>\u00ab<small class=\"fine d-inline\">\u00a0<\/small>Il n\u2019y a pas une seule femme que j\u2019ai interrog\u00e9e qui n\u2019ait pas dit\u00a0: \u201ctout le monde sait tout, tout le monde se conna\u00eet\u201d. Une femme victime de violences redoute par exemple d\u2019en parler \u00e0 une voisine de peur que son mari connaisse le conjoint violent<small class=\"fine d-inline\">\u00a0<\/small>\u00bb<\/i>, d\u00e9taille-t-elle \u00e0 <i>Reporterre<\/i>.<\/p>\n<h2 class=\"spip\">Menaces de mort<\/h2>\n<p>Dans les communes rurales, les femmes victimes de violences s\u2019adressent davantage au corps m\u00e9dical qu\u2019aux gendarmes, mais, l\u00e0 aussi, la faible densit\u00e9 m\u00e9dicale n\u2019aide pas. En 2020, <a target=\"_blank\" href=\"https:\/\/www.ihemi.fr\/sites\/default\/files\/publications\/files\/2020-05\/flash_28_violences_menage_selon_categorie_socioprofessionnelle.pdf\" class=\"spip_out\" rel=\"external\">une \u00e9tude<\/a> de l\u2019Institut national des hautes \u00e9tudes de la s\u00e9curit\u00e9 et la justice (<span class=\"caps\">INHESJ<\/span>) sur la violence dans les m\u00e9nages selon les niveaux de vie r\u00e9v\u00e9lait que le taux de plainte s\u2019\u00e9l\u00e8ve \u00e0 6<small class=\"fine d-inline\">\u00a0<\/small>% pour les agricultrices, contre 13<small class=\"fine d-inline\">\u00a0<\/small>% pour les employ\u00e9es.<\/p>\n<p>L\u2019une des promesses du Grenelle contre les violences conjugales de 2019 avait \u00e9t\u00e9 de renforcer la formation pour un meilleur accueil et accompagnement des victimes de violences intrafamiliales. Force est de constater que des carences demeurent, comme le rappelle l\u2019histoire de Christelle.<\/p>\n<p>Cette agricultrice g\u00e8re une ch\u00e8vrerie depuis vingt\u00a0ans \u00e0 Billy, une commune de 4\u00a0000 habitants situ\u00e9e dans le Loir-et-Cher. La voix saccad\u00e9e, elle nous cite p\u00eale-m\u00eale l\u2019\u00e9tendue des violences que lui faisait subir son ex-conjoint\u00a0: <i>\u00ab<small class=\"fine d-inline\">\u00a0<\/small>Il me tirait les cheveux, m\u2019envoyait des verres d\u2019eau dans la t\u00eate, me plaquait contre le mur et m\u2019\u00e9tranglait.<small class=\"fine d-inline\">\u00a0<\/small>\u00bb<\/i> Elle \u00e9tait aussi la cible de menaces de mort. <i>\u00ab<small class=\"fine d-inline\">\u00a0<\/small>Tout \u00e9tait pr\u00e9texte pour d\u00e9clencher des crises de jalousie<small class=\"fine d-inline\">\u00a0<\/small>\u00bb<\/i>, r\u00e9sume-t-elle.<\/p>\n<p><a target=\"_blank\" href=\"https:\/\/reporterre.net\/Les-agricultrices-sont-doublement-dominees\" class=\"lien_lireaussi\"><strong>Lire aussi : <\/strong> <span>\u00ab<small class=\"fine d-inline\">\u00a0<\/small>Les agricultrices sont doublement domin\u00e9es<small class=\"fine d-inline\">\u00a0<\/small>\u00bb<\/span><\/a><\/p>\n<p>Un jour, en 2017, il a saisi Christelle par les poignets afin de lui arracher son t\u00e9l\u00e9phone portable des mains, l\u2019a attrap\u00e9e par les oreilles, et l\u2019a plaqu\u00e9e contre le capot de leur voiture. Elle \u00e9tait enceinte de sept mois, et tenait leur fils \u00e2g\u00e9 d\u20191 an dans ses bras, qu\u2019elle a cogn\u00e9 en tentant de se relever.<\/p>\n<p>Elle s\u2019est alors d\u00e9cid\u00e9e \u00e0 d\u00e9poser sa premi\u00e8re plainte \u2014 elle en a d\u00e9pos\u00e9 sept au total, toutes class\u00e9es sans suite. \u00c0 chaque fois, elle d\u00e9crit le m\u00eame sc\u00e9nario. <i>\u00ab<small class=\"fine d-inline\">\u00a0<\/small>Un jour, les gendarmes ont refus\u00e9 de prendre ma plainte au motif que je n\u2019\u00e9tais pas venue avec un constat m\u00e9dical, alors que ce n\u2019est pas obligatoire. De mani\u00e8re g\u00e9n\u00e9rale, ils r\u00e9duisaient les violences \u00e0 une histoire de couple et minimisaient toujours les faits. Ce qui ne faisait que renforcer chez monsieur le sentiment de toute puissance.<small class=\"fine d-inline\">\u00a0<\/small>\u00bb<\/i><\/p>\n<blockquote class=\"spip\">\n<p>\u00ab<small class=\"fine d-inline\">\u00a0<\/small>Les gendarmes ont refus\u00e9 de prendre ma plainte<small class=\"fine d-inline\">\u00a0<\/small>\u00bb<\/p>\n<\/blockquote>\n<p>Apr\u00e8s des ann\u00e9es d\u2019errances judiciaires, sur les conseils d\u2019un m\u00e9decin, Christelle a b\u00e9n\u00e9fici\u00e9 de l\u2019accompagnement du planning familial, et a obtenu une ordonnance de protection en 2018.<\/p>\n<h2 class=\"spip\">Moins de recours aux dispositifs d\u2019aide<\/h2>\n<p>D\u2019ordinaire, la plupart des profils comme celui de Christelle passent hors des radars associatifs. Les habitantes des campagnes recourent moins aux dispositifs d\u2019aide et d\u2019accompagnement que celles vivant dans les territoires urbains. En 2023, \u00e0 peine 3<small class=\"fine d-inline\">\u00a0<\/small>% des appels re\u00e7us par le 3919, la ligne d\u2019\u00e9coute pour les femmes victimes de violences, venaient des quatorze d\u00e9partements les plus ruraux de France. Et seules 20<small class=\"fine d-inline\">\u00a0<\/small>% des personnes inform\u00e9es dans le cadre de consultations juridiques men\u00e9es par les <span class=\"caps\">CIDFF<\/span> (ces r\u00e9seaux d\u2019acc\u00e8s aux droits r\u00e9partis sur toute la France) provenaient des zones rurales.<\/p>\n<p><i>\u00ab<small class=\"fine d-inline\">\u00a0<\/small>Il y a encore trop peu de structures d\u2019accueil pour les femmes, avec parfois des difficult\u00e9s de mobilit\u00e9 et l\u2019absence de transports<small class=\"fine d-inline\">\u00a0<\/small>\u00bb<\/i>, pointe malgr\u00e9 tout la sociologue Johanna Dagorn. Pour tenter de pallier ce probl\u00e8me, le <span class=\"caps\">CIDFF<\/span> a lanc\u00e9 en 2023 des vans itin\u00e9rants qui se rendent sur les march\u00e9s, <i>\u00ab<small class=\"fine d-inline\">\u00a0<\/small>car ces lieux sont souvent fr\u00e9quent\u00e9s par une majorit\u00e9 de femmes<small class=\"fine d-inline\">\u00a0<\/small>\u00bb<\/i>, pr\u00e9cise Cl\u00e9mence Pajot, directrice de la f\u00e9d\u00e9ration nationale des <span class=\"caps\">CIDFF<\/span>.<\/p>\n<p>L\u2019isolement g\u00e9ographique et social a longtemps \u00e9t\u00e9 un obstacle pour B\u00e9atrice. En 2008, cela faisait une poign\u00e9e d\u2019ann\u00e9es qu\u2019ils vivaient ensemble lorsque son mari a insist\u00e9 pour qu\u2019elle quitte sa Haute-Savoie natale et lance \u00e0 ses c\u00f4t\u00e9s une exploitation de vaches allaitantes et de volailles en Aubrac. B\u00e9atrice ne connaissait personne et sa famille vivait \u00e0 pr\u00e8s de 500 kilom\u00e8tres de son nouveau foyer. Peu \u00e0 peu s\u2019est install\u00e9 un climat de brimades et d\u2019humiliations. <i>\u00ab<small class=\"fine d-inline\">\u00a0<\/small>Il me r\u00e9p\u00e9tait sans arr\u00eat que je n\u2019\u00e9tais qu\u2019une merde et que sans lui je vivrais sous les ponts<small class=\"fine d-inline\">\u00a0<\/small>\u00bb<\/i>, se rem\u00e9more-t-elle.<\/p>\n<blockquote class=\"spip\">\n<p>\u00ab<small class=\"fine d-inline\">\u00a0<\/small>En dehors de la ferme, il passait toujours pour un bon mari<small class=\"fine d-inline\">\u00a0<\/small>\u00bb<\/p>\n<\/blockquote>\n<p>Comme c\u2019est souvent le cas dans ces affaires, les violences sont mont\u00e9es d\u2019un cran lorsque B\u00e9atrice est tomb\u00e9e enceinte de leur premier enfant. <i>\u00ab<small class=\"fine d-inline\">\u00a0<\/small>J\u2019\u00e9tais compl\u00e8tement isol\u00e9e, je n\u2019avais personne \u00e0 qui me confier. D\u2019autant qu\u2019en dehors de la ferme, il passait toujours pour un bon mari aux yeux des autres.<small class=\"fine d-inline\">\u00a0<\/small>\u00bb<\/i> Dans les p\u00e9riodes de fortes pressions, comme lors des f\u00eates de fin d\u2019ann\u00e9e, il arrivait que celui dont elle est d\u00e9sormais divorc\u00e9e la menace de mort avec son fusil de chasse \u2014 une arme qu\u2019il n\u2019a jamais d\u00e9clar\u00e9e aupr\u00e8s des autorit\u00e9s.<\/p>\n<h2 class=\"spip\">Des structures menac\u00e9es par les coupes budg\u00e9taires<\/h2>\n<p>Les seuls moments que B\u00e9atrice passait sans son mari \u00e9taient les jours de march\u00e9s du village, lors desquels elle tenait un stand pour vendre ses volailles. Par bribes, elle finit par confier son calvaire \u00e0 une coll\u00e8gue qui l\u2019a encourag\u00e9e \u00e0 quitter son mari. Le 13\u00a0f\u00e9vrier 2021, elle a pr\u00e9text\u00e9 un rendez-vous m\u00e9dical pour sortir d\u00e9poser sa premi\u00e8re plainte aupr\u00e8s de la gendarmerie. Depuis le divorce, prononc\u00e9 un an plus tard, elle g\u00e8re seule l\u2019exploitation tout en \u00e9levant ses trois enfants.<\/p>\n<p>Au bout de plusieurs ann\u00e9es d\u2019isolement, Alice, Christelle et B\u00e9atrice ont pu trouver de l\u2019aide aupr\u00e8s d\u2019associations et de leurs b\u00e9n\u00e9voles qui tentent de combler le manque de services publics dans ces lieux isol\u00e9s. Parmi celles-ci, il y a Les Chouettes, situ\u00e9es \u00e0 Die, au c\u0153ur de la Dr\u00f4me, qui accompagne les femmes victimes et leurs enfants pour une meilleure prise en charge psychologique, sociale et juridique. Des structures essentielles mais menac\u00e9es dans un contexte de baisses de dotation de l\u2019\u00c9tat aux collectivit\u00e9s territoriales.<\/p>\n<p>Une proposition de loi devrait bient\u00f4t voir le jour. Port\u00e9e par la d\u00e9put\u00e9e La France insoumise de Haute-Vienne, Manon Meunier, elle vise \u00e0 renforcer la lutte contre les violences conjugales en milieux ruraux gr\u00e2ce \u00e0 la synth\u00e8se d\u2019ateliers citoyens et de rencontres avec les associations.<\/p>\n<p>Dans l\u2019Aubrac, B\u00e9atrice doit d\u00e9sormais g\u00e9rer une autre bataille\u00a0: celle du partage des terres entre elle et son mari, sachant que l\u2019exploitation accumule 100\u00a0000 euros de dettes. <i>\u00ab<small class=\"fine d-inline\">\u00a0<\/small>C\u2019est pour mes enfants aussi que je lutte, ils aimeraient beaucoup reprendre notre ferme dans quelques ann\u00e9es.<small class=\"fine d-inline\">\u00a0<\/small>\u00bb<\/i><\/p>\n<aside class=\"boite_encarts\">\n<div class=\"encart encart_gris noprint\">\n<p><strong>Puisque vous \u00eates l\u00e0&#8230;<\/strong><\/p>\n<p>&#8230; nous avons un petit service \u00e0 vous demander.<br class=\"autobr\"\/><br \/>\nEntre la pr\u00e9sence d\u2019un climatosceptique \u00e0 la t\u00eate de la premi\u00e8re puissance mondiale, un gouvernement fran\u00e7ais qui flirte avec l\u2019extr\u00eame-droite, et les catastrophes climatiques qui s\u2019enchainent&#8230; Faire vivre l\u2019\u00e9cologie dans le d\u00e9bat public est un enjeu crucial.<\/p>\n<p>Personne ne modifie ce que nous publions. Nous n\u2019avons ni actionnaire, ni propri\u00e9taire milliardaire \u2014 seulement une \u00e9quipe d\u2019irr\u00e9ductibles journalistes, pleine de d\u00e9termination.<\/p>\n<p>Nous avons la conviction que l\u2019urgence \u00e9cologique est l\u2019enjeu majeur de notre \u00e9poque. Et comme plus de 2 millions de lectrices et lecteurs chaque mois, vous partagez sans doute cette conviction&#8230;<\/p>\n<p><strong>Depuis 12 ans, nous publions des articles de qualit\u00e9 sur l\u2019\u00e9cologie, en acc\u00e8s libre et sans publicit\u00e9, pour tous.<\/strong><br class=\"autobr\"\/><br \/>\nMais ce travail demande beaucoup de temps et de ressources.<\/p>\n<p>Alors, si vous en avez les moyens, sachez qu\u2019un don, m\u00eame d\u20191\u20ac, est un acte de soutien fort pour l\u2019\u00e9cologie et le journalisme ind\u00e9pendant.<br class=\"autobr\"\/><br \/>\n(Et \u00e7a vous prendra moins de temps que la lecture de ce texte).<\/p>\n<p><strong>Si vous le pouvez, choisissez un soutien mensuel. Merci.<\/strong><\/p>\n<p><a target=\"_blank\" href=\"https:\/\/reporterre.net\/dons\" class=\"bt_soutenir\">Je soutiens <i>Reporterre<\/i><\/a><\/p>\n<\/p><\/div>\n<div class=\"encart encart_vert noprint montre_1023\">\n<div class=\"infolettre-form-container noprint\">\n<p>Abonnez-vous \u00e0 la lettre d\u2019info de Reporterre<\/p>\n<\/div><\/div>\n<\/aside>\n<aside class=\"boite_apresarticle encart_note\">\n<h4>Apr\u00e8s cet article<\/h4>\n<p>      <a target=\"_blank\" href=\"https:\/\/reporterre.net\/Livres-podcasts-revue-La-selection-feministe-de-Reporterre\" class=\"lien_article\">\n      <picture class=\"vignette_gauche\"><source type=\"image\/webp\" srcset=\"https:\/\/reporterre.net\/https:\/\/reporterre.net\/local\/cache-vignettes\/L450xH300\/design_sans_titre-5-a9caf.jpg@.webp?1741353764\"><img decoding=\"async\" src=\"https:\/\/reporterre.net\/local\/cache-vignettes\/L450xH300\/design_sans_titre-5-a9caf.jpg?1741353764\" width=\"450\" height=\"300\" alt=\"\" class=\"marge12\" loading=\"lazy\"\/><br \/>\n<\/source><\/picture>\n<p class=\"libelle\">\n<p>      F\u00e9minisme\n    <\/p>\n<p class=\"titre pol20\">Livres, podcasts, revue&#8230; La s\u00e9lection f\u00e9ministe de Reporterre<\/p>\n<p>      <\/a><br \/>\n    <\/aside>\n<aside class=\"boite_complement texte\">\n<div class=\"encart_note\">\n<h4>Notes<\/h4>\n<div id=\"nb_2A\">\n<p><span class=\"spip_note_ref\">[<a target=\"_blank\" href=\"#nh_2A\" class=\"spip_note\" title=\"Notes _2A\" rev=\"appendix\">*<\/a>]\u00a0<\/span>Le pr\u00e9nom a \u00e9t\u00e9 modifi\u00e9<\/p>\n<\/div><\/div>\n<p>      <!-- zone_forum --><br \/>\n          <\/aside>\n<aside class=\"boite_lireaussi noprint\">\n<\/aside>\n<aside class=\"colonne\">\n<div class=\"article_info cache_1023 noprint\">\n<p>    <span class=\"date\">8 mars 2025  \u00e0 10h05<\/span><\/p>\n<p>    <span class=\"date_modif\">Mis \u00e0 jour le 8 mars 2025 \u00e0 10h23<\/span>      <\/p>\n<p class=\"duree_lecture\">\n        Dur\u00e9e de lecture : 10 minutes\n      <\/p>\n<\/p><\/div>\n<div class=\"bloc_infolettre\">\n<div class=\"infolettre-form-container noprint\">\n<p>Abonnez-vous \u00e0 la lettre d\u2019info de Reporterre<\/p>\n<\/div><\/div>\n<\/aside>\n<div id=\"galerie\">\n  <img decoding=\"async\" src=\"\" class=\"principale\" id=\"principale\"\/><\/p>\n<p id=\"legende\">legende<\/p>\n<\/div>\n<footer class=\"noprint\">\n<\/footer>\n<\/div>\n<p><br \/>\n<br \/><a href=\"https:\/\/reporterre.net\/En-milieu-rural-les-femmes-victimes-de-violences-conjugales-peinent-a-trouver-de-l-aide\" target=\"_blank\"\">Source link <\/a><\/p>\n","protected":false},"excerpt":{"rendered":"<p>Les premiers mois semblaient tout droit sortis d\u2019un conte de f\u00e9es. En 2016, Alice\u00a0[*], d\u00e9j\u00e0 trois enfants issus d\u2019une pr\u00e9c\u00e9dente union, vivait une idylle avec l\u2019homme qu\u2019elle venait de rencontrer.&hellip; <\/p>\n","protected":false},"author":1,"featured_media":4049,"comment_status":"open","ping_status":"open","sticky":false,"template":"","format":"standard","meta":{"footnotes":""},"categories":[1],"tags":[],"class_list":["post-4048","post","type-post","status-publish","format-standard","has-post-thumbnail","hentry","category-non-classe"],"_links":{"self":[{"href":"https:\/\/monde25.info\/index.php\/wp-json\/wp\/v2\/posts\/4048","targetHints":{"allow":["GET"]}}],"collection":[{"href":"https:\/\/monde25.info\/index.php\/wp-json\/wp\/v2\/posts"}],"about":[{"href":"https:\/\/monde25.info\/index.php\/wp-json\/wp\/v2\/types\/post"}],"author":[{"embeddable":true,"href":"https:\/\/monde25.info\/index.php\/wp-json\/wp\/v2\/users\/1"}],"replies":[{"embeddable":true,"href":"https:\/\/monde25.info\/index.php\/wp-json\/wp\/v2\/comments?post=4048"}],"version-history":[{"count":0,"href":"https:\/\/monde25.info\/index.php\/wp-json\/wp\/v2\/posts\/4048\/revisions"}],"wp:featuredmedia":[{"embeddable":true,"href":"https:\/\/monde25.info\/index.php\/wp-json\/wp\/v2\/media\/4049"}],"wp:attachment":[{"href":"https:\/\/monde25.info\/index.php\/wp-json\/wp\/v2\/media?parent=4048"}],"wp:term":[{"taxonomy":"category","embeddable":true,"href":"https:\/\/monde25.info\/index.php\/wp-json\/wp\/v2\/categories?post=4048"},{"taxonomy":"post_tag","embeddable":true,"href":"https:\/\/monde25.info\/index.php\/wp-json\/wp\/v2\/tags?post=4048"}],"curies":[{"name":"wp","href":"https:\/\/api.w.org\/{rel}","templated":true}]}}