{"id":4061,"date":"2025-03-09T03:25:36","date_gmt":"2025-03-09T02:25:36","guid":{"rendered":"https:\/\/monde25.info\/index.php\/2025\/03\/09\/la-militarisation-effrayante-de-leurope-les-maitres-du-monde-sott-net\/"},"modified":"2025-03-09T03:25:36","modified_gmt":"2025-03-09T02:25:36","slug":"la-militarisation-effrayante-de-leurope-les-maitres-du-monde-sott-net","status":"publish","type":"post","link":"https:\/\/monde25.info\/index.php\/2025\/03\/09\/la-militarisation-effrayante-de-leurope-les-maitres-du-monde-sott-net\/","title":{"rendered":"La militarisation effrayante de l&rsquo;Europe \u2014 Les Ma\u00eetres du Monde \u2014 Sott.net"},"content":{"rendered":"<p> <br \/>\n<\/p>\n<div>\n      Les dirigeants europ\u00e9ens veulent augmenter drastiquement les d\u00e9penses de d\u00e9fense et pr\u00e9parer leurs \u00e9conomies \u00e0 la guerre. Il existe des plans pour introduire (pour l&rsquo;instant) le service militaire volontaire et pour installer un <a target=\"_blank\" href=\"https:\/\/contropiano.org\/news\/internazionale-news\/2025\/02\/22\/channo-rimasto-soli-lunione-europea-cerca-un-ombrello-nucleare-0180648\">bouclier nucl\u00e9aire<\/a>. Certains pays sont pr\u00eats \u00e0 envoyer des troupes dans les pays voisins de la Russie, y compris l&rsquo;Ukraine. Boris Pistorius, l&rsquo;ancien ministre allemand de la D\u00e9fense, <a target=\"_blank\" href=\"https:\/\/www.unsere-zeit.de\/uebergang-zur-kriegswirtschaft-4800209\/\">a d\u00e9clar\u00e9<\/a> que son pays serait \u00ab pr\u00eat pour la guerre \u00bb (Kriegst\u00fcchtigkeit) d&rsquo;ici \u00e0 2029. La hache de guerre est d\u00e9terr\u00e9e.<\/p>\n<div class=\"article-image-super to-center\"><a target=\"_blank\" href=\"https:\/\/fr.sott.net\/image\/s36\/724397\/full\/Capture_decran_le_2025_03_05_a.jpg\" target=\"_blank\"><img decoding=\"async\" src=\"https:\/\/fr.sott.net\/image\/s36\/724397\/super\/Capture_decran_le_2025_03_05_a.jpg\" alt=\"ghjk\" title=\"Cliquer pour agrandir\"\/><\/a><\/div>\n<p>\u00ab Nous avons \u00e9t\u00e9 trahis par Trump et nous sommes menac\u00e9s par Poutine, c&rsquo;est pourquoi nous devons intensifier nos efforts militaires et nous pr\u00e9parer \u00e0 la guerre. \u00bb C&rsquo;est le r\u00e9cit que l&rsquo;\u00e9lite europ\u00e9enne nous impose et qui est largement relay\u00e9 dans les m\u00e9dias grand public. Cependant, ce r\u00e9cit masque les v\u00e9ritables raisons et causes sous-jacentes de cette fi\u00e8vre guerri\u00e8re.<\/p>\n<p><strong><span class=\"BoldGrey\">D\u00e9clin<\/span><\/strong><\/p>\n<p>La militarisation de l&rsquo;Europe s&rsquo;inscrit dans une crise \u00e9conomique plus large. Depuis la crise financi\u00e8re de 2008, l&rsquo;\u00e9conomie europ\u00e9enne peine \u00e0 trouver de nouvelles voies de croissance. La crise du COVID-19 a port\u00e9 un coup dur \u00e0 l&rsquo;\u00e9conomie et, depuis les sanctions \u00e9conomiques contre la Russie, nous avons abandonn\u00e9 notre \u00e9nergie bon march\u00e9.<\/p>\n<p>En raison d&rsquo;une obsession pour l&rsquo;aust\u00e9rit\u00e9, les gouvernements ont n\u00e9glig\u00e9 des secteurs essentiels au d\u00e9veloppement de la productivit\u00e9, tels que l&rsquo;\u00e9ducation et la science. De leur c\u00f4t\u00e9, les oligarques financiers n&rsquo;ont pas suffisamment investi leurs profits monopolistiques dans de nouvelles technologies pour concurrencer les \u00c9tats-Unis et la Chine.<\/p>\n<p>En cons\u00e9quence, l&rsquo;Europe accuse un retard technologique et \u00e9conomique.<\/p>\n<p>Sur le plan g\u00e9opolitique, la situation n&rsquo;est pas plus favorable. L&rsquo;Europe et les \u00c9tats-Unis n&rsquo;ont pas r\u00e9ussi, apr\u00e8s la chute de l&rsquo;Union sovi\u00e9tique, \u00e0 transformer la Russie en une semi-colonie ni \u00e0 provoquer un changement de r\u00e9gime capitaliste en Chine.<\/p>\n<p>L&rsquo;espoir \u00e9tait qu&rsquo;en int\u00e9grant la Chine dans l&rsquo;Organisation mondiale du commerce et en y investissant massivement, les forces capitalistes y cro\u00eetraient au point de prendre le pouvoir \u00e0 la place du Parti communiste. C&rsquo;\u00e9tait un v\u0153u pieux.<\/p>\n<p>En suivant aveugl\u00e9ment les \u00c9tats-Unis, l&rsquo;Europe a n\u00e9glig\u00e9, apr\u00e8s la chute de l&rsquo;URSS, de construire une structure de s\u00e9curit\u00e9 \u00e9quilibr\u00e9e, incluant \u00e9galement la Russie.<\/p>\n<p>Aujourd&rsquo;hui, la Russie et la Chine sont devenues des adversaires redoutables avec lesquels il faut d\u00e9sormais compter.<\/p>\n<p>Sous l&rsquo;impulsion de la Chine, les pays du Sud, via les BRICS, constituent \u00e9galement un contrepoids croissant \u00e0 la domination du Nord.<\/p>\n<p><strong><span class=\"BoldGrey\">La lutte est lanc\u00e9e<\/span><\/strong><\/p>\n<p>C&rsquo;est dans ce contexte que l&rsquo;\u00e9lite am\u00e9ricaine, sous la direction de Trump et Musk, a lanc\u00e9 une campagne agressive pour pr\u00e9server la supr\u00e9matie absolue des \u00c9tats-Unis (Make America Great Again), quitte \u00e0 sacrifier leurs alli\u00e9s les plus proches.<\/p>\n<p>Cela signifie que la lutte entre les \u00c9tats-Unis et les autres grandes puissances imp\u00e9rialistes est d\u00e9sormais ouverte. Lors du Forum \u00e9conomique mondial de Davos, Ursula von der Leyen l&rsquo;a <a target=\"_blank\" href=\"https:\/\/germany.representation.ec.europa.eu\/news\/rede-von-kommissionsprasidentin-von-der-leyen-auf-dem-weltwirtschaftsforum-2025-01-21_de\">exprim\u00e9<\/a> ainsi :<\/p>\n<p><em>\u00ab L&rsquo;ordre mondial bas\u00e9 sur la coop\u00e9ration, tel que nous l&rsquo;avions envisag\u00e9 il y a 25 ans, ne s&rsquo;est pas concr\u00e9tis\u00e9. \u00c0 la place, nous sommes entr\u00e9s dans une nouvelle \u00e8re de concurrence g\u00e9opolitique intense.<\/em><\/p>\n<p><em>Les plus grandes \u00e9conomies du monde se battent pour l&rsquo;acc\u00e8s aux ressources, aux nouvelles technologies et aux routes commerciales mondiales. De l&rsquo;intelligence artificielle aux technologies propres, de l&rsquo;informatique quantique \u00e0 l&rsquo;espace, de l&rsquo;Arctique \u00e0 la mer de Chine m\u00e9ridionale \u2014 la course est lanc\u00e9e. \u00bb<\/em><\/p>\n<p>La force motrice derri\u00e8re cette course est la maximisation des profits et l&rsquo;expansion du capital monopolistique occidental. C&rsquo;est ce qui est en jeu, et c&rsquo;est de cela qu&rsquo;il s&rsquo;agit en fin de compte. Pour mener cette course, on mise sur la carte militaire. Comme l&rsquo;a dit l&rsquo;ancien chancelier allemand Gerhard Schr\u00f6der :<\/p>\n<p><em>\u00ab Un pays ne compte vraiment sur la sc\u00e8ne internationale que s&rsquo;il est aussi pr\u00eat \u00e0 faire la guerre. \u00bb<\/em><\/p>\n<p><span class=\"BoldGrey\">Pr\u00e9texte<\/span><\/p>\n<p>Le principal pr\u00e9texte \u00e0 cette fi\u00e8vre guerri\u00e8re, \u00e0 savoir que la Russie repr\u00e9sente une menace militaire, ne tient pas la route. Moscou n&rsquo;a aucune intention expansionniste.<\/p>\n<p>Selon des experts de premier plan tels que Jeffrey Sachs et John Mearsheimer, l&rsquo;invasion de l&rsquo;Ukraine \u00e9tait pour Moscou une r\u00e9ponse \u00e0 l&rsquo;expansion de l&rsquo;OTAN vers l&rsquo;est et \u00e0 la militarisation de l&rsquo;Ukraine. Moscou y voyait une menace existentielle.<\/p>\n<p>Sur le plan de la guerre conventionnelle, l&rsquo;Europe n&rsquo;est d&rsquo;ailleurs pas de taille face \u00e0 la Russie.<\/p>\n<p>Le Kremlin s&rsquo;est rapidement enlis\u00e9 en Ukraine, un pays pourtant bien plus faible. Et si une confrontation devait \u00e9clater entre l&rsquo;Europe et la Russie, nous serions alors dans un sc\u00e9nario nucl\u00e9aire. Une end game que personne ne souhaite.<\/p>\n<p><span class=\"BoldGrey\">\u00c9conomie de guerre<\/span><\/p>\n<p><strong>Les tensions militaires actuelles ne sont donc pas tant le r\u00e9sultat d&rsquo;oppositions g\u00e9opolitiques avec la Russie, la Chine et d\u00e9sormais aussi les \u00c9tats-Unis, mais sont plut\u00f4t enracin\u00e9es dans la soif du capital monopolistique occidental de maximiser ses profits et son expansion.<\/strong><\/p>\n<p>Pour garantir les profits des monopoles occidentaux, les investissements et march\u00e9s \u00e9trangers, ainsi que l&rsquo;approvisionnement en mati\u00e8res premi\u00e8res \u00e0 bas co\u00fbt, doivent \u00eatre s\u00e9curis\u00e9s. Pour cela, un appareil militaire puissant est indispensable, quitte \u00e0 rappeler \u00e0 l&rsquo;ordre, par la force, les pays r\u00e9calcitrants.<\/p>\n<p>La militarisation stimule \u00e9galement l&rsquo;\u00e9conomie. L&rsquo;\u00e9conomie de guerre ne d\u00e9pend pas du pouvoir d&rsquo;achat de la population, mais des d\u00e9cisions des dirigeants politiques. Les d\u00e9penses militaires peuvent (temporairement) insuffler un peu d&rsquo;oxyg\u00e8ne \u00e0 certains secteurs industriels, mais au d\u00e9triment d&rsquo;autres secteurs. C&rsquo;est ce que Reagan a tent\u00e9 dans les ann\u00e9es 1980 avec son programme Star Wars et Hitler dans les ann\u00e9es 1930.<\/p>\n<p>En Belgique, et sans doute ailleurs, la militarisation pourrait \u00eatre accompagn\u00e9e d&rsquo;une vague de privatisations sans pr\u00e9c\u00e9dent. Une partie des fonds n\u00e9cessaires \u00e0 ces d\u00e9penses militaires pourrait \u00eatre obtenue <a target=\"_blank\" href=\"https:\/\/www.vrt.be\/vrtmax\/luister\/radio\/d\/de-ochtend~11-19\/de-ochtend~11-30541-0\/fragment~eb2261a7-c616-494f-916f-caf4dc9207f8\/?utm_campaign=app-share&amp;utm_medium=app&amp;utm_source=radio1-be\">par la vente<\/a> des joyaux de la couronne du patrimoine national ou de certaines de ses composantes. La militarisation comme levier de privatisation.<\/p>\n<p><strong>Cette \u00e9conomie de guerre est mise en place en vue d&rsquo;une v\u00e9ritable pr\u00e9paration \u00e0 la guerre.<\/strong> Pendant la Guerre froide, les pays europ\u00e9ens disposaient d&rsquo;une arm\u00e9e de conscription importante. Apr\u00e8s la chute de l&rsquo;Union sovi\u00e9tique, les forces d&rsquo;intervention rapide ont pris le relais, notamment en Libye et en Syrie.<\/p>\n<p>Aujourd&rsquo;hui, des plans visent \u00e0 r\u00e9tablir le service militaire, \u00e0 renforcer l&rsquo;infrastructure militaire et \u00e0 stationner des troupes \u00e0 long terme \u00e0 l&rsquo;\u00e9tranger, notamment dans les pays baltes et en Ukraine. D&rsquo;autres options sont \u00e9galement envisag\u00e9es, comme la question d&rsquo;un parapluie nucl\u00e9aire.\n<\/p>\n<blockquote class=\"typ1\"><p>\nDe nombreux signes indiquent qu&rsquo;une guerre mondiale devient une possibilit\u00e9 bien r\u00e9elle aux yeux des \u00e9lites financi\u00e8res et \u00e9conomiques.\n<\/p><\/blockquote>\n<p><strong><span class=\"BoldGrey\">Cons\u00e9quences<\/span><\/strong><\/p>\n<p>Une telle militarisation a des cons\u00e9quences profondes pour nos soci\u00e9t\u00e9s. L&rsquo;argent doit venir de quelque part. Actuellement, l&rsquo;Europe consacre environ 2 % de son PIB aux d\u00e9penses de d\u00e9fense. Pour atteindre l&rsquo;objectif de 5 %, elle devra d\u00e9penser environ 500 milliards d&rsquo;euros suppl\u00e9mentaires par an pour la d\u00e9fense.<\/p>\n<p>Avec des gouvernements de droite, cette augmentation massive des budgets militaires se fera in\u00e9vitablement au d\u00e9triment des d\u00e9penses sociales ainsi que du Green Deal, dont le budget annuel s&rsquo;\u00e9l\u00e8ve \u00e0 <a target=\"_blank\" href=\"https:\/\/commission.europa.eu\/strategy-and-policy\/priorities-2019-2024\/european-green-deal_en?utm_source=chatgpt.com\">86 milliards d&rsquo;euros<\/a>.<\/p>\n<p>Nous avons d\u00e9j\u00e0 mentionn\u00e9 comment cette militarisation risque d&rsquo;aller de pair avec une vague sans pr\u00e9c\u00e9dent de privatisations de l&rsquo;\u00e9conomie.<\/p>\n<p>L&rsquo;\u00e9tablissement d&rsquo;une v\u00e9ritable arm\u00e9e europ\u00e9enne entra\u00eenera \u00e9galement un d\u00e9ficit d\u00e9mocratique majeur. La structure de commandement sera plac\u00e9e au niveau europ\u00e9en. Ce ne seront plus les gouvernements ou les parlements nationaux qui d\u00e9cideront si nos jeunes devront partir au front, mais des eurocrates.<\/p>\n<p>Enfin, la militarisation de nos \u00e9conomies et de nos soci\u00e9t\u00e9s ne fera qu&rsquo;accro\u00eetre les tensions sur le continent europ\u00e9en. Au lieu de construire une structure de s\u00e9curit\u00e9 \u00e9quilibr\u00e9e, nous lan\u00e7ons une course aux armements dangereuse et attisons toujours plus l&rsquo;hostilit\u00e9 envers la puissance nucl\u00e9aire russe.<\/p>\n<p><strong><span class=\"BoldGrey\">Un choix historique<\/span><\/strong><\/p>\n<p>L&rsquo;Europe est face \u00e0 un choix historique. Le processus de militarisation s&rsquo;accompagne de co\u00fbts \u00e9conomiques colossaux, d&rsquo;un d\u00e9mant\u00e8lement social, d&rsquo;un retard dans la transition \u00e9cologique et d&rsquo;un d\u00e9ficit d\u00e9mocratique, tandis que le risque d&rsquo;un conflit majeur devient de plus en plus r\u00e9el.<\/p>\n<p>Cette militarisation est-elle r\u00e9ellement dans l&rsquo;int\u00e9r\u00eat des citoyens europ\u00e9ens, ou uniquement dans celui des \u00e9lites \u00e9conomiques et de l&rsquo;industrie de l&rsquo;armement ?<\/p>\n<p>Allons-nous nous laisser emporter par cette fi\u00e8vre guerri\u00e8re, ou choisirons-nous la prosp\u00e9rit\u00e9, l&rsquo;\u00e9cologie et une structure de s\u00e9curit\u00e9 \u00e9quilibr\u00e9e sur le continent ?<\/p>\n<p>Allons-nous suivre les \u00c9tats-Unis dans leur logique imp\u00e9rialiste et militariste, ou b\u00e2tirons-nous un projet europ\u00e9en ind\u00e9pendant, bas\u00e9 sur une coop\u00e9ration respectueuse avec les pays du Sud ?<\/p>\n<p>Les prochaines ann\u00e9es seront cruciales pour r\u00e9pondre \u00e0 cette question.<\/p>\n<p><strong>Sources :<\/strong>\n<\/p>\n<blockquote class=\"typ1\"><p>\n&#8211; <a target=\"_blank\" href=\"https:\/\/www.unsere-zeit.de\/uebergang-zur-kriegswirtschaft-4800209\/\">\u00dcbergang zur Kriegswirtschaft?<\/a><\/p>\n<p>&#8211; <a target=\"_blank\" href=\"https:\/\/contropiano.org\/news\/internazionale-news\/2025\/02\/22\/channo-rimasto-soli-lunione-europea-cerca-un-ombrello-nucleare-0180648\">\u00ab\u00a0C&rsquo;hanno rimasto soli&#8230;\u00a0\u00bb. L&rsquo;Unione Europea cerca un ombrello nucleare<\/a><\/p>\n<p>&#8211; <a target=\"_blank\" href=\"https:\/\/www.humanite.fr\/monde\/armement\/guerre-en-ukraine-comment-les-chefs-detat-europeens-preparent-les-esprits-a-une-guerre-avec-la-russie\">Guerre en Ukraine : comment les chefs d&rsquo;\u00c9tat europ\u00e9ens pr\u00e9parent les esprits \u00e0 une guerre avec la Russie<\/a><\/p>\n<p>&#8211; <a target=\"_blank\" href=\"https:\/\/consortiumnews.com\/2025\/02\/17\/scott-ritter-trumps-munich-strategy\/\">Trump&rsquo;s Munich Strategy<\/a>\n<\/p>\n<\/blockquote><\/div>\n<p><br \/>\n<br \/><a href=\"https:\/\/fr.sott.net\/article\/44260-La-militarisation-effrayante-de-l-Europe\" target=\"_blank\"\">Source link <\/a><\/p>\n","protected":false},"excerpt":{"rendered":"<p>Les dirigeants europ\u00e9ens veulent augmenter drastiquement les d\u00e9penses de d\u00e9fense et pr\u00e9parer leurs \u00e9conomies \u00e0 la guerre. Il existe des plans pour introduire (pour l&rsquo;instant) le service militaire volontaire et&hellip; <\/p>\n","protected":false},"author":1,"featured_media":4062,"comment_status":"open","ping_status":"open","sticky":false,"template":"","format":"standard","meta":{"footnotes":""},"categories":[1],"tags":[],"class_list":["post-4061","post","type-post","status-publish","format-standard","has-post-thumbnail","hentry","category-non-classe"],"_links":{"self":[{"href":"https:\/\/monde25.info\/index.php\/wp-json\/wp\/v2\/posts\/4061","targetHints":{"allow":["GET"]}}],"collection":[{"href":"https:\/\/monde25.info\/index.php\/wp-json\/wp\/v2\/posts"}],"about":[{"href":"https:\/\/monde25.info\/index.php\/wp-json\/wp\/v2\/types\/post"}],"author":[{"embeddable":true,"href":"https:\/\/monde25.info\/index.php\/wp-json\/wp\/v2\/users\/1"}],"replies":[{"embeddable":true,"href":"https:\/\/monde25.info\/index.php\/wp-json\/wp\/v2\/comments?post=4061"}],"version-history":[{"count":0,"href":"https:\/\/monde25.info\/index.php\/wp-json\/wp\/v2\/posts\/4061\/revisions"}],"wp:featuredmedia":[{"embeddable":true,"href":"https:\/\/monde25.info\/index.php\/wp-json\/wp\/v2\/media\/4062"}],"wp:attachment":[{"href":"https:\/\/monde25.info\/index.php\/wp-json\/wp\/v2\/media?parent=4061"}],"wp:term":[{"taxonomy":"category","embeddable":true,"href":"https:\/\/monde25.info\/index.php\/wp-json\/wp\/v2\/categories?post=4061"},{"taxonomy":"post_tag","embeddable":true,"href":"https:\/\/monde25.info\/index.php\/wp-json\/wp\/v2\/tags?post=4061"}],"curies":[{"name":"wp","href":"https:\/\/api.w.org\/{rel}","templated":true}]}}