{"id":4071,"date":"2025-03-09T07:16:46","date_gmt":"2025-03-09T06:16:46","guid":{"rendered":"https:\/\/monde25.info\/index.php\/2025\/03\/09\/la-france-et-lallemagne-en-desaccord-sur-le-fonds-de-defense-pour-renforcer-la-production-militaire-de-lue-rt-en-francais\/"},"modified":"2025-03-09T07:16:46","modified_gmt":"2025-03-09T06:16:46","slug":"la-france-et-lallemagne-en-desaccord-sur-le-fonds-de-defense-pour-renforcer-la-production-militaire-de-lue-rt-en-francais","status":"publish","type":"post","link":"https:\/\/monde25.info\/index.php\/2025\/03\/09\/la-france-et-lallemagne-en-desaccord-sur-le-fonds-de-defense-pour-renforcer-la-production-militaire-de-lue-rt-en-francais\/","title":{"rendered":"La France et l\u2019Allemagne en d\u00e9saccord sur le fonds de d\u00e9fense pour renforcer la production militaire de l\u2019UE \u2014 RT en fran\u00e7ais"},"content":{"rendered":"<p> <br \/>\n<br \/><img decoding=\"async\" src=\"https:\/\/mf.b37mrtl.ru\/french\/images\/2025.03\/thumbnail\/67cc74c26f7ccc288c326946.jpg\" \/><\/p>\n<div>\n<p class=\"text__summary\">\n                                        Berlin estime que le nouveau financement d\u2019une valeur totale de 150 milliards d\u2019euros pour l\u2019industrie de la d\u00e9fense devrait \u00eatre ouvert aux partenaires non europ\u00e9ens. Paris n\u2019approuve pas cela, r\u00e9v\u00e8le le Financial Times.\n                                    <\/p>\n<p>La bataille de longue date opposant les\u00a0visions fran\u00e7aise et allemande sur le r\u00e9armement du Vieux continent a encore but\u00e9 sur la proposition d\u2019injection de 150 milliards d\u2019euros dans l\u2019industrie de la d\u00e9fense europ\u00e9enne. Si l\u2019Allemagne est ouverte \u00e0 l\u2019id\u00e9e d\u2019inclure des pays ext\u00e9rieurs \u00e0 l\u2019Union, la France y est totalement oppos\u00e9e.<\/p>\n<p>Le\u00a0pr\u00e9sident am\u00e9ricain Donald Trump mena\u00e7ant de mettre un terme \u00e0 la protection am\u00e9ricaine de l\u2019Europe, celle-ci s\u2019est vue contrainte d\u2019augmenter ses d\u00e9penses de d\u00e9fense dans le but de renforcer les moyens militaires nationaux qui se sont \u00e9rod\u00e9s en Europe depuis la guerre froide, d&rsquo;apr\u00e8s <a target=\"_blank\" href=\"https:\/\/www.ft.com\/content\/76937db3-0b3b-44d4-9005-9709512acd53\" target=\"_blank\" rel=\"noopener noreferrer\">une analyse du <em>Financial Times<\/em><\/a>.<\/p>\n<h2>Stimuler leur production militaire<\/h2>\n<p>La Commission europ\u00e9enne\u00a0vient de proposer une enveloppe de 150 milliards d\u2019euros destin\u00e9e \u00e0 aider les capitales europ\u00e9ennes \u00e0 stimuler leur production militaire. Or, malgr\u00e9 le soutien politique unanime, toute la question r\u00e9side dans le fait de savoir si l\u2019argent pourrait \u00eatre d\u00e9pens\u00e9 pour des armes fabriqu\u00e9es en dehors de l\u2019Union.\u00a0<\/p>\n<p>Le chancelier allemand Olaf Scholz compte parmi\u00a0les dirigeants qui se sont d\u00e9clar\u00e9s, lors du sommet europ\u00e9en du 6 mars, en faveur de l\u2019id\u00e9e d\u2019ouvrir l\u2019initiative aux partenaires non europ\u00e9ens qui partagent les m\u00eames id\u00e9es, citant la Grande-Bretagne, la Norv\u00e8ge, la Suisse ou la Turquie, rapporte le<em> Financial Times<\/em>.<\/p>\n<p>Mais Emmanuel Macron, qui se dit en faveur de l\u2019augmentation de l\u2019autonomie europ\u00e9enne et de la stimulation de sa production industrielle, ne voit pas les choses du m\u00eame \u0153il. \u00abLes d\u00e9penses ne devraient pas \u00eatre consacr\u00e9es \u00e0 de nouveaux \u00e9quipements pr\u00eats \u00e0 l\u2019emploi qui sont, une fois de plus, non europ\u00e9ens\u00bb, a-t-il ainsi d\u00e9clar\u00e9.<\/p>\n<p>Pour le pr\u00e9sident fran\u00e7ais, combler les lacunes de l\u2019Europe en mati\u00e8re d\u2019armement passe par l\u2019identification des meilleurs entrepreneurs et entreprises dans l\u2019Union et sur les capacit\u00e9s nationales.<\/p>\n<p>De son c\u00f4t\u00e9, Bruxelles craint que l\u2019initiative de 150 milliards d\u2019euros ne soit entrav\u00e9e par le m\u00eame argument qui a retard\u00e9 pendant plus d\u2019un an l\u2019accord sur le programme europ\u00e9en de l\u2019industrie de d\u00e9fense, un fonds de 1,5 milliard d\u2019euros qui verse des subventions pour la d\u00e9fense. Les efforts pour le mettre en \u0153uvre ont \u00e9t\u00e9 interrompus cet hiver apr\u00e8s que Paris a exig\u00e9 un plafond sur la part pouvant \u00eatre d\u00e9pens\u00e9e pour des composants extra-europ\u00e9ens et une interdiction des produits prot\u00e9g\u00e9s par la propri\u00e9t\u00e9 intellectuelle provenant de pays tiers, explique le <em>Financial Times<\/em>.<\/p>\n<p>Les hauts fonctionnaires de la Commission ont \u00e9t\u00e9 invit\u00e9s \u00e0 collaborer \u00e9troitement avec Paris, Berlin et les autres capitales pour r\u00e9diger\u00a0une proposition d\u00e9taill\u00e9e dans les\u00a0dix prochains jours.<\/p>\n<\/div>\n<p><br \/>\n<br \/><a href=\"https:\/\/francais.rt.com\/france\/117733-france-allemagne-desaccord-defense-renforcer-production-militaire-ue\" target=\"_blank\"\">Source link <\/a><\/p>\n","protected":false},"excerpt":{"rendered":"<p>Berlin estime que le nouveau financement d\u2019une valeur totale de 150 milliards d\u2019euros pour l\u2019industrie de la d\u00e9fense devrait \u00eatre ouvert aux partenaires non europ\u00e9ens. Paris n\u2019approuve pas cela, r\u00e9v\u00e8le&hellip; <\/p>\n","protected":false},"author":1,"featured_media":4072,"comment_status":"open","ping_status":"open","sticky":false,"template":"","format":"standard","meta":{"footnotes":""},"categories":[1],"tags":[],"class_list":["post-4071","post","type-post","status-publish","format-standard","has-post-thumbnail","hentry","category-non-classe"],"_links":{"self":[{"href":"https:\/\/monde25.info\/index.php\/wp-json\/wp\/v2\/posts\/4071","targetHints":{"allow":["GET"]}}],"collection":[{"href":"https:\/\/monde25.info\/index.php\/wp-json\/wp\/v2\/posts"}],"about":[{"href":"https:\/\/monde25.info\/index.php\/wp-json\/wp\/v2\/types\/post"}],"author":[{"embeddable":true,"href":"https:\/\/monde25.info\/index.php\/wp-json\/wp\/v2\/users\/1"}],"replies":[{"embeddable":true,"href":"https:\/\/monde25.info\/index.php\/wp-json\/wp\/v2\/comments?post=4071"}],"version-history":[{"count":0,"href":"https:\/\/monde25.info\/index.php\/wp-json\/wp\/v2\/posts\/4071\/revisions"}],"wp:featuredmedia":[{"embeddable":true,"href":"https:\/\/monde25.info\/index.php\/wp-json\/wp\/v2\/media\/4072"}],"wp:attachment":[{"href":"https:\/\/monde25.info\/index.php\/wp-json\/wp\/v2\/media?parent=4071"}],"wp:term":[{"taxonomy":"category","embeddable":true,"href":"https:\/\/monde25.info\/index.php\/wp-json\/wp\/v2\/categories?post=4071"},{"taxonomy":"post_tag","embeddable":true,"href":"https:\/\/monde25.info\/index.php\/wp-json\/wp\/v2\/tags?post=4071"}],"curies":[{"name":"wp","href":"https:\/\/api.w.org\/{rel}","templated":true}]}}