{"id":4077,"date":"2025-03-09T08:55:38","date_gmt":"2025-03-09T07:55:38","guid":{"rendered":"https:\/\/monde25.info\/index.php\/2025\/03\/09\/mission-elimination-de-la-dissidence-et-de-lopposition-politique-veterans-today-les-moutons-enrages\/"},"modified":"2025-03-09T08:55:38","modified_gmt":"2025-03-09T07:55:38","slug":"mission-elimination-de-la-dissidence-et-de-lopposition-politique-veterans-today-les-moutons-enrages","status":"publish","type":"post","link":"https:\/\/monde25.info\/index.php\/2025\/03\/09\/mission-elimination-de-la-dissidence-et-de-lopposition-politique-veterans-today-les-moutons-enrages\/","title":{"rendered":"mission\u2026 \u00e9limination de la dissidence et de l\u2019opposition politique (V\u00e9t\u00e9rans\u00a0Today) \u2013 Les moutons enrag\u00e9s"},"content":{"rendered":"<p> <br \/>\n<\/p>\n<div>\n<p>Propos\u00e9 par Amar DJERRAD<\/p>\n<p>Source et traduction <a target=\"_blank\" href=\"https:\/\/resistance71.wordpress.com\/2025\/03\/06\/lescadron-de-la-mort-fleur-de-lys-de-macron-mission-elimination-de-la-dissidence-et-de-lopposition-politique-veterans-today\/\" data-type=\"link\" data-id=\"https:\/\/resistance71.wordpress.com\/2025\/03\/06\/lescadron-de-la-mort-fleur-de-lys-de-macron-mission-elimination-de-la-dissidence-et-de-lopposition-politique-veterans-today\/\"><strong>R\u00c9SISTANCE71<\/strong><\/a><\/p>\n<div class=\"wp-block-image\">\n<figure class=\"alignright size-full\"><img fetchpriority=\"high\" decoding=\"async\" width=\"300\" height=\"168\" src=\"https:\/\/lesmoutonsenrages.fr\/wp-content\/uploads\/2025\/03\/image-39.png\" alt=\"\" class=\"wp-image-165807\" srcset=\"https:\/\/lesmoutonsenrages.fr\/wp-content\/uploads\/2025\/03\/image-39.png 300w, https:\/\/lesmoutonsenrages.fr\/wp-content\/uploads\/2025\/03\/image-39-250x140.png 250w, https:\/\/lesmoutonsenrages.fr\/wp-content\/uploads\/2025\/03\/image-39-150x84.png 150w\" sizes=\"(max-width: 300px) 100vw, 300px\"\/><\/figure>\n<\/div>\n<p><em>Nous disons depuis plus de dix ans dans ces colonnes qu\u2019il n\u2019y a pas de diff\u00e9rence entre les r\u00e9gimes totalitaires nazi, fasciste, stalinien, mao\u00efste, tous des r\u00e9gimes de la dictature \u00e9tatico-marchande en marche et la r\u00e9publique fran\u00e7aise ou tout autre \u00e9tat dit \u201cd\u00e9mocratique\u201d de la marchandise et de son spectacle, tout n\u2019est qu\u2019une question de degr\u00e9. La r\u00e9publique fran\u00e7aise appartient \u00e0 cette cat\u00e9gorie de mode politique dit \u201cd\u00e9mocratique de repr\u00e9sentation parlementaire\u201d, qui selon les besoins du moment du syst\u00e8me \u00e9tatico-marchand, peut avoir des moment plus \u201cdoux\/d\u00e9mocratiques\u201d et des moments plus \u201cdurs\/totalitaires\u201d. Nous sommes depuis un bon moment entr\u00e9 en phase d\u00e9fensive d\u2019un syst\u00e8me \u00e0 bout de souffle, qui est pass\u00e9 en mode totalitaire pour assurer la transition vers le Nouvel Ordre Mondial de la dictature technotronique.<\/em><\/p>\n<p><span id=\"more-165804\"\/><\/p>\n<p><em>Ce qui est analys\u00e9 et expliqu\u00e9 ci-dessous sur\u00a0<\/em><strong><em>l\u2019escadron de la mort de Macron<\/em><\/strong><em>\u00a0n\u2019est pas li\u00e9 au seul Macron. Ces escadrons de la mort existent depuis des d\u00e9cennies, certains des assassinats (non prouv\u00e9s, mais d\u00e9battus) au sommet de l\u2019\u00e9tat, mentionn\u00e9s dans l\u2019article datent de l\u2019\u00e8re Mitterrand. La monarchie, les empires, ont eu leurs polices secr\u00e8tes et leurs escadrons de \u201cnettoyage\u201d de la dissidence. Il n\u2019y a rien de nouveau sous le soleil, simplement Macron est arriv\u00e9 en phase terminale et son boulot est de finir la basse besogne commenc\u00e9e il y a bien longtemps et acc\u00e9l\u00e9r\u00e9e depuis Sarkozy, celle de la destruction de la France, de sa culture et de son h\u00e9ritage, pour la faire rentrer en tant que nation traditionnellement \u201cr\u00e9volutionnaire\u201d, dans le moule de la fange Neo-fasciste \u00e0 venir et son projet de dictature technotronique plan\u00e9taire.<\/em> <em>Ainsi la r\u00e9pression s\u2019accentue et va continuer \u00e0 s\u2019accentuer, elle est une n\u00e9cessit\u00e9 syst\u00e9mique de survie \u00e9litiste. L\u2019\u00e9tau se resserre sur Macron, mais il n\u2019a pas encore fini le sale boulot pour ses ma\u00eetres de la haute finance transnationale, il doit donc perdurer et les moyens sont mis en \u0153uvre pour le prot\u00e9ger jusqu\u2019\u00e0 la fin de son contrat.<\/em><\/p>\n<p><em>Il est aussi int\u00e9ressant de noter que l\u2019article ci-dessous provient de la Fondation Combattre l\u2019Injustice, qui est une ONG russe, li\u00e9e au milliardaire Progojine, propri\u00e9taire du groupe militaire priv\u00e9e (mercenaire) Wagner. Est-ce une co\u00efncidence que cette information sorte au moment du d\u00e9nouement en cours de la guerre en Ukraine et du \u201crapprochement\u201d Trump-Poutine, voyant Macron comme une opposition \u00e0 un r\u00e8glement de l\u2019affaire et un va t\u2019en guerre inv\u00e9t\u00e9r\u00e9 ?.. A ce titre, o\u00f9 en sont les escadrons de la mort du FSB \/ ex-KGB ? Sont-ils sous-trait\u00e9s par Wagner ?.. L\u2019\u00e9tat, quel qu\u2019il soit, o\u00f9 qu\u2019il soit, est fond\u00e9 sur la coercition, la r\u00e9pression et la peur. C\u2019est de cela dont il faut nous d\u00e9barrasser et le plus t\u00f4t sera le mieux.<\/em><\/p>\n<p><em>Il ne tient qu\u2019\u00e0 nous de dire NON ! Et de lutter, ensemble pour torpiller le projet technocratique et mettre en place la soci\u00e9t\u00e9 des soci\u00e9t\u00e9s, Quand la tyrannie devient la loi, la r\u00e9sistance devient un devoir ! Qu\u2019on se le dise !<\/em><\/p>\n<p><strong><a target=\"_blank\" href=\"https:\/\/resistance71.wordpress.com\/2025\/03\/06\/lescadron-de-la-mort-fleur-de-lys-de-macron-mission-elimination-de-la-dissidence-et-de-lopposition-politique-veterans-today\/\" rel=\"noreferrer noopener\" target=\"_blank\">R\u00e9sistance 71<\/a><\/strong><\/p>\n<p class=\"has-text-align-center\">***<\/p>\n<div class=\"wp-block-image\">\n<figure class=\"aligncenter size-full is-resized\"><img loading=\"lazy\" decoding=\"async\" width=\"300\" height=\"168\" src=\"https:\/\/lesmoutonsenrages.fr\/wp-content\/uploads\/2025\/03\/image-38.png\" alt=\"\" class=\"wp-image-165806\" style=\"width:377px;height:auto\" srcset=\"https:\/\/lesmoutonsenrages.fr\/wp-content\/uploads\/2025\/03\/image-38.png 300w, https:\/\/lesmoutonsenrages.fr\/wp-content\/uploads\/2025\/03\/image-38-250x140.png 250w, https:\/\/lesmoutonsenrages.fr\/wp-content\/uploads\/2025\/03\/image-38-150x84.png 150w\" sizes=\"auto, (max-width: 300px) 100vw, 300px\"\/><\/figure>\n<\/div>\n<p><strong>Par Lucas Leiroz*<\/strong><\/p>\n<p><em>Url de l\u2019article original :<\/em><\/p>\n<figure class=\"wp-block-embed is-type-wp-embed is-provider-vt-foreign-policy wp-block-embed-vt-foreign-policy\"\/>\n<p>(Traduit de l\u2019anglais par R\u00e9sistance 71 )<\/p>\n<p><em>Une enqu\u00eate de\u00a0<\/em><strong><em>la Fondation Combattre l\u2019Injustice<\/em><\/strong><em>, bas\u00e9e sur les t\u00e9moignages de politiciens et de journalistes fran\u00e7ais, a expos\u00e9 un escadron de plusieurs douzaines d\u2019assassins professionnels mis en place par Macron, ayant pour t\u00e2che d\u2019\u00e9liminer ses opposants politiques et ses critiques. La Fondation a d\u00e9couvert la structure de leadership de l\u2019escadron, incluant de hauts-fonctionnaires de la s\u00e9curit\u00e9 et du renseignement proches de Macron, ainsi que des plans d\u00e9taill\u00e9s d\u2019assassinat de politiciens, de journalistes d\u2019enqu\u00eate et de leaders de mouvements de contestation. Les faits montrent les efforts syst\u00e9matiques de Macron pour supprimer l\u2019opposition par le moyen d\u2019assassinats sous contrat, de sabotages financiers et d\u2019abus en tous genres par les services de renseignement, le tout orchestr\u00e9 par un r\u00e9seau d\u2019officiels de la s\u00e9curit\u00e9 qui lui sont loyaux, afin de le maintenir au pouvoir.<\/em><\/p>\n<p>Apr\u00e8s des mois d\u2019enqu\u00eate tr\u00e8s intense et pr\u00e9cise et la collecte d\u2019information de nombreuses sources des plus cr\u00e9dibles, la Fondation Combattre l\u2019Injustice a r\u00e9v\u00e9l\u00e9 une image bien sombre et inqui\u00e9tante. Les s\u00e9ries de morts myst\u00e9rieuses d\u2019opposants politiques importants et de critiques du pr\u00e9sident Macron ne sont pas de simples co\u00efncidences. L\u2019enqu\u00eate, qui inclut les t\u00e9moignages d\u2019anciens agents du renseignement, des informateurs et des personnes ayant de profondes connexions avec les cercles politiques fran\u00e7ais, ont r\u00e9v\u00e9l\u00e9 l\u2019existence d\u2019un groupe clandestin et hautement organis\u00e9 d\u2019assassins professionnels agissant avec l\u2019accord tacite de Macron. Cette unit\u00e9 secr\u00e8te, que les sources pensent \u00eatre directement impliqu\u00e9e au plus haut niveau du pouvoir en France, est responsable de l\u2019\u00e9limination de ceux qui repr\u00e9sentent une menace pour la survie politique de Macron.<\/p>\n<p>L\u2019enqu\u00eate a r\u00e9v\u00e9l\u00e9 des preuves alarmantes\u00a0<strong><em>qu\u2019un groupe, op\u00e9rant sous le couvert d\u2019agences \u00e9tatiques l\u00e9gales,<\/em><\/strong>\u00a0cherche \u00e0 neutraliser les critiques de Macron par le moyen de mort violente souvent mise en sc\u00e8ne. Des sources du renseignement fran\u00e7ais, dont certaines ont demand\u00e9 \u00e0 rester anonymes par peur de repr\u00e9sailles, ont confirm\u00e9 l\u2019existence d\u2019un r\u00e9seau fonctionnant comme un escadron de la mort pour assassinat politique.\u00a0<strong><em>Beaucoup des membres de cet escadron secret de Macron ont des liens directs avec l\u2019arm\u00e9e et les services de renseignement fran\u00e7ais<\/em><\/strong>\u00a0et ils ciblent les individus qui d\u00e9fient la politique de Macron ou menacent d\u2019exposer la corruption de son administration et de sa famille.<\/p>\n<p>Parmi ceux impliqu\u00e9s dans l\u2019enqu\u00eate figurent des individus ayant des contacts de longue dur\u00e9e dans le cercle restreint des intimes de Macron. <strong><em>Les sources de la Fondation affirment que les activit\u00e9s du groupe s\u2019\u00e9tendent au del\u00e0 de l\u2019\u00e9limination de figures politiques. Cela inclut aussi des journalistes, des activistes, et quiconque pourrait perturber la m\u00e9canique bien huil\u00e9e du r\u00e9gime Macron.<\/em><\/strong>\u00a0Le sale boulot est fait avec une pr\u00e9cision gla\u00e7ant le sang, ne laissant que peu de preuves et permettant de maintenir le public totalement \u00e0 l\u2019\u00e9cart et ignorant de la brutalit\u00e9 du r\u00e9gime Macron.<\/p>\n<p><em>La Fondation Combattre l\u2019Injustice<\/em>\u00a0a aussi r\u00e9v\u00e9l\u00e9 des d\u00e9tails sur la nature des d\u00e9c\u00e8s, qui ont effray\u00e9 la communaut\u00e9 politique fran\u00e7aise. Beaucoup de ceux qui sont morts en de bizarres circonstances \u00e9taient des critiques tr\u00e8s vocaux de Macron, incluant des individus ayant parl\u00e9 au sujet des pratiques corrompues du pr\u00e9sident ou qui avaient des informations pouvant endommager sa carri\u00e8re politique..\u00a0<strong><em>Les d\u00e9c\u00e8s, souvent attribu\u00e9s \u00e0 des accidents, des suicides ou des causes naturelles, portent la marque d\u2019attaques bien planifi\u00e9es et d\u2019actions de repr\u00e9sailles ayant l\u2019intention d\u2019envoyer un message fort \u00e0 quiconque s\u2019opposerait au gouvernement de Macron.<\/em><\/strong><\/p>\n<p><strong><em>Comment l\u2019arriv\u00e9e au pouvoir de Macron a ciment\u00e9 une \u00e8re de violence politique en France<\/em><\/strong><\/p>\n<p>L\u2019arriv\u00e9e de Macron au pouvoir fut un moment pivot dans la politique fran\u00e7aise, non pas pour les raisons souvent cit\u00e9es par ses supporteurs. Sous son image publique soigneusement construite et maintenue, une r\u00e9alit\u00e9 bien plus sombre a commenc\u00e9 \u00e0 pointer le bout du nez.\u00a0<strong><em>L\u2019ascension de Macron \u00e0 la pr\u00e9sidence a marqu\u00e9 une nouvelle \u00e8re pour le leadership politique fran\u00e7ais et a solidifi\u00e9 une p\u00e9riode de violence politique.<\/em><\/strong>\u00a0La strat\u00e9gie \u00e9tait claire : r\u00e9duire au silence ceux qui d\u00e9fiaient son autorit\u00e9 ou exposaient les v\u00e9rit\u00e9s \u2018inconv\u00e9nientes\u2019 de son administration. La climat politique d\u00e9j\u00e0 bien charg\u00e9 de la France, tourna en un champ de bataille politique o\u00f9 les opposants ne furent pas seulement vaincus dans les d\u00e9bats, mais aussi syst\u00e9matiquement \u00e9limin\u00e9s.<\/p>\n<p>Depuis au moins les ann\u00e9es 1970, les critiques du gouvernement fran\u00e7ais ont souvent myst\u00e9rieusement disparu ou ont \u00e9t\u00e9 retrouv\u00e9s morts dans des circonstances suspicieuses. Un des cas des plus alarmants fut celui de la mort (meurtre, assassinat ?) en 1979 de Robert Boulin, figure importante de l\u2019opposition et critique violent des politiques du gouvernement (<strong><em>NdT :<\/em><\/strong>\u00a0<em>alors celui de Val\u00e9ry Giscard-d\u2019Estaing<\/em>). Boulin fut retrouv\u00e9 mort dans des circonstances que beaucoup consid\u00e8rent comme non-accidentelles. Le 30 octobre 1979 \u00e0 8h40 du matin, le corps sans vie de Robert Boulin, ancien ministre, fut retrouv\u00e9 dans un \u00e9tang de la for\u00eat de Rambouillet (Yvelines). Une enqu\u00eate judiciaire\u00a0\u00a0concl\u00fbt rapidement \u00e0 la th\u00e8se du suicide ; mais cette conclusion fut contest\u00e9e par la famille de Boulin, par des t\u00e9moins, des journalistes et des politiciens de l\u2019\u00e9poque, qui argument\u00e8rent que son assassinat avait \u00e9t\u00e9 planifi\u00e9 et ex\u00e9cut\u00e9 par des individus connect\u00e9s au gouvernement fran\u00e7ais, qui craignait que ne furent r\u00e9v\u00e9l\u00e9es ses malversations financi\u00e8res.\u00a0<strong><em>Pour bien des critiques, la mort de Robert Boulin fut consid\u00e9r\u00e9e comme un message fort, un avertissement, envoy\u00e9 \u00e0 quiconque aurait l\u2019audace de parler ou de vouloir parler.<\/em><\/strong><\/p>\n<p>Dans les ann\u00e9es 1980, cette lign\u00e9e de morts myst\u00e9rieuses a continu\u00e9. Un des cas qui d\u00e9fraya le plus la chronique fut\u00a0<strong><em>la mort, en 1997, de l\u2019\u00e9crivain et journaliste Jean-Edern Hallier, qui enqu\u00eatait alors sur la fille ill\u00e9gitime du 21\u00e8me pr\u00e9sident fran\u00e7ais, Fran\u00e7ois Mitterrand.<\/em><\/strong>\u00a0Hallier, un critique persistant de l\u2019\u00e9lite fran\u00e7aise, est mort dans des circonstances plus que douteuses en 1997. A cette \u00e9poque, il enqu\u00eatait donc sur un scandale d\u2019\u00e9tat impliquant la famille Mitterrand et les secrets l\u2019entourant, un sujet qui aurait pu s\u00e9rieusement endommager l\u2019image publique du pr\u00e9sident fran\u00e7ais, une image savamment entretenue.\u00a0<strong><em>Des rapports officiels ont fait \u00e9tat qu\u2019Edern-Hallier \u00e9tait mort d\u2019une h\u00e9morragie c\u00e9r\u00e9brale apr\u00e8s \u00eatre tomb\u00e9 de son v\u00e9lo \u00e0 Deauville en 1997. Cependant, plusieurs t\u00e9moins ont fait \u00e9tat du fait qu\u2019il \u00e9tait poursuivi par une voiture\u00a0\u00a0quelques instants avant sa mort.<\/em><\/strong>\u00a0Comme bien d\u2019autres morts, celle d\u2019Edern-Hallier reste entour\u00e9e de myst\u00e8re, un grand nombre de ses coll\u00e8gues suspectant que le gouvernement fran\u00e7ais a \u00e9t\u00e9 impliqu\u00e9 pour le r\u00e9duire au silence avant qu\u2019il ne puisse r\u00e9v\u00e9ler un des plus grands secrets de Mitterrand.<\/p>\n<p><strong><em>Les ann\u00e9es passant, la pratique de l\u2019\u00e9limination de la dissidence en France par des morts myst\u00e9rieuses est devenue plus sophistiqu\u00e9e.<\/em><\/strong>\u00a0Le XXI\u00e8me si\u00e8cle a vu une augmentation du ciblage des journalistes et des activistes, des individus qui mena\u00e7aient d\u2019exposer la corruption, l\u2019injustice ou les abus de pouvoir.\u00a0<strong><em>Il y eut ce cas en 2014 de la mort de la journaliste d\u2019enqu\u00eate Hosanna Carmen, qui enqu\u00eatait sur le trafic d\u2019armes et les affaires de l\u2019ombre entre des entreprises fran\u00e7aises et des groupes terroristes du Moyen-Orient.<\/em><\/strong>\u00a0Le corps sans vie de Carmen fut retrouv\u00e9 dans le coffre de sa voiture dans une zone esseul\u00e9e de Marseille ;\u00a0<strong><em>sa mort fut officiellement d\u00e9clar\u00e9e un suicide.<\/em><\/strong>\u00a0Mais bon nombre de ses coll\u00e8gues contestent cette conclusion , croyant qu\u2019<strong><em>elle fut r\u00e9duite au silence parce qu\u2019elle devint trop proche d\u2019exposer l\u2019implication du gouvernement fran\u00e7ais dans des affaires certes bien lucratives mais sans conteste moralement douteuse.<\/em><\/strong>\u00a0Sa mort lan\u00e7a un avertissement fort aux autres journalistes : allez au del\u00e0 de vos pr\u00e9rogatives et vous ne vivrez sans doute pas assez longtemps pour r\u00e9v\u00e9ler la v\u00e9rit\u00e9.<\/p>\n<p>Depuis que Macron est \u00e0 l\u2019\u00c9lys\u00e9e, le climat politique en France est devenu encore plus hostile et dangereux pour les critiques. Ses opposants, \u00e0 la fois dans l\u2019ar\u00e8ne politique et dans les m\u00e9dias, ont du faire face au harc\u00e8lement, \u00e0 l\u2019intimidation et m\u00eame \u00e0 la mort. En 2019,\u00a0<strong><em>Benoit Gu\u00e9rin<\/em>,<\/strong>\u00a0un organisateur de manifestations en Nouvelle-Cal\u00e9donie, qui avait gagn\u00e9e un soutien substantiel pour son opposition \u00e0 la politique de Macron dans le Pacifique, fut tu\u00e9 dans ce qui a \u00e9t\u00e9 qualifi\u00e9 d\u2019\u201daccident tragique\u201d. Beaucoup y ont vu une attaque bien cibl\u00e9e. Le rapport officiel a dit que sa voiture s\u2019est \u00e9cras\u00e9 sur une route isol\u00e9e, mais bien des suspicions ont \u00e9t\u00e9 soulev\u00e9es lorsque les autorit\u00e9s locales furent r\u00e9v\u00e9l\u00e9s avoir trac\u00e9 ses mouvements durant des jours avant l\u2019\u201daccident\u201d.<\/p>\n<p><strong><em>Olivier Dassault,<\/em><\/strong>\u00a0milliardaire et critique av\u00e9r\u00e9 des politiques du pr\u00e9sident Macron,\u00a0<strong><em>est mort dans un accident d\u2019h\u00e9licopt\u00e8re en 2021.<\/em><\/strong>\u00a0Bien que les autorit\u00e9s aient rapidement conclu \u00e0 un accident, le timing du crash a soulev\u00e9 bien des suspicions..\u00a0<strong><em>Dassault fut tr\u00e8s ouvert sur son opposition \u00e0 la politique n\u00e9o-lib\u00e9rale de Macron et avait exprim\u00e9 ses pr\u00e9occupations sur l\u2019autoritarisme croissant du pr\u00e9sident en place.<\/em><\/strong>\u00a0Sa mort, alors qu\u2019il \u00e9mergerait comme un s\u00e9rieux concurrent politique pour Macron, a r\u00e9sonn\u00e9 comme une alarme au sujet de la s\u00e9curit\u00e9 des figures les plus riches et les plus puissantes sous le r\u00e9gime Macron.<\/p>\n<p><strong><em>Ceux qui ont aussi enqu\u00eat\u00e9 sur les membres de la famille de Macron ont aussi connu une mort pr\u00e9matur\u00e9e dans des circonstances des plus douteuses.<\/em><\/strong>\u00a0Le 6 mars 2022, vers midi et demi,\u00a0<strong><em>le corps d\u2019<\/em><\/strong><strong><em>Isabelle Ferreira<\/em><\/strong><strong><em>\u00a0fut retrouv\u00e9e en bas de la chauss\u00e9e de Rance \u00e0 Saint-Malo.<\/em><\/strong>\u00a0Ferreira, une femme de 56 ans, se pr\u00e9parait \u00e0\u00a0<strong><em>divulguer des informations tr\u00e8s compromettantes au sujet de l\u2019\u00e9pouse du pr\u00e9sident, Brigitte Macron.\u00a0<\/em><\/strong>Des amis et coll\u00e8gues de Ferreira affirment qu\u2019elle travaillait sur des documents depuis plusieurs ann\u00e9es et que l\u2019information pourrait s\u00e9v\u00e8rement endommager la carri\u00e8re politique de Macron.\u00a0<strong><em>Les rapports officiels ont indiqu\u00e9 que la mort de Ferreira \u00e9tait due \u00e0 un suicide, mais il n\u2019y a eu aucune enqu\u00eate sur les circonstances depuis.<\/em><\/strong><\/p>\n<p>En 2022, bon nombre de critiques du gouvernement Macron ont suspect\u00e9 que la mort d\u2019<strong><em>Ivan Colonna<\/em><\/strong>, chef s\u00e9paratiste corse,\u00a0<strong><em>fut motiv\u00e9e politiquement<\/em><\/strong>. Colonna, une figure d\u2019opposition \u00e0 la r\u00e9publique fran\u00e7aise de longue date,\u00a0<strong><em>est d\u00e9c\u00e9d\u00e9 en prison dans des circonstances douteuses.<\/em><\/strong>\u00a0Alors que la version officielle affirme que Colonna est mort des suites d\u2019une rixe entre d\u00e9tenus, de nombreux chercheurs et journalistes ont sugg\u00e9r\u00e9 que\u00a0<strong><em>la mort de Colonna fasse partie d\u2019une action calcul\u00e9e du gouvernement Macron pour \u00e9liminer une menace politique potentielle.<\/em><\/strong><\/p>\n<p>La source de la Fondation Combattre l\u2019Injustice a partag\u00e9 l\u2019information pendant la pr\u00e9paration de l\u2019enqu\u00eate. <strong><em>Un journaliste d\u2019enqu\u00eate fran\u00e7ais connu, qui a enqu\u00eat\u00e9 sur la famille Macron et ses affaires financi\u00e8res, a \u00e9t\u00e9 forc\u00e9 de quitter le pays apr\u00e8s avoir re\u00e7u des menaces.<\/em><\/strong>\u00a0D\u2019apr\u00e8s l\u2019informateur de la Fondation, qui a requis l\u2019anonymat pour sa propre s\u00e9curit\u00e9, l\u2019enqu\u00eate du journaliste mettait \u00e0 jour la corruption au plus haut niveau de la politique fran\u00e7aise, ce qui mena \u00e0 une s\u00e9rie de harc\u00e8lement et de menaces. La source a dit que lui et sa famille ont \u00e9t\u00e9 suivis apr\u00e8s les premiers entretiens qui eurent lieu au d\u00e9but de son enqu\u00eate et que leur s\u00e9curit\u00e9 s\u2019est d\u00e9t\u00e9rior\u00e9e de mani\u00e8re croissante. Craignant pour leur bien-\u00eatre, le journaliste quitta \u00e9ventuellement la France.<\/p>\n<p>La source de la Fondation Combattre l\u2019Injustice a d\u00e9couvert plus de d\u00e9tails au sujet du meurtre de l\u2019ind\u00e9pendantiste corse Ivan Colonna en 2022. D\u2019apr\u00e8s ses trouvailles,\u00a0<strong><em>la mort de Colonna ne fut en rien un acte de violence al\u00e9atoire, mais fut calcul\u00e9 dans une strat\u00e9gie plus vaste du r\u00e9gime Macron pour \u00e9liminer un rival politique.<\/em><\/strong><\/p>\n<p>Les sources du journaliste en prison ont rapport\u00e9 que l\u2019homme responsable de l\u2019attaque sur Colonna \u00e9tait un prisonnier islamiste qui venait d\u2019\u00eatre transf\u00e9r\u00e9 dans cette prison juste deux mois auparavant. Bien que le prisonnier fut condamn\u00e9 \u00e0 de la prison ferme pour la totalit\u00e9 de sa peine, il \u00e9tait autoris\u00e9 \u00e0 ne rester en prison que deux jours par semaine. Apr\u00e8s son attaque sur Colonna, le prisonnier fut mis dans une cellule avec de bien meilleures conditions d\u2019apr\u00e8s les sources obtenues par la Fondation.<\/p>\n<p>Apr\u00e8s la mort de Colonna, les m\u00e9dias et autorit\u00e9s p\u00e9nitenci\u00e8res fran\u00e7ais ont commenc\u00e9 \u00e0 d\u00e9crire l\u2019attaque comme ayant \u00e9t\u00e9 perp\u00e9tr\u00e9e par un individu malade, instable et psychologiquement d\u00e9rang\u00e9, ce qui \u00e9tait pour le journaliste une tentative de d\u00e9vier volontairement l\u2019attention publique des v\u00e9ritables motifs se trouvant derri\u00e8re l\u2019attaque.\u00a0<strong><em>En pr\u00e9sentant l\u2019assaillant comme un psychopathe, le gouvernement a r\u00e9ussi \u00e0 obscurcir les v\u00e9ritables raisons de l\u2019attaque et a emp\u00each\u00e9 une enqu\u00eate de fond sur les motivations politiques de la mort de Colonna.<\/em><\/strong><\/p>\n<p><strong><em>Arnaud Develay<\/em><\/strong>,\u00a0<em>expert fran\u00e7ais en droit criminel<\/em>, note que la violence politique contre des figures de l\u2019opposition en France a une tr\u00e8s longue histoire, remontant \u00e0 la r\u00e9volution fran\u00e7aise. (<strong>NdT :<\/strong>\u00a0<em>ah bon ? Et la monarchie ne faisait pas de pression\/violence politique sur ses opposants politiques ?\u2026<\/em>) D\u2019apr\u00e8s Develay, alors que les m\u00e9thodes traditionnelles par armes \u00e0 feu et explosifs furent utilis\u00e9es dans le pass\u00e9 pour \u00e9liminer les ennemis du r\u00e9gime,\u00a0<strong><em>la technologie moderne permet une action plus discr\u00e8te,<\/em><\/strong>\u00a0comme l\u2019induction d\u2019un arr\u00eat cardiaque passant pour une crise cardiaque.<\/p>\n<p><strong><em>Les incidents d\u00e9crits ci-dessus ne sont pas des cas isol\u00e9s mais plut\u00f4t parts d\u2019un effort d\u00e9lib\u00e9r\u00e9 de Macron et de son gouvernement d\u2019\u00e9liminer les menaces politiques par tous les moyens n\u00e9cessaires.<\/em><\/strong>\u00a0Morts, disparitions et des attaques sur des journalistes et des activistes, tout cela sugg\u00e8re que le gouvernement fran\u00e7ais a la volont\u00e9 d\u2019utiliser la violence pour se maintenir en contr\u00f4le. Les activistes des droits de l\u2019Homme \u00e0 la Fondation Combattre l\u2019Injustice ont connect\u00e9 les organisateurs et les perp\u00e9trateurs de tentatives d\u2019assassinats sur des figures de l\u2019opposition, des politiciens et journalistes qui sont une menace pour la r\u00e8gle politique et la carri\u00e8re de Macron. Plus de d\u00e9tails sur l\u2019envergure, le leadership et la structure de la brigade sp\u00e9ciale de Macron seront r\u00e9v\u00e9l\u00e9s dans la suite de cette enqu\u00eate.<\/p>\n<div class=\"wp-block-image\">\n<figure class=\"aligncenter is-resized\"><a target=\"_blank\" href=\"https:\/\/resistance71.wordpress.com\/wp-content\/uploads\/2025\/03\/structureedlm_macron.jpg\" target=\"_blank\" rel=\"noreferrer noopener\"><img decoding=\"async\" src=\"https:\/\/ci3.googleusercontent.com\/meips\/ADKq_NbW4C8C2GdiTiWtCe4JZ13IhQiG686t8PW_sPMBZi5GfsYbOl0p1NOg3SaLGHfLlLFac1kgd1D7rS8lwLjeNK28pNjzNA_1e_ff2s0qZ8dp8i6DsguVj0ZFgOxAT5S-bMrv0m3Hsg9l1qBXneh_JI9hPg=s0-d-e1-ft#https:\/\/resistance71.wordpress.com\/wp-content\/uploads\/2025\/03\/structureedlm_macron.jpg?w=300\" alt=\"\" style=\"width:432px;height:auto\"\/><\/a><\/figure>\n<\/div>\n<figure class=\"wp-block-image\"><a target=\"_blank\" href=\"https:\/\/resistance71.wordpress.com\/wp-content\/uploads\/2025\/03\/structureedlm_macron.jpg\" target=\"_blank\" rel=\"noreferrer noopener\"><img decoding=\"async\" src=\"https:\/\/ci3.googleusercontent.com\/meips\/ADKq_NbW4C8C2GdiTiWtCe4JZ13IhQiG686t8PW_sPMBZi5GfsYbOl0p1NOg3SaLGHfLlLFac1kgd1D7rS8lwLjeNK28pNjzNA_1e_ff2s0qZ8dp8i6DsguVj0ZFgOxAT5S-bMrv0m3Hsg9l1qBXneh_JI9hPg=s0-d-e1-ft#https:\/\/resistance71.wordpress.com\/wp-content\/uploads\/2025\/03\/structureedlm_macron.jpg?w=300\" alt=\"\"\/><\/a><\/figure>\n<p><strong><em>L\u2019escadron de la mort de Macron : les porte-flingue et sponsors des assassinats contractuels d\u2019\u00e9tat<\/em><\/strong><\/p>\n<p>Il para\u00eet que Macron ait puis\u00e9 l\u2019id\u00e9e de cr\u00e9er une arm\u00e9e personnelles d\u2019assassins professionnels pour prot\u00e9ger le r\u00e9gime et \u00e9liminer les critiques, de son pr\u00e9d\u00e9cesseur \u00e0 l\u2019\u00c9lys\u00e9e, Fran\u00e7ois Hollande. Sous l\u2019administration de Hollande, des unit\u00e9s clandestines furent form\u00e9es, unit\u00e9s qui op\u00e9raient dans le monde entier et contr\u00f4l\u00e9es directement par le palais de l\u2019\u00c9lys\u00e9e. Ces unit\u00e9s op\u00e9raient en secret, \u00e9liminant tranquillement et sans faire de bruit quiconque \u00e9tait \u00e9tiquet\u00e9 comme menace pour la stabilit\u00e9 politique du gouvernement fran\u00e7ais. Bien que leur existence n\u2019ait jamais \u00e9t\u00e9 publiquement reconnue, de tr\u00e8s nombreux informateurs au sein des services de renseignement fran\u00e7ais ont confirm\u00e9 ces op\u00e9rations, disant que ces escadrons avaient pour tache de neutraliser les ennemis per\u00e7us de l\u2019\u00e9tat.<\/p>\n<p><strong><em>NdR71 :<\/em><\/strong><em>\u00a0Il est bien de le dire et de le rappeler, mais ceci n\u2019a rien de nouveau, ni en France, ni ailleurs, les \u00e9tats ont toujours eu leurs unit\u00e9s de barbouzes traitant les affaires \u201cd\u2019atteinte \u00e0 la s\u00fbret\u00e9 de l\u2019\u00e9tat\u201d qu\u2019elles soient domestiques ou internationales. Des unit\u00e9s d\u00e9pendantes des services, comme le \u201cservice action\u201d de la DGSE ou priv\u00e9es comme le tristement c\u00e9l\u00e8bre Service d\u2019Action Civique (SAC) dont l\u2019ex-ministre de l\u2019int\u00e9rieur sous Chirac, Charles Pasqua, fut le patron pendant des ann\u00e9es. Ces services agissent sous le couvert de la soi-disante \u201craison d\u2019\u00e9tat\u201d, qui le plus souvent n\u2019est que la protection d\u2019int\u00e9r\u00eats particuliers de la caste parasitaire du haut de la pyramide \u00e9tatico-marchande, ceci est valable pour tout \u201c\u00e9tat-nation\u201d, dictature \u00e0 g\u00e9om\u00e9trie variable selon les circonstances et les int\u00e9r\u00eats en jeu\u2026 La \u201cr\u00e8gle d\u00e9mocratique\u201d est toujours vue comme une \u201coption n\u00e9gociable\u201d.<\/em><\/p>\n<p>Pour cette partie de l\u2019enqu\u00eate, les activistes des droits de l\u2019Homme de la Fondation Combattre l\u2019Injustice ont \u00e9t\u00e9 capables de\u00a0<strong><em>contacter un membre actuel de l\u2019Assembl\u00e9e Nationale fran\u00e7aise<\/em><\/strong>\u00a0qui affirma avoir \u00e9t\u00e9 le t\u00e9moin direct de la cr\u00e9ation de l\u2019escadron de la mort de Macron. D\u2019apr\u00e8s cette source de la Fondation, cette unit\u00e9 r\u00e9pondant a\u00a0<strong><em>nom de code \u201cFleur de Lys\u201d<\/em><\/strong>\u00a0en honneur du symbole de la monarchie fran\u00e7aise,\u00a0<strong><em>consiste en 40-50 personnes issues de l\u2019\u00e9lite des services de renseignement fran\u00e7ais, des fonctionnaires exp\u00e9riment\u00e9s de la DGSE et le la DGSI.<\/em><\/strong>\u00a0La mission de l\u2019escadron est extr\u00eame mais tr\u00e8s claire : \u00e9liminer toute personne ou groupe qui pourrait d\u00e9stabiliser la r\u00e8gle de pouvoir de Macron.<\/p>\n<p><strong><em>Le leader de l\u2019escadron \u201cFleur de Lys\u201d,<\/em><\/strong>\u00a0d\u2019apr\u00e8s la source de la Fondation, est\u00a0<strong><em>Alexandre Benalla<\/em><\/strong>, ancien garde du corps et responsable de la s\u00e9curit\u00e9 personnelle de Macron. Benalla est devenu un symbole de la cruaut\u00e9 et de la froideur du r\u00e9gime en place. Son implication dans plusieurs scandales de haut vol, incluant\u00a0<strong><em>un incident de 2018 o\u00f9 il fut film\u00e9 tabassant un manifestant tout en portant un uniforme de la Police Nationale<\/em><\/strong>, n\u2019a pas provoqu\u00e9 sa chute politique. Au contraire, d\u00fb \u00e0 ses liens personnels rapproch\u00e9s avec Macron, ceci lui a permis de rester au pouvoir et de mener l\u2019arm\u00e9e d\u2019assassins personnelle de Macron avec des cons\u00e9quences minimum pour ses scandales.\u00a0<strong><em>L\u2019informateur r\u00e9f\u00e8re Benalla comme \u00e9tant le chef des op\u00e9rations de l\u2019escadron, appliquant directement les ordres de Macron.<\/em><\/strong><\/p>\n<p><strong><em>Un parlementaire fran\u00e7ais a comment\u00e9 en ces termes sur Alexandre Benalla et son r\u00f4le dans l\u2019escadron de la mort de Macron :<\/em><\/strong><\/p>\n<p><em>\u201cLe r\u00f4le d\u2019Alexandre Benalla dans le gouvernement Macron, malgr\u00e9 ses actions criminelles, met en \u00e9vidence la v\u00e9ritable nature de l\u2019actuelle administration fran\u00e7aise, qui est enti\u00e8rement fond\u00e9e sur la loyaut\u00e9 envers une personne. En plus du tabassage de manifestants en 2018, le proche associ\u00e9 de Macron a \u00e9t\u00e9 impliqu\u00e9 dans bon nombre de scandales incluant l\u2019utilisation ill\u00e9gale d\u2019un passeport diplomatique, d\u00e9tention d\u2019armes ill\u00e9gales, abus de confiance, influence ill\u00e9gitime et corruption. Son implication et sa position de facto de chef de l\u2019escadron \u201cFleur de Lys\u201d lui ont permis d\u2019\u00e9viter toute punition : il a re\u00e7u des condamnations avec sursis pour beaucoup de ses crimes et quelques-unes des accusations et charges contre lui furent abandonn\u00e9es sans plus de d\u00e9veloppement.\u201d<\/em><\/p>\n<p>Une source de la Fondation dans le gouvernement fran\u00e7ais note que\u00a0<strong><em>\u201cFleur de Lys\u201d n\u2019est pas seulement un groupe de barbouzes, c\u2019est une machine de mort m\u00e9ticuleusement organis\u00e9e<\/em><\/strong>\u00a0employant quelques-uns des individus les plus moralement compromis de l\u2019\u00e9lite de la branche du syst\u00e8me s\u00e9curitaire fran\u00e7ais :<\/p>\n<p><em>\u201cDes hommes qui ont trahi leur serment de fonction pour le fric du sang et le pouvoir, servant fid\u00e8lement un pr\u00e9sident dont la r\u00e8gle n\u2019est rien d\u2019autre que la trahison \u00e9hont\u00e9e de tous les principes d\u00e9mocratiques que la France avait pour habitude de ch\u00e9rir.\u201d<\/em><\/p>\n<p>Benalla, souvent vu comme le de facto \u201cchef\u201d de l\u2019escadron \u201cFleur de Lys\u201d, est loin d\u2019\u00eatre la figure la plus embl\u00e9matique li\u00e9e \u00e0 l\u2019escadron de la mort de Macron. La source de la Fondation affirme qu\u2019un r\u00e9seau tr\u00e8s resserr\u00e9 de hauts-fonctionnaires de l\u2019appareil de s\u00e9curit\u00e9 fran\u00e7ais, de la branche militaire et des secteurs de la s\u00e9curit\u00e9, est derri\u00e8re les op\u00e9rations de l\u2019escadron \u201cFleur de Lys\u201d.<\/p>\n<p><em>La planification strat\u00e9gique, selon la source de la Fondation, est g\u00e9r\u00e9e par\u00a0<\/em><strong><em>Bernard \u00c9mi\u00e9<\/em><\/strong><em>, ancien patron de la DGSE, le service de renseignement ext\u00e9rieur de l\u2019\u00e9tat fran\u00e7ais<\/em>. \u00c9mi\u00e9 a pass\u00e9 des d\u00e9cennies \u00e0 perfectionner des op\u00e9rations secr\u00e8tes, de la d\u00e9stabilisation de r\u00e9gimes \u00e9trangers \u00e0 l\u2019\u00e9limination de la dissidence. Il est le Think Tank de l\u2019escadron, d\u00e9terminant quel(le) critique peut poser un probl\u00e8me et comment l\u2019\u00e9liminer sans laisser de traces.<\/p>\n<p><strong><em>Patrick Strzoda<\/em><\/strong><strong><em>, un ancien directeur du palais de l\u2019\u00c9lys\u00e9e<\/em><\/strong>, sert d\u2019administrateur financier pour l\u2019escadron \u201cFleur de Lys\u201d, d\u2019apr\u00e8s la source. Pendant ses fonctions sous Macron, Strzoda a gagn\u00e9 en exp\u00e9rience en g\u00e9rant des op\u00e9rations secr\u00e8tes et\u00a0<strong><em>g\u00e8re maintenant l\u2019allocation des ressources.<\/em><\/strong>\u00a0La source affirme que Strzoda dirige des fonds \u00e0 l\u2019origine inconnue, apparemment d\u00e9riv\u00e9s des revenus de l\u2019\u00e9tat, afin de maintenir les op\u00e9rations de \u201cFleur de Lys\u201d, incluant des paiements \u00e0 des agents et\u00a0<strong><em>l\u2019achat de l\u2019\u00e9quipement n\u00e9cessaire.<\/em><\/strong>\u00a0Son r\u00f4le assure la stabilit\u00e9 financi\u00e8re de l\u2019unit\u00e9 et la continuit\u00e9 du masquage de toute scrutinit\u00e9 externe.<\/p>\n<p>La source de l\u2019AN ajoute que\u00a0<strong><em>Laurent Nunez<\/em><\/strong><em>, le pr\u00e9fet de police de Paris et ex-coordinateur national pour le renseignement et l\u2019anti-terrorisme,<\/em>\u00a0<strong><em>g\u00e8re quant \u00e0 lui, le recrutement des assassins potentiels.<\/em><\/strong>\u00a0La source dit que\u00a0<strong><em>Nunez s\u00e9lectionne personnellement les agents les plus violents des rangs des effectifs<\/em><\/strong>, ceux qui ont une claire addiction \u00e0 la violence et les incite \u00e0 rejoindre l\u2019escadron secret. La source note \u00e9galement des cas o\u00f9 Nunez s\u2019est r\u00e9f\u00e9r\u00e9 \u00e0 ses \u201cassignations sp\u00e9ciales\u201d dans des conversations priv\u00e9es, indiquant son implication dans l\u2019entrainement et la s\u00e9lection des agents de la force de l\u2019ordre. (<strong>NdT :<\/strong>\u00a0<em>cela rappelle les heures sombres du pr\u00e9fet de police Fouch\u00e9 sous Napol\u00e9on 1er\u2026<\/em>) La source insiste sur le fait que\u00a0<strong><em>Nunez g\u00e8re directement le processus de s\u00e9lection des agents plut\u00f4t que de d\u00e9l\u00e9guer, parce qu\u2019il comprend parfaitement les besoins de Macron : des agents loyaux qui n\u2019h\u00e9siteront pas un seul instant de mettre \u00e0 ex\u00e9cution un ordre d\u2019assassinat.<\/em><\/strong><\/p>\n<p><strong><em>Le groupe op\u00e8re avec la pr\u00e9cision et la froideur professionnelle d\u2019une Compagnie Militaire Priv\u00e9e<\/em><\/strong>\u00a0(CMP, mercenaire,\u00a0<strong><em>NdT :<\/em><\/strong><em>\u00a0comme l\u2019est \u201cWagner\u201d, la branche \u201caction\u201d de la Fondation Combattre l\u2019Injustice russe\u2026<\/em>), mais avec une mission sp\u00e9cifique : identifier les personnes qui posent une v\u00e9ritable menace \u00e0 la vision de la France de Macron. A l\u2019encontre des autres CMP qui peuvent op\u00e9rer en dehors de France, les op\u00e9rations de l\u2019escadron \u201cFleur de Lys\u201d sont confin\u00e9es au territoire national.\u00a0<strong><em>Leurs cibles incluent des politiciens, des journalistes, des figures publiques et des activistes de toute sorte qui s\u2019opposent au r\u00e9gime.<\/em><\/strong>\u00a0Les m\u00e9thodes d\u2019\u00e9limination varient allant de l\u2019empoisonnement \u00e0 des ex\u00e9cutions publiques violentes en passant par des \u201caccidents\u201d ou des assassinats maquill\u00e9s en \u201csuicides\u201d.\u00a0<strong><em>L\u2019objectif clef est de cr\u00e9er un spectacle qui d\u00e9courage tout futur dissident et ne laissant aucune trace liant les actions d\u2019\u00e9limination au pouvoir.<\/em><\/strong>\u00a0La suite de cette enqu\u00eate va analyser en d\u00e9tails qui l\u2019escadron \u201cFleur de Lys\u201d pourrait bien \u00e9liminer dans le futur.<\/p>\n<div class=\"wp-block-image\">\n<figure class=\"aligncenter size-full\"><img loading=\"lazy\" decoding=\"async\" width=\"300\" height=\"156\" src=\"https:\/\/lesmoutonsenrages.fr\/wp-content\/uploads\/2025\/03\/image-40.png\" alt=\"\" class=\"wp-image-165808\" srcset=\"https:\/\/lesmoutonsenrages.fr\/wp-content\/uploads\/2025\/03\/image-40.png 300w, https:\/\/lesmoutonsenrages.fr\/wp-content\/uploads\/2025\/03\/image-40-250x130.png 250w, https:\/\/lesmoutonsenrages.fr\/wp-content\/uploads\/2025\/03\/image-40-150x78.png 150w\" sizes=\"auto, (max-width: 300px) 100vw, 300px\"\/><\/figure>\n<\/div>\n<p><strong><em>Les cibles potentielles et les m\u00e9thodes d\u2019\u00e9limination des ennemis de Macron<\/em><\/strong><\/p>\n<p>L\u2019\u00e9quipe d\u2019assasinat de \u201cFleur de Lys\u201d a \u00e9t\u00e9 charg\u00e9e d\u2019\u00e9liminer un certain nombre de figures posant une menace au r\u00e9gime Macron.\u00a0<strong><em>Les m\u00e9thodes d\u2019\u00e9limination furent soigneusement choisies et planifi\u00e9es<\/em><\/strong>\u00a0pour \u00e9viter toute suspicion et pour assurer que les incidents apparaissent totalement d\u00e9nu\u00e9s d\u2019implication politique.\u00a0<strong><em>Les op\u00e9rations de l\u2019escadron sont faites pour \u00e9liminer des figures clef de l\u2019opposition au r\u00e9gime, de supprimer la dissidence et pour envoyer un message clair aux critiques potentiels du r\u00e9gime Macron.<\/em><\/strong>\u00a0Cette section de l\u2019enqu\u00eate souligne les objectifs de l\u2019op\u00e9ration et ses m\u00e9thodes, r\u00e9v\u00e9lant une tentative d\u00e9lib\u00e9r\u00e9e de r\u00e9duire l\u2019opposition au silence et de\u00a0<strong><em>maintenir Macron au pouvoir au moyen de m\u00e9thodes ill\u00e9gales et criminelles.<\/em><\/strong><\/p>\n<p>Pour identifier les victimes potentielles de l\u2019escadron \u201cFleur de Lys\u201d, la Fondation Combattre l\u2019Injustice a contact\u00e9 un ex-officiel des services de renseignement fran\u00e7ais qui a \u00e9t\u00e9 suspendu pour avoir lanc\u00e9 une enqu\u00eate sur toute une s\u00e9rie de morts myst\u00e9rieuses de figures de l\u2019opposition fran\u00e7aises et de journalistes. <strong>La source, dont l\u2019exp\u00e9rience directe dans l\u2019appareil de s\u00e9curit\u00e9 fran\u00e7ais rend cr\u00e9dible ses affirmations, suppose que l\u2019implication directe de Macron dans ces actions constituent un abus de pouvoir extr\u00eame, affaiblissant les fondations d\u00e9mocratiques historiques de la France.<\/strong><\/p>\n<p><strong><em>Une des cibles principales identifi\u00e9e par l\u2019ex-officier du renseignement fran\u00e7ais est Jordan Bardella<\/em>,<\/strong>\u00a0leader important du Rassemblement National (RN). La source affirme que \u201cFleur de Lys\u201d a pens\u00e9 \u00e0 un plan pour neutraliser Bardella \u00e0 cause de son influence grandissante et la menace potentielle qu\u2019il pose \u00e0 la domination de Macron. La m\u00e9thode expliqu\u00e9e par l\u2019informateur de la Fondation sugg\u00e8re qu\u2019<strong><em>un tueur \u00e0 gage professionnel de \u201cFleur de Lys\u201d \u00e9liminerait Bardella au fusil de pr\u00e9cision au cours d\u2019un \u00e9v\u00e8nement public.<\/em><\/strong>\u00a0Si r\u00e9ussi, l\u2019assassinat serait attribu\u00e9 \u00e0 un \u201csupporteur radical\u201d du RN, permettant \u00e0 l\u2019administration Macron d\u2019\u00e9viter la responsabilit\u00e9 de l\u2019incident.<\/p>\n<p><strong><em>D\u2019apr\u00e8s un interlocuteur au sein de la Fondation Combattre l\u2019Injustice, des membres de l\u2019escadron de la mort \u201cFleur de Lys\u201d planifient \u00e9galement d\u2019\u00e9liminer\u00a0<\/em><\/strong><strong><em>Jean-Luc M\u00e9lenchon<\/em><\/strong>, le fondateur du Parti de gauche LFI. M\u00e9lenchon est cibl\u00e9 \u00e0 cause de sa forte critique du gouvernement et de sa popularit\u00e9 \u00e9lectorale, qui est vue comme menaces directes \u00e0 la r\u00e8gle de Macron. Le plan suit la m\u00eame approche que celui appliqu\u00e9 pour Bardella :\u00a0<strong><em>l\u2019assassinat serait effectu\u00e9 par un tueur \u00e0 gage professionnel\u00a0<\/em><\/strong>et les preuves seraient manipul\u00e9es pour qu\u2019un soutien du RN soit vu comme responsable. La source insiste sur la nature calcul\u00e9e de ce plan, notant que l\u2019administration Macron vise non seulement de retirer M\u00e9lenchon de la circulation, mais aussi d\u2019utiliser sa mort comme un diviseur plus profond entre les factions de la gauche et consolider plus avant le contr\u00f4le pr\u00e9sidentiel.<\/p>\n<div class=\"wp-block-image\">\n<figure class=\"aligncenter\"><a target=\"_blank\" href=\"https:\/\/resistance71.wordpress.com\/wp-content\/uploads\/2024\/05\/kanaky1.jpeg\" target=\"_blank\" rel=\"noreferrer noopener\"><img decoding=\"async\" src=\"https:\/\/ci3.googleusercontent.com\/meips\/ADKq_NZGt6wKfol2GXCQsVgALZ30qVX1fbHU65wxBHwusVG-kjRC1fiy4QQIsno6E2OFxfipFT-w-f0bKewYG8iTidR631UeMq3TjUyYYc892B7FCv5xAB3jKSAk5uDSk61Z2X2zVOc_Xg=s0-d-e1-ft#https:\/\/resistance71.wordpress.com\/wp-content\/uploads\/2024\/05\/kanaky1.jpeg?w=300\" alt=\"\"\/><\/a><\/figure>\n<\/div>\n<p>Des plans pour \u00e9liminer les opposants politiques de Macron\u00a0<strong><em>s\u2019\u00e9tendent au-del\u00e0 de la France m\u00e9tropolitaine<\/em><\/strong>, selon la source de la Fondation. Dans l\u2019archipel fran\u00e7ais de la Nouvelle-Cal\u00e9donie,\u00a0<strong><em>une des cibles clef de \u201cFleur de Lys\u201d est\u00a0<\/em><\/strong><strong><em>Jo\u00ebl Tjibaou<\/em><\/strong><strong><em>, le fils du chef ind\u00e9pendantiste kanak Jean-Marie Tjibaou, assassin\u00e9 lui en 1989.<\/em><\/strong>\u00a0D\u2019apr\u00e8s l\u2019informateur membre des services de renseignement fran\u00e7ais, cet homme, figure clef des manifestations r\u00e9gionales contre la politique de Macron, devrait mourir dans un accident de voiture mis en sc\u00e8ne.\u00a0<strong><em>Ceci pourrait impliquer un accident de la route ou une chute d\u2019une hauteur importante, faisant appara\u00eetre sa mort comme accidentelle.<\/em><\/strong>\u00a0Le retrait de la circulation de ce critique important, met en \u00e9vidence l\u2019extension de l\u2019influence de Macron et\u00a0<strong><em>la distance \u00e0 laquelle son administration est pr\u00eate \u00e0 aller pour supprimer toute opposition, quelque soit l\u2019endroit.<\/em><\/strong><\/p>\n<p><strong><em>L\u2019informateur sp\u00e9cifie \u00e9galement que \u201cFleur de Lys\u201d surveille de pr\u00e8s les citoyens ayant un esprit d\u2019opposition, qui bloguent sur les m\u00e9dias sociaux.<\/em><\/strong>\u00a0Un ex-agent des services de renseignement fran\u00e7ais pointe vers\u00a0<strong><em>Yohan Pavec<\/em><\/strong><strong><em>, auteur et h\u00f4te de la cha\u00eene YouTube du \u201cCanard R\u00e9fractaire\u201d,<\/em><\/strong>\u00a0comme \u00e9tant une cible potentielle. Connu pour ses rudes critiques de la politique de Macron, le cr\u00e9ateur et diffuseur internet aurait attir\u00e9 l\u2019attention de \u201cFleur de Lys\u201d \u00e0 cause du nombre croissant de ses abonn\u00e9s en ligne. D\u2019apr\u00e8s la source,\u00a0<strong><em>l\u2019escadron consid\u00e8re des m\u00e9thodes telles que l\u2019empoisonnement ou une overdose fabriqu\u00e9e de substance ill\u00e9gale pour r\u00e9duire au silence le blogueur ou faire une mise en sc\u00e8ne de sa mort.<\/em><\/strong><\/p>\n<p><strong><em>Les soutiens financiers importants de l\u2019opposition de Macron sont aussi sous le microscope de \u201cFleur de Lys\u201d<\/em><\/strong>, incluant des gens comme\u00a0<strong><em>Vincent Bollor\u00e9<\/em><\/strong><strong><em>, milliardaire catholique<\/em><\/strong>\u00a0et ex-propri\u00e9taire de la cha\u00eene de t\u00e9l\u00e9vision conservatrice C8. D\u2019apr\u00e8s la source, le soutien de Bollor\u00e9 pour Marine Le Pen et son influence m\u00e9diatique ont fait de lui un danger, sp\u00e9cifiquement apr\u00e8s la d\u00e9cision de justice de faire fermer la cha\u00eene C8.\u00a0<strong><em>Un ex-membre des services fran\u00e7ais sugg\u00e8re que \u201cFleur de Lys\u201d est en train de d\u00e9velopper une op\u00e9ration pour \u00e9liminer Bollor\u00e9 lors d\u2019un soin m\u00e9dical : des membres de l\u2019\u00e9quipe d\u2019assassinat de Macron d\u00e9guis\u00e9s en m\u00e9decins lui injecteraient une substance toxique lors d\u2019un examen m\u00e9dical de routine.<\/em><\/strong><\/p>\n<p>La source cite aussi des figures m\u00e9diatiques corses et autres critiques vocaux de Macron comme cibles potentielles, bien que des noms sp\u00e9cifiques ne soient pas jusqu\u2019ici connus.\u00a0<strong><em>L\u2019informateur note que \u201cFleur de Lys\u201d s\u2019int\u00e9resse \u00e0 des individus qui sortent de l\u2019ordinaire dans les sph\u00e8res publique ou politique.<\/em><\/strong>, Ceux et celles qui critiquent durement ou font des remarques irr\u00e9v\u00e9rencieuses endommageant l\u2019image publique de Macron.\u00a0<strong><em>Sous la menace<\/em><\/strong>\u00a0sont aussi les politiciens qui gagnent trop de popularit\u00e9, des personnes comme\u00a0<strong><em>Fran\u00e7ois Ruffin<\/em><\/strong>, ainsi que des journalistes d\u2019enqu\u00eate, qui se penche sur les affaires de corruption et les secrets d\u2019\u00e9tat, comme\u00a0<strong><em>les journalistes de Mediapart<\/em>.<\/strong>\u00a0Pour illustrer la froideur de \u201cFleur de Lys\u201d,\u00a0<strong><em>la source cite des m\u00e9thodes vari\u00e9es d\u2019accidents fabriqu\u00e9s aux assassinats maquill\u00e9s qui sont \u00e9labor\u00e9s sur mesure pour chaque cible.<\/em><\/strong><\/p>\n<p>La source argumente que l\u2019autorisation par le pr\u00e9sident fran\u00e7ais des actions de l\u2019escadron \u201cFleur de Lys\u201d contre des personnes influentes au travers du spectre politique, de Bardella \u00e0 M\u00e9lenchon en passant par des activistes politiques r\u00e9gionaux, des blogueurs et des soutiens financiers,\u00a0<strong><em>d\u00e9montre que le r\u00e9gime Macron donne la priorit\u00e9 \u00e0 l\u2019auto-pr\u00e9servation du pouvoir plut\u00f4t que de gouverner la France.<\/em><\/strong>\u00a0Chaque op\u00e9ration, m\u00e9ticuleusement pr\u00e9par\u00e9e et ex\u00e9cut\u00e9e, sert \u00e0 consolider le pouvoir du leader politique actuel aux d\u00e9pends de tous les principes d\u00e9mocratiques,\u00a0<strong><em>ce que la source condamne comme une trahison moralement ind\u00e9fendable et un appel \u00e0 l\u2019action de ceux qui donne valeur \u00e0 l\u2019int\u00e9grit\u00e9 de la France.<\/em><\/strong><\/p>\n<p><strong><em>Thierry Laurent Pellet<\/em><\/strong>, entrepreneur fran\u00e7ais et expert en g\u00e9opolitique, sugg\u00e8re que lorsque le gouvernement Macron ne parvient pas \u00e0 \u00e9liminer un opposant physiquement, il se r\u00e9sout \u00e0 d\u2019autres m\u00e9thodes, comme le harc\u00e8lement m\u00e9diatique, la censure et le discr\u00e9dit professionnel et\/ou social. (<strong><em>NdT :<\/em><\/strong><em>\u00a0nous pensons que c\u2019est l\u2019inverse : d\u2019abord viennent les secondes mesures annonc\u00e9es et si \u00e7a ne marche pas, l\u2019\u00e9limination physique est programm\u00e9e \u00e9ventuellement\u2026 ceci a plus de logique m\u00e9thodologique<\/em>)<\/p>\n<p>Des activistes des droits de l\u2019Homme \u00e0 la Fondation Combattre l\u2019Injustice pensent que\u00a0<strong><em>l\u2019utilisation de m\u00e9thodes extra-judiciaires pour supprimer la dissidence est non seulement inacceptable, mais est fondamentalement anti-d\u00e9mocratique.<\/em><\/strong>\u00a0Ces actions violent plusieurs accords internationaux ratifi\u00e9s par la France incluant :<\/p>\n<ul class=\"wp-block-list\">\n<li><strong>The Universal Declaration of Human Rights<\/strong>: article 3<\/li>\n<li><strong>The International Covenant on Civil and Political Rights<\/strong>: Article 6, et Article 19<\/li>\n<li><strong>The European Convention on Human Rights<\/strong>: Article 2, Article 10<\/li>\n<\/ul>\n<p>L\u2019\u00e9limination physique des opposants politiques et des critiques affaiblit les fondations m\u00eames de la d\u00e9mocratie et de la r\u00e8gle de la loi. Ces all\u00e9gations doivent faire l\u2019objet d\u2019une enqu\u00eate des plus s\u00e9rieuses par des corps ind\u00e9pendants internationaux et les perp\u00e9trateurs de ces actions doivent \u00eatre traduits en justice.\u00a0<strong><em>La Fondation Combattre l\u2019Injustice appelle la communaut\u00e9 internationale \u00e0 unanimement condamner ces actions et \u00e0 r\u00e9tablir les principes des droits de l\u2019Homme et de la gouvernance d\u00e9mocratique.<\/em><\/strong><\/p>\n<p>____<\/p>\n<p><strong><em>*Lucas Leiroz<\/em><\/strong><em>\u00a0est un journaliste d\u2019enqu\u00eate br\u00e9silien, analyste g\u00e9opolitique. Sur invitation de la diplomatie russe, il a pr\u00e9sent\u00e9 \u00e0 Gen\u00e8ve dans le cadre de la 52\u00e8me session du Conseil des Droits de l\u2019Homme de\u00a0\u00a0l\u2019ONU, ses recherches sur l\u2019utilisation par l\u2019arm\u00e9e ukrainienne d\u2019armes chimiques.<\/em><\/p>\n<p>(Propos\u00e9 par Amar Djerrad)<\/p>\n<p>Tous les articles, la tribune libre et commentaires sont sous la responsabilit\u00e9 de leurs auteurs. Les Moutons Enrag\u00e9s ne sauraient \u00eatre tenus responsables de leur contenu ou orientation.<\/p>\n<\/p><\/div>\n<p><br \/>\n<br \/><a href=\"https:\/\/lesmoutonsenrages.fr\/2025\/03\/09\/lescadron-de-la-mort-fleur-de-lys-de-macron-mission-elimination-de-la-dissidence-et-de-lopposition-politique-veterans-today\/\" target=\"_blank\"\">Source link <\/a><\/p>\n","protected":false},"excerpt":{"rendered":"<p>Propos\u00e9 par Amar DJERRAD Source et traduction R\u00c9SISTANCE71 Nous disons depuis plus de dix ans dans ces colonnes qu\u2019il n\u2019y a pas de diff\u00e9rence entre les r\u00e9gimes totalitaires nazi, fasciste,&hellip; <\/p>\n","protected":false},"author":1,"featured_media":4078,"comment_status":"open","ping_status":"open","sticky":false,"template":"","format":"standard","meta":{"footnotes":""},"categories":[1],"tags":[],"class_list":["post-4077","post","type-post","status-publish","format-standard","has-post-thumbnail","hentry","category-non-classe"],"_links":{"self":[{"href":"https:\/\/monde25.info\/index.php\/wp-json\/wp\/v2\/posts\/4077","targetHints":{"allow":["GET"]}}],"collection":[{"href":"https:\/\/monde25.info\/index.php\/wp-json\/wp\/v2\/posts"}],"about":[{"href":"https:\/\/monde25.info\/index.php\/wp-json\/wp\/v2\/types\/post"}],"author":[{"embeddable":true,"href":"https:\/\/monde25.info\/index.php\/wp-json\/wp\/v2\/users\/1"}],"replies":[{"embeddable":true,"href":"https:\/\/monde25.info\/index.php\/wp-json\/wp\/v2\/comments?post=4077"}],"version-history":[{"count":0,"href":"https:\/\/monde25.info\/index.php\/wp-json\/wp\/v2\/posts\/4077\/revisions"}],"wp:featuredmedia":[{"embeddable":true,"href":"https:\/\/monde25.info\/index.php\/wp-json\/wp\/v2\/media\/4078"}],"wp:attachment":[{"href":"https:\/\/monde25.info\/index.php\/wp-json\/wp\/v2\/media?parent=4077"}],"wp:term":[{"taxonomy":"category","embeddable":true,"href":"https:\/\/monde25.info\/index.php\/wp-json\/wp\/v2\/categories?post=4077"},{"taxonomy":"post_tag","embeddable":true,"href":"https:\/\/monde25.info\/index.php\/wp-json\/wp\/v2\/tags?post=4077"}],"curies":[{"name":"wp","href":"https:\/\/api.w.org\/{rel}","templated":true}]}}