{"id":4079,"date":"2025-03-09T10:34:47","date_gmt":"2025-03-09T09:34:47","guid":{"rendered":"https:\/\/monde25.info\/index.php\/2025\/03\/09\/livres-podcasts-revue-la-selection-feministe-de-reporterre\/"},"modified":"2025-03-09T10:34:47","modified_gmt":"2025-03-09T09:34:47","slug":"livres-podcasts-revue-la-selection-feministe-de-reporterre","status":"publish","type":"post","link":"https:\/\/monde25.info\/index.php\/2025\/03\/09\/livres-podcasts-revue-la-selection-feministe-de-reporterre\/","title":{"rendered":"Livres, podcasts, revue&#8230; La s\u00e9lection f\u00e9ministe de Reporterre"},"content":{"rendered":"<p> <br \/>\n<\/p>\n<div>\n<h2 class=\"spip\"><span class=\"caps\">ESSAIS<\/span><\/h2>\n<h2 class=\"spip\">\u2022 <i>Cultiver l\u2019appartenance<\/i> <\/h2>\n<p>C\u2019est un livre pr\u00e9cieux et intime que nous livre ici la penseuse f\u00e9ministe et afro-am\u00e9ricaine bell hooks<span class=\"spip_note_ref\">\u00a0[<a target=\"_blank\" href=\"#nb1\" class=\"spip_note\" rel=\"appendix\" title=\"L\u2019essayiste Gloria Jean Watkins \u00e9crivait son nom de plume sans majuscule\u00a0(\u2026)\" id=\"nh1\">1<\/a>]<\/span>. Elle y m\u00eale consid\u00e9rations \u00e9cologiques et lutte contre le racisme, soin de la Terre et de tous ceux et celles qu\u2019elle porte. Si les communaut\u00e9s noires ont tenu face \u00e0 l\u2019adversit\u00e9, \u00e0 la violence de la s\u00e9gr\u00e9gation, et \u00e0 l\u2019esclavage, c\u2019est aussi, dit-elle, gr\u00e2ce \u00e0 l\u2019attachement qu\u2019elles avaient avec le vivant. L\u2019intellectuelle fait le lien entre <i>\u00ab<small class=\"fine d-inline\">\u00a0<\/small>l\u2019autogu\u00e9rison noire et l\u2019\u00e9cologie<small class=\"fine d-inline\">\u00a0<\/small>\u00bb<\/i>, l\u2019agro\u00e9cologie et l\u2019autonomie mat\u00e9rielle des populations issues de l\u2019esclavage. Elle invite \u00e0 une <i>\u00ab<small class=\"fine d-inline\">\u00a0<\/small>culture de l\u2019appartenance<small class=\"fine d-inline\">\u00a0<\/small>\u00bb<\/i>, c\u2019est-\u00e0-dire un lien charnel avec le territoire auquel on appartient, une relation empathique avec les animaux, de la retenue, un rapport vigilant \u00e0 la pr\u00e9servation, de l\u2019\u00e9galitarisme, de la r\u00e9ciprocit\u00e9 et de la gaiet\u00e9, pour que la vie humaine conserve son sens et sa dignit\u00e9.  <strong>G.d\u2019A<\/strong><\/p>\n<table>\n<tr>\n<td style=\"width:50%;\">\n<div class=\"spip_document_89225 spip_document spip_documents spip_document_image spip_documents_left spip_document_left\">\n<figure class=\"spip_doc_inner\">\n      <picture>\n<p>        <img decoding=\"async\" src=\"https:\/\/reporterre.net\/IMG\/jpg\/cultiver-lappartenance_couv.jpg\" width=\"250\" height=\"362\" loading=\"lazy\" alt=\"\"\/>\n    <\/picture>\n  <\/figure>\n<\/p><\/div>\n<\/td>\n<td>\n<strong>Cultiver l\u2019appartenance<\/strong>, de bell hooks, \u00e9ditions <a target=\"_blank\" href=\"https:\/\/www.cambourakis.com\/tout\/sorcieres\/cultiver-lappartenance\/\" class=\"spip_out\" rel=\"external\">Cambourakis<\/a>, octobre 2023, 320\u00a0pages, 24\u00a0euros.\n<\/td>\n<\/tr>\n<\/table>\n<h2 class=\"spip\">\u2022 <i>Pour en finir avec la famille<\/i> <\/h2>\n<p>L\u2019autrice f\u00e9ministe germano-britannique Sophie Lewis le dit d\u2019embl\u00e9e\u00a0: proposer d\u2019abolir la famille n\u2019est pas une mince affaire, tant nombre d\u2019entre nous y sommes attach\u00e9s. Elle ne nie pas notre d\u00e9sir collectif d\u2019amour et d\u2019attention, mais explique avec rigueur (et humour) comment la structure familiale ne peut y r\u00e9pondre. Parce qu\u2019elle induit une privatisation du soin, parce qu\u2019elle repose sur des concepts <i>\u00ab<small class=\"fine d-inline\">\u00a0<\/small>propri\u00e9taires<small class=\"fine d-inline\">\u00a0<\/small>\u00bb<\/i> \u2014 <i>\u00ab<small class=\"fine d-inline\">\u00a0<\/small>de couple, de sang, de g\u00e8nes<small class=\"fine d-inline\">\u00a0<\/small>\u00bb<\/i>\u00a0\u2014, la famille ne peut en aucun cas nous mener \u00e0 une lib\u00e9ration collective, \u00e0 l\u2019heure o\u00f9 les plus vuln\u00e9rables sont attaqu\u00e9s de toutes parts.<\/p>\n<p>Cela devrait donc <i>\u00ab<small class=\"fine d-inline\">\u00a0<\/small>\u00eatre le b.a.-ba du socialisme (et non une excentricit\u00e9 marginale de quelques <i>queers<\/i><span class=\"spip_note_ref\">\u00a0[<a target=\"_blank\" href=\"#nb2\" class=\"spip_note\" rel=\"appendix\" title=\"Vers la fin des ann\u00e9es 1980, la communaut\u00e9 LGBTQ+ s\u2019est r\u00e9appropri\u00e9 le terme\u00a0(\u2026)\" id=\"nh2\">2<\/a>]<\/span> d\u2019ultragauche) que de chercher \u00e0 atteindre un r\u00e9gime de cohabitation et de collectivisation de l\u2019alimentation, des loisirs, des soins aux personnes \u00e2g\u00e9es et de l\u2019\u00e9ducation des enfants<small class=\"fine d-inline\">\u00a0<\/small>\u00bb<\/i>. Sophie Lewis se base pour cela sur des penseurs allant de <a target=\"_blank\" href=\"https:\/\/www.radiofrance.fr\/franceculture\/le-phalanstere-la-folle-utopie-de-charles-fourier-1269899\" class=\"spip_out\" rel=\"external\">Charles Fourier<\/a> \u00e0 la r\u00e9volutionnaire russe <a target=\"_blank\" href=\"https:\/\/www.radiofrance.fr\/franceculture\/podcasts\/toute-une-vie\/alexandra-kollontai-1872-1952-une-feministe-en-revolution-1004606\" class=\"spip_out\" rel=\"external\">Alexandra Kollonta\u00ef<\/a> en passant par la f\u00e9ministe radicale \u00e9tasunienne Shulamith Firestone et sur de multiples r\u00e9cits de luttes vivantes \u2014 f\u00e9ministes, <i>queers<\/i>, noires, autochtones&#8230; Car l\u2019abolitionnisme de la famille n\u2019est pas et ne peut rester une th\u00e9orie. Alors, vive la camaraderie et <i>\u00ab<small class=\"fine d-inline\">\u00a0<\/small>d\u2019autres mots qui n\u2019ont pas encore \u00e9t\u00e9 invent\u00e9s<small class=\"fine d-inline\">\u00a0<\/small>\u00bb<\/i>. <strong>E.B.<\/strong><\/p>\n<table>\n<tr>\n<td style=\"width:50%;\">\n<div class=\"spip_document_89235 spip_document spip_documents spip_document_image spip_documents_left spip_document_left\">\n<figure class=\"spip_doc_inner\">\n      <picture>\n<p>        <img decoding=\"async\" src=\"https:\/\/reporterre.net\/IMG\/webp\/heta10_sophielewis_cvdef_com.jpg.webp\" width=\"250\" height=\"395\" loading=\"lazy\" alt=\"\"\/>\n    <\/picture>\n  <\/figure>\n<\/p><\/div>\n<\/td>\n<td>\n<strong>Pour en finir avec la famille \u2014 Abolir, prendre soin, s\u2019\u00e9manciper<\/strong>, de Sophie Lewis, \u00e9ditions <a target=\"_blank\" href=\"https:\/\/hysteriquesetassociees.org\/2024\/12\/13\/pour-en-finir-avec-la-famille\/\" class=\"spip_out\" rel=\"external\">Hyst\u00e9riques &amp; Associ\u00e9Es<\/a>, janvier 2025, 192\u00a0pages, 15\u00a0euros.\n<\/td>\n<\/tr>\n<\/table>\n<h2 class=\"spip\">\u2022 <i>Endom\u00e9triose\u00a0: reprendre le pouvoir<\/i> <\/h2>\n<p>Une personne menstru\u00e9e sur dix est atteinte d\u2019endom\u00e9triose. Comment expliquer que cette maladie si douloureuse soit encore trait\u00e9e par le m\u00e9pris \u2014 il faut sept \u00e0 dix ans pour obtenir un diagnostic et il n\u2019existe aucun traitement r\u00e9ellement satisfaisant<small class=\"fine d-inline\">\u00a0<\/small>? Dans cet ouvrage tr\u00e8s document\u00e9 et l\u00e9gitimement \u00e9nerv\u00e9, la psychanalyste Marie-\u00c9lo\u00efse Basso d\u00e9montre que cette pathologie est aggrav\u00e9e par le patriarcat, le validisme et le capitalisme. Et appelle \u00e0 se saisir collectivement de ce probl\u00e8me de sant\u00e9 publique majeur en se pla\u00e7ant toujours du c\u00f4t\u00e9 des personnes qui souffrent. <strong>E.M.<\/strong><\/p>\n<table>\n<tr>\n<td style=\"width:50%;\">\n<div class=\"spip_document_89220 spip_document spip_documents spip_document_image spip_documents_left spip_document_left\">\n<figure class=\"spip_doc_inner\">\n      <picture>\n<p>        <img decoding=\"async\" src=\"https:\/\/reporterre.net\/IMG\/png\/couverture-endome_triose-1.png\" width=\"250\" height=\"355\" loading=\"lazy\" alt=\"\"\/>\n    <\/picture>\n  <\/figure>\n<\/p><\/div>\n<\/td>\n<td>\n<strong>Endom\u00e9triose\u00a0: reprendre le pouvoir<\/strong>, de Marie-\u00c9lo\u00efse Basso, \u00e9ditions <a target=\"_blank\" href=\"https:\/\/editionsdudetour.com\/index.php\/les-livres\/endometriose-reprendre-le-pouvoir\/\" class=\"spip_out\" rel=\"external\">du D\u00e9tour<\/a>, janvier 2025, 240\u00a0pages, 20,90\u00a0euros.\n<\/td>\n<\/tr>\n<\/table>\n<h2 class=\"spip\">\u2022 <i>Tu seras carnivore, mon fils<\/i> <\/h2>\n<p><i>\u00ab<small class=\"fine d-inline\">\u00a0<\/small>\u00c0 la table du patriarcat, les femmes sont du gibier.<small class=\"fine d-inline\">\u00a0<\/small>\u00bb<\/i> Dans ce petit livre ac\u00e9r\u00e9 m\u00ealant r\u00e9f\u00e9rences f\u00e9ministes, pop culture et analyse de l\u2019actualit\u00e9, la journaliste Amanda Castillo r\u00e9actualise la th\u00e8se \u00e9cof\u00e9ministe selon laquelle la domination masculine s\u2019exerce de la m\u00eame mani\u00e8re sur les femmes et les animaux. Aujourd\u2019hui encore, la virilit\u00e9 se construit sur le fait de manger son steak saignant et de <i>\u00ab<small class=\"fine d-inline\">\u00a0<\/small>chasser la bonne meuf<small class=\"fine d-inline\">\u00a0<\/small>\u00bb<\/i>, et animalise les femmes pour mieux les violenter. Un constat accablant, qui am\u00e8ne un nombre croissant de femmes \u00e0 d\u00e9serter leurs cages et \u00e0 aider les animaux \u00e0 faire de m\u00eame. <strong>E.M.<\/strong><\/p>\n<table>\n<tr>\n<td style=\"width:50%;\">\n<div class=\"spip_document_89221 spip_document spip_documents spip_document_image spip_documents_left spip_document_left\">\n<figure class=\"spip_doc_inner\">\n      <picture>\n<p>        <img decoding=\"async\" src=\"https:\/\/reporterre.net\/IMG\/jpg\/book_1044_thumbnail_fr.jpg\" width=\"250\" height=\"380\" loading=\"lazy\" alt=\"\"\/>\n    <\/picture>\n  <\/figure>\n<\/p><\/div>\n<\/td>\n<td>\n<strong>Tu seras carnivore, mon fils<\/strong>, d\u2019Amanda Castillo, \u00e9ditions <a target=\"_blank\" href=\"https:\/\/www.editionstextuel.com\/livre\/tu_seras_carnivore_mon_fils\" class=\"spip_out\" rel=\"external\">Textuel<\/a>, mars 2025, 160\u00a0pages, 17,90\u00a0euros.\n<\/td>\n<\/tr>\n<\/table>\n<h2 class=\"spip\">\u2022 <i>Laisse pas tra\u00eener ton fils<\/i> <\/h2>\n<p>En France, une famille sur quatre est monoparentale. Dans 82<small class=\"fine d-inline\">\u00a0<\/small>% des cas, c\u2019est la m\u00e8re qui a la garde exclusive des enfants. Rien d\u2019extraordinaire donc dans cette situation de m\u00e8re isol\u00e9e<small class=\"fine d-inline\">\u00a0<\/small>; pourtant, ces femmes sont au mieux ignor\u00e9es et infantilis\u00e9es, au pire m\u00e9pris\u00e9es et criminalis\u00e9es quand elles sont noires et maghr\u00e9bines, pauvres et habitantes de quartiers populaires. Dans cette enqu\u00eate de deux ans m\u00eal\u00e9e de r\u00e9cit personnel, le journaliste Selim Derkaoui leur rend hommage en d\u00e9non\u00e7ant toutes les injustices et maltraitances du syst\u00e8me raciste et patriarcal auxquelles elles font face et en brossant les portraits magnifiques de m\u00e8res en lutte pour leurs droits. <strong>E.M.<\/strong><\/p>\n<table>\n<tr>\n<td style=\"width:50%;\">\n<div class=\"spip_document_89222 spip_document spip_documents spip_document_image spip_documents_left spip_document_left\">\n<figure class=\"spip_doc_inner\">\n      <picture>\n<p>        <img decoding=\"async\" src=\"https:\/\/reporterre.net\/IMG\/webp\/9791020922984-475x500-1.webp\" width=\"250\" height=\"378\" loading=\"lazy\" alt=\"\"\/>\n    <\/picture>\n  <\/figure>\n<\/p><\/div>\n<\/td>\n<td>\n<strong>Laisse pas tra\u00eener ton fils \u2014 Comment l\u2019\u00c9tat criminalise les m\u00e8res seules<\/strong>, de Selim Derkaoui, \u00e9ditions <a target=\"_blank\" href=\"https:\/\/www.editionstextuel.com\/livre\/tu_seras_carnivore_mon_fils\" class=\"spip_out\" rel=\"external\">Les Liens qui lib\u00e8rent<\/a>, mars 2025, 272\u00a0pages, 20\u00a0euros.\n<\/td>\n<\/tr>\n<\/table>\n<h2 class=\"spip\">\u2022 <i>4,1 \u2014 Le scandale des accouchements en France<\/i> <\/h2>\n<p>Le taux de mortalit\u00e9 infantile a explos\u00e9 ces derni\u00e8res ann\u00e9es en France pour atteindre 4,1\u00a0d\u00e9c\u00e8s pour 1\u00a0000\u00a0naissances \u2014\u00a0un chiffre tragique qui place notre pays \u00e0 la 23<sup class=\"typo_exposants\">e<\/sup> place europ\u00e9enne, entre la Pologne et la Bulgarie et \u00e0 \u00e9galit\u00e9 avec la Croatie. Cette enqu\u00eate journalistique met en lumi\u00e8re les multiples dysfonctionnements \u00e0 l\u2019origine de ces drames\u00a0: d\u00e9mant\u00e8lement des petites maternit\u00e9s, <i>\u00ab<small class=\"fine d-inline\">\u00a0<\/small>usines \u00e0 b\u00e9b\u00e9s<small class=\"fine d-inline\">\u00a0<\/small>\u00bb<\/i> au bord de la saturation, pr\u00e9matur\u00e9s n\u00e9glig\u00e9s, groupes priv\u00e9s pr\u00e9dateurs et praticiens mercenaires, \u00c9tat d\u00e9missionnaire. Un livre n\u00e9cessaire qui devrait appeler \u00e0 un sursaut politique. <strong>E.M.<\/strong><\/p>\n<table>\n<tr>\n<td style=\"width:50%;\">\n<div class=\"spip_document_89223 spip_document spip_documents spip_document_image spip_documents_left spip_document_left\">\n<figure class=\"spip_doc_inner\">\n      <picture>\n<p>        <img decoding=\"async\" src=\"https:\/\/reporterre.net\/IMG\/jpg\/4-1.jpg\" width=\"250\" height=\"376\" loading=\"lazy\" alt=\"\"\/>\n    <\/picture>\n  <\/figure>\n<\/p><\/div>\n<\/td>\n<td>\n<strong>4,1 \u2014 Le scandale des accouchements en France<\/strong>, d\u2019Anthony Cortes et S\u00e9bastien Leurquin, \u00e9ditions <a target=\"_blank\" href=\"\">Buchet Chastel<\/a>, mars 2025, 208\u00a0pages, 21\u00a0euros.\n<\/td>\n<\/tr>\n<\/table>\n<h2 class=\"spip\">\u2022 <i>Non-noy\u00e9es<\/i> <\/h2>\n<p><i>\u00ab<small class=\"fine d-inline\">\u00a0<\/small>Nos parentes mammif\u00e8res marines ont d\u00e9velopp\u00e9 d\u2019incroyables savoirs pour apprendre \u00e0 ne pas se noyer. Je fais donc appel \u00e0 elles comme institutrices, comme mentors, comme guides.<small class=\"fine d-inline\">\u00a0<\/small>\u00bb<\/i> Dans ce <i>\u00ab<small class=\"fine d-inline\">\u00a0<\/small>manuel de d\u00e9noyade<small class=\"fine d-inline\">\u00a0<\/small>\u00bb<\/i> la po\u00e9tesse \u00e9tasunienne <i>queer<\/i> Alexis Pauline Gumbs nous propose de retrouver du souffle dans <i>\u00ab<small class=\"fine d-inline\">\u00a0<\/small>l\u2019\u00e9tau du capitalisme racial, sexiste et fonctionnaliste<small class=\"fine d-inline\">\u00a0<\/small>\u00bb<\/i> en nous inspirant de nos s\u0153urs sous-marines. Il en r\u00e9sulte dix-neuf le\u00e7ons po\u00e9tiques et politiques \u2014 \u00e9couter comme les dauphins d\u2019eau douce rendues aveugles par le tumulte boueux des fleuves, \u00eatre f\u00e9roce comme la baleine tropicale qui a aval\u00e9 puis recrach\u00e9 un guide touristique sud-africain&#8230;\u00a0\u2014 tour \u00e0 tour apaisantes comme un bain chaud et r\u00e9jouissantes comme des sauts dans les vagues. \u00c0 d\u00e9guster \u00e0 petites gorg\u00e9es et \u00e0 partager sans compter<small class=\"fine d-inline\">\u00a0<\/small>! <strong>E.M.<\/strong><\/p>\n<table>\n<tr>\n<td style=\"width:50%;\">\n<div class=\"spip_document_87629 spip_document spip_documents spip_document_image spip_documents_left spip_document_left\">\n<figure class=\"spip_doc_inner\">\n      <picture>\n<p>        <img decoding=\"async\" src=\"https:\/\/reporterre.net\/IMG\/jpg\/livre_affiche_786.jpg\" width=\"250\" height=\"409\" loading=\"lazy\" alt=\"\"\/>\n    <\/picture>\n  <\/figure>\n<\/p><\/div>\n<\/td>\n<td>\n<strong>Non-noy\u00e9es \u2014 Le\u00e7ons f\u00e9ministes Noires apprises aupr\u00e8s des mammif\u00e8res marines<\/strong>, d\u2019Alexis Pauline Gumbs (texte) et Maya Mihindou (dessins), \u00e9d. Burn-Ao\u00fbt et <a target=\"_blank\" href=\"https:\/\/www.editionslesliensquiliberent.fr\/livre-Non_noy%C3%A9es-9791020923516-1-1-0-1.html\" class=\"spip_out\" rel=\"external\">Les liens qui lib\u00e8rent<\/a>, novembre 2024, 272\u00a0pages, 19\u00a0euros.\n<\/td>\n<\/tr>\n<\/table>\n<h2 class=\"spip\">\u2022 <i>Carnavale-toi<small class=\"fine d-inline\">\u00a0<\/small>!<\/i> <\/h2>\n<p>Depuis sa naissance, Carnaval renverse l\u2019ordre du monde, appelle au renouvellement. Lors des Saturnales romaines, ma\u00eetres et esclaves pouvaient manger \u00e0 la m\u00eame table en souvenir de l\u2019\u00e2ge d\u2019or o\u00f9 l\u2019esclavage n\u2019existait pas. Et si, aujourd\u2019hui, nous devenions des <i>\u00ab<small class=\"fine d-inline\">\u00a0<\/small>carnavaliers enrag\u00e9.es qui d\u00e9-rangent et d\u00e9genrent le monde qui les entoure<small class=\"fine d-inline\">\u00a0<\/small>\u00bb<\/i>, pour <i>\u00ab<small class=\"fine d-inline\">\u00a0<\/small>accoucher d\u2019un monde social nouveau, toujours plus bariol\u00e9, plus \u00e9galitaire<small class=\"fine d-inline\">\u00a0<\/small>\u00bb<\/i><small class=\"fine d-inline\">\u00a0<\/small>?<br class=\"autobr\"\/><br \/>\n\u00a0<br class=\"autobr\"\/><br \/>\nLes Reines P\u00e9dauques, du nom d\u2019une c\u00e9l\u00e8bre reine toulousaine \u00e0 pied d\u2019oie, vous d\u00e9taillent pourquoi, comment, o\u00f9, de mani\u00e8re \u00e0 la fois fort avertie et ultrajubilatrice, avec langue et dessins <i>\u00ab<small class=\"fine d-inline\">\u00a0<\/small>hors contr\u00f4le<small class=\"fine d-inline\">\u00a0<\/small>\u00bb<\/i>. Leur lecture vous grisera de <i>\u00ab<small class=\"fine d-inline\">\u00a0<\/small>carnavaline (cette hormone imaginaire proche de la s\u00e9rotonine)<small class=\"fine d-inline\">\u00a0<\/small>\u00bb<\/i>, pr\u00eat pour une r\u00e9volution \u00e0 la fois cr\u00e9ative et politique. <strong>C.M.<\/strong><br class=\"autobr\"\/><br \/>\n\u00a0<br class=\"autobr\"\/>\n<\/p>\n<table>\n<tr>\n<td style=\"width:50%;\">\n<div class=\"spip_document_89236 spip_document spip_documents spip_document_image spip_documents_left spip_document_left\">\n<figure class=\"spip_doc_inner\">\n      <picture>\n<p>        <img decoding=\"async\" src=\"https:\/\/reporterre.net\/IMG\/jpg\/carnavale-toi-_couve-680x985.jpg\" width=\"250\" height=\"362\" loading=\"lazy\" alt=\"\"\/>\n    <\/picture>\n  <\/figure>\n<\/p><\/div>\n<\/td>\n<td>\n<strong>Carnavale-toi<small class=\"fine d-inline\">\u00a0<\/small>! Petit guide d\u2019\u00e9mancipation f\u00e9minine carnavalesque<\/strong>, Les Reines P\u00e9dauques, aux <a target=\"_blank\" href=\"https:\/\/www.cambourakis.com\/tout\/nouveautes\/carnavale-toi\/\" class=\"spip_out\" rel=\"external\">\u00e9ditions Cambourakis<\/a>, f\u00e9vrier 2025, 144 pages, 18 euros.\n<\/td>\n<\/tr>\n<\/table>\n<h2 class=\"spip\"><span class=\"caps\">ROMAN<\/span><\/h2>\n<h2 class=\"spip\">\u2022 <i>La R\u00e9volution par les femmes<\/i> <\/h2>\n<p>\u00a0<br class=\"autobr\"\/><br \/>\nD\u2019un r\u00e9alisme fantasque \u00e9tonnant, ce roman se passe dans <i>\u00ab<small class=\"fine d-inline\">\u00a0<\/small>un temps qui pourrait \u00eatre aujourd\u2019hui<small class=\"fine d-inline\">\u00a0<\/small>\u00bb<\/i> \u2014 avan\u00e7ait l\u2019autrice le 13\u00a0janvier dernier \u00e0 la Maison de la po\u00e9sie, \u00e0 Paris \u2014 et dans un lieu appel\u00e9 le Blockhaus. L\u00e0, violence \u00e9conomique et violence sexuelle s\u2019enchev\u00eatrent, mais la r\u00e9sistance des femmes s\u2019affermit, notamment lors de formations antiviol pour se d\u00e9prendre de leurs <i>\u00ab<small class=\"fine d-inline\">\u00a0<\/small>strat\u00e9gies de dissociation de soi<small class=\"fine d-inline\">\u00a0<\/small>\u00bb<\/i>. <br class=\"autobr\"\/><br \/>\n\u00a0<br class=\"autobr\"\/><br \/>\nOn ne sait ce qu\u2019on aime le plus dans ce roman poignant, l\u2019\u00e9criture rapide, pullulante de sensations, la subtilit\u00e9 des portraits, ou cette autopsie sans complaisance de la violence ordinaire\u2026 qui peut aussi venir des autres femmes\u00a0: Ang\u00e8le, <i>\u00ab<small class=\"fine d-inline\">\u00a0<\/small>sa m\u00e8re \u00e9tait exactement ainsi. Elle avait toujours pr\u00e9f\u00e9r\u00e9 son couillon de fr\u00e8re qui \u00e9tait devenu v\u00e9t\u00e9rinaire<small class=\"fine d-inline\">\u00a0<\/small>\u00bb<\/i>. <strong>C.M.<\/strong><\/p>\n<table>\n<tr>\n<td style=\"width:50%;\">\n<div class=\"spip_document_89214 spip_document spip_documents spip_document_image spip_documents_left spip_document_left\">\n<figure class=\"spip_doc_inner\">\n      <picture>\n<p>        <img decoding=\"async\" src=\"https:\/\/reporterre.net\/IMG\/jpg\/9782367191010_1_75.jpg\" width=\"250\" height=\"381\" loading=\"lazy\" alt=\"\"\/>\n    <\/picture>\n  <\/figure>\n<\/p><\/div>\n<\/td>\n<td>\n<strong>La R\u00e9volution par les femmes<\/strong>, de Corinne Aguzou, \u00e9ditions <a target=\"_blank\" href=\"https:\/\/www.librairie-des-femmes.fr\/livre\/9782367191010-la-revolution-par-les-femmes-corinne-aguzou\/\" class=\"spip_out\" rel=\"external\">Tristram<\/a>, republication janvier 2025, 183\u00a0pages, 19\u00a0euros.\n<\/td>\n<\/tr>\n<\/table>\n<h2 class=\"spip\"><span class=\"caps\">LIVRE<\/span> <span class=\"caps\">JEUNESSE<\/span><\/h2>\n<h2 class=\"spip\">\u2022 <i>Filles, femmes, libert\u00e9<\/i> <\/h2>\n<p>Ce bel album invite les plus jeunes \u00e0 faire le tour de la plan\u00e8te des luttes de femmes qui ont fait avancer les droits \u00e0 l\u2019\u00e9galit\u00e9, au respect et \u00e0 la libert\u00e9.<\/p>\n<table>\n<tr>\n<td style=\"width:50%;\">\n<div class=\"spip_document_89232 spip_document spip_documents spip_document_image spip_documents_left spip_document_left\">\n<figure class=\"spip_doc_inner\">\n      <picture>\n<p>        <img decoding=\"async\" src=\"https:\/\/reporterre.net\/IMG\/jpg\/filles-femmes-liberte-elles-font-changer-le-monde_1024x1024_2x.jpg\" width=\"250\" height=\"295\" loading=\"lazy\" alt=\"\"\/>\n    <\/picture>\n  <\/figure>\n<\/p><\/div>\n<\/td>\n<td>\n<strong>Filles, femmes, libert\u00e9 \u2014 Elles ont fait changer le monde<\/strong>, par Rebecca June et Ximo Abadia\u200d, aux \u00e9ditions <a target=\"_blank\" href=\"https:\/\/leslivresquisement.fr\/products\/filles-femmes-liberte-elles-font-changer-le-monde-rebecca-june\" class=\"spip_out\" rel=\"external\">Rue du monde<\/a>, d\u00e8s 9 ans, juin 2024, 64\u00a0p., 19,50\u00a0euros.\n<\/td>\n<\/tr>\n<\/table>\n<h2 class=\"spip\"><span class=\"caps\">REVUE<\/span><\/h2>\n<h2 class=\"spip\">\u2022 <i> La D\u00e9ferlante<\/i> <\/h2>\n<p>L\u2019excellente revue trimestrielle f\u00e9ministe <i>La D\u00e9ferlante<\/i> donne \u00e0 voir dans son dernier num\u00e9ro un panorama du travail au f\u00e9minin. Outre un \u00e9tat des lieux complet des in\u00e9galit\u00e9s femmes-hommes en mati\u00e8re de salaires (les Fran\u00e7aises gagnent encore 23,5<small class=\"fine d-inline\">\u00a0<\/small>% de moins que les Fran\u00e7ais) et de conditions de travail (plus d\u2019une sur quatre travaille \u00e0 temps partiel), il propose des reportages sur les travailleuses les plus invisibilis\u00e9es\u00a0: travailleuses du sexe, femmes voil\u00e9es, ouvri\u00e8res de l\u2019agroalimentaire, agricultrices, assistantes maternelles. Le long article consacr\u00e9 \u00e0 l\u2019histoire des d\u00e9bats autour de la r\u00e9mun\u00e9ration du travail domestique et reproductif est passionnant, et celui sur la gr\u00e8ve f\u00e9ministe jubilatoire. Un num\u00e9ro parfait \u00e0 lire le 8\u00a0mars, qui donne du c\u0153ur \u00e0 l\u2019ouvrage f\u00e9ministe<small class=\"fine d-inline\">\u00a0<\/small>! <strong>E.M.<\/strong><\/p>\n<table>\n<tr>\n<td style=\"width:50%;\">\n<div class=\"spip_document_89237 spip_document spip_documents spip_document_image spip_documents_left spip_document_left\">\n<figure class=\"spip_doc_inner\">\n      <picture>\n<p>        <img decoding=\"async\" src=\"https:\/\/reporterre.net\/IMG\/jpg\/num-12-4.jpg\" width=\"250\" height=\"325\" loading=\"lazy\" alt=\"\"\/>\n    <\/picture>\n  <\/figure>\n<\/p><\/div>\n<\/td>\n<td>\n<strong>La D\u00e9ferlante<\/strong> Dossier \u00ab<small class=\"fine d-inline\">\u00a0<\/small>Travailler. \u00c0 la conqu\u00eate de l\u2019\u00e9galit\u00e9<small class=\"fine d-inline\">\u00a0<\/small>\u00bb n\u00b0\u00a017, f\u00e9vrier 2025, 128 pages, 19 euros.\n<\/td>\n<\/tr>\n<\/table>\n<h2 class=\"spip\"><span class=\"caps\">FILM<\/span><\/h2>\n<h2 class=\"spip\">\u2022 <i>Bonjour l\u2019asile <\/i> <\/h2>\n<p>Peut-on rire de la charge mentale des femmes dans les couples h\u00e9t\u00e9rosexuels<small class=\"fine d-inline\">\u00a0<\/small>? Des amiti\u00e9s f\u00e9minines qui s\u2019\u00e9tiolent apr\u00e8s la naissance d\u2019enfants<small class=\"fine d-inline\">\u00a0<\/small>? De la destruction du monde<small class=\"fine d-inline\">\u00a0<\/small>? Judith Davis, elle, y arrive magistralement.<\/p>\n<p>Dans <i>Bonjour l\u2019asile<\/i>, la r\u00e9alisatrice et com\u00e9dienne nous embarque dans un voyage hilarant en Bretagne, au c\u0153ur d\u2019un ancien h\u00f4pital psychiatrique transform\u00e9 en tiers-lieu \u00e9colo qui accueille des personnes en marge de la soci\u00e9t\u00e9. Plusieurs personnages \u2014 une citadine militante accro \u00e0 son boulot associatif, une illustratrice qui croule sous les t\u00e2ches m\u00e9nag\u00e8res \u00e0 cause de son compagnon nul ou encore un promoteur immobilier qui pr\u00f4ne le <i>\u00ab<small class=\"fine d-inline\">\u00a0<\/small>slow tourisme d\u00e9carbon\u00e9<small class=\"fine d-inline\">\u00a0<\/small>\u00bb<\/i> \u2014 gravitent autour de ce lieu pendant plusieurs jours, pour y trouver des r\u00e9ponses sur eux-m\u00eames.<\/p>\n<p>Loin d\u2019\u00eatre une caricature d\u2019\u00e9colos \u00e0 la <i><a target=\"_blank\" href=\"https:\/\/reporterre.net\/Quand-un-zadiste-voit-Problemos-la-comedie-qui-s-inspire-de-la-Zad\" class=\"spip_in\">Problemos<\/a><\/i>, le film est bourr\u00e9 de sc\u00e8nes d\u2019autod\u00e9rision hyperr\u00e9alistes de protagonistes exp\u00e9rimentant une autre fa\u00e7on de vivre. On regrette que les personnages principaux soient tous issus de milieux privil\u00e9gi\u00e9s \u2014 ce qui n\u2019est pas le cas des personnages secondaires, tr\u00e8s int\u00e9ressants aussi \u2014 mais que \u00e7a fait du bien de rire (m\u00eame jaune) sur soi et le monde en cette p\u00e9riode. <strong>J.G-B.<\/strong><\/p>\n<table>\n<tr>\n<td style=\"width:50%;\">\n<div class=\"spip_document_89227 spip_document spip_documents spip_document_image spip_documents_left spip_document_left\">\n<figure class=\"spip_doc_inner\">\n      <picture>\n<p>        <img decoding=\"async\" src=\"https:\/\/reporterre.net\/IMG\/webp\/e1dcf7edfcb78368c6a6103d19d91842.webp\" width=\"250\" height=\"338\" loading=\"lazy\" alt=\"\"\/>\n    <\/picture>\n  <\/figure>\n<\/p><\/div>\n<\/td>\n<td>\n<strong>Bonjour l\u2019asile<\/strong>, r\u00e9alis\u00e9 par Judith Davis avec Claire Dumas. Agat Films &#8211; Ex Nihilo, 2024, 109 min. En salles actuellement.\n<\/td>\n<\/tr>\n<\/table>\n<h2 class=\"spip\"><span class=\"caps\">PODCASTS<\/span><\/h2>\n<h2 class=\"spip\">\u2022 <i>Hildegarde de Bingen, g\u00e9nie cosmique <\/i> <\/h2>\n<p>C\u2019est un podcast \u00e0 \u00e9couter blottie sur son canap\u00e9, comme on sirote une bonne tisane. Hildegarde \u00e9tait une abbesse, artiste et visionnaire du 11<sup class=\"typo_exposants\">e<\/sup> si\u00e8cle. Passionn\u00e9e de sciences, elle deviendra aussi gu\u00e9risseuse, s\u2019int\u00e9ressera aux maux f\u00e9minins et \u00e0 la sexualit\u00e9. Elle est devenue (malgr\u00e9 elle) un symbole de sororit\u00e9 et de respect de la nature. France Culture lui a consacr\u00e9 une <i>\u00ab<small class=\"fine d-inline\">\u00a0<\/small>grande travers\u00e9e<small class=\"fine d-inline\">\u00a0<\/small>\u00bb<\/i> de cinq heures, passionnante et sensible. <strong>L.L.<\/strong><\/p>\n<h2 class=\"spip\">\u2022 <i>Mai 68\u00a0: la r\u00e9volution des berceaux <\/i> <\/h2>\n<p>Nous sommes en 1968. Fran\u00e7oise Lenoble-Pr\u00e9dine a 27 ans, elle est institutrice et \u00e9l\u00e8ve seule ses deux enfants dans un <span class=\"caps\">HLM<\/span> de Bondy, en banlieue parisienne. Dans ce podcast de France Culture, gr\u00e2ce \u00e0 son t\u00e9moignage, on d\u00e9couvre un pan m\u00e9connu de Mai 68\u00a0: la cr\u00e8che <i>\u00ab<small class=\"fine d-inline\">\u00a0<\/small>sauvage<small class=\"fine d-inline\">\u00a0<\/small>\u00bb<\/i> organis\u00e9e \u00e0 l\u2019universit\u00e9 de la Sorbonne, dont elle \u00e9tait la <i>\u00ab<small class=\"fine d-inline\">\u00a0<\/small>responsable<small class=\"fine d-inline\">\u00a0<\/small>\u00bb<\/i>. Une cinquantaine d\u2019enfants y ont \u00e9t\u00e9 accueillis, jour et nuit, pendant deux mois dans cinq bureaux occup\u00e9s, qui faisaient office de cuisine, nurserie, dortoir, biblioth\u00e8que&#8230; Fran\u00e7oise en rigole encore quand elle raconte comment elle est sortie en pleine attaque de <span class=\"caps\">CRS<\/span> pour faire entrer des marionnettistes qu\u2019elle avait invit\u00e9s. Nous voil\u00e0 plong\u00e9s au c\u0153ur de ce refuge, une utopie en action o\u00f9 le soin des enfants est partag\u00e9, entre les babillements des petits et le bruit des affrontements. Un t\u00e9moignage pr\u00e9cieux, parce qu\u2019il met la lumi\u00e8re sur un aspect oubli\u00e9 de la lutte, et parce qu\u2019il peut <a target=\"_blank\" href=\"https:\/\/reporterre.net\/Manif-retraites-qui-va-garder-les-enfants\">inspirer nos combats d\u2019aujourd\u2019hui<\/a>. <strong>E.B.<\/strong><\/p>\n<table>\n<tr>\n<td style=\"width:50%;\">\n<div class=\"spip_document_89226 spip_document spip_documents spip_document_image spip_documents_left spip_document_left\">\n<figure class=\"spip_doc_inner\">\n      <picture>\n<p>        <img decoding=\"async\" src=\"https:\/\/reporterre.net\/IMG\/jpg\/2l5vs8gngkh7n0vwhes7jgqe6rdjhnkragdpymsr_400x400.jpg\" width=\"250\" height=\"250\" loading=\"lazy\" alt=\"\"\/>\n    <\/picture>\n  <\/figure>\n<\/p><\/div>\n<\/td>\n<td>\n<strong>Mai 68\u00a0: la r\u00e9volution des berceaux<\/strong>, <a target=\"_blank\" href=\"https:\/\/frictions.co\/mai-68-la-revolution-des-berceaux\/\" class=\"spip_out\" rel=\"external\">Frictions<\/a>, 27 minutes.\n<\/td>\n<\/tr>\n<\/table>\n<h2 class=\"spip\"><span class=\"caps\">DOCUMENTAIRE<\/span><\/h2>\n<h2 class=\"spip\">\u2022 <i>\u00ab<small class=\"fine d-inline\">\u00a0<\/small>Le deuxi\u00e8me sexe<small class=\"fine d-inline\">\u00a0<\/small>\u00bb, sur les traces de Simone de Beauvoir <\/i> <\/h2>\n<p>C\u2019est lors d\u2019un voyage aux \u00c9tats-Unis que Simone de Beauvoir, l\u2019autrice du <i>Deuxi\u00e8me Sexe<\/i> (1949), s\u2019est mise \u00e0 <i>\u00ab<small class=\"fine d-inline\">\u00a0<\/small>regarder les femmes d\u2019un \u0153il neuf<small class=\"fine d-inline\">\u00a0<\/small>\u00bb<\/i>, et \u00e0 s\u2019\u00e9tonner\u00a0: pourquoi restaient-elles si discr\u00e8tes dans leurs conversations avec des hommes<small class=\"fine d-inline\">\u00a0<\/small>? Pourquoi, dans la rue, si peu d\u2019\u00c9tasuniennes \u00e9taient-elles v\u00eatues en sportive, avec chaussures plates, comme elle s\u2019y attendait<small class=\"fine d-inline\">\u00a0<\/small>?<\/p>\n<p>\u00c0 travers entretiens et images d\u2019archives, on red\u00e9couvre le cheminement de pens\u00e9e de cette audacieuse analyste de la fabrication sociale du <i>\u00ab<small class=\"fine d-inline\">\u00a0<\/small>sexe faible<small class=\"fine d-inline\">\u00a0<\/small>\u00bb<\/i>, et son sentiment, peu connu, que l\u2019homme fait avec la femme comme il fait avec la terre.<\/p>\n<p>Les conversations avec des f\u00e9ministes contemporaines (Judith Butler, Laure Murat, Silvia Federici\u2026) \u00e9clairent \u00e0 la fois les d\u00e9veloppements contemporains de sa pens\u00e9e, \u00e0 travers le genre notamment, ses limites, et ses prolongements jusqu\u2019\u00e0 l\u2019\u00e9cof\u00e9minisme. <strong>C.M.<\/strong><\/p>\n<table>\n<tr>\n<td style=\"width:50%;\">\n<div class=\"spip_document_89233 spip_document spip_documents spip_document_image spip_documents_left spip_document_left\">\n<figure class=\"spip_doc_inner\">\n      <picture>\n<p>        <img decoding=\"async\" src=\"https:\/\/reporterre.net\/IMG\/jpg\/arte-le-deuxieme-sexe-sur-les-traces-de-simone-de-beauvoir-mercredi-5-mars.jpg\" width=\"250\" height=\"154\" loading=\"lazy\" alt=\"\"\/>\n    <\/picture>\n  <\/figure>\n<\/p><\/div>\n<\/td>\n<td>\n<strong>\u00ab<small class=\"fine d-inline\">\u00a0<\/small>Le deuxi\u00e8me sexe<small class=\"fine d-inline\">\u00a0<\/small>\u00bb, sur les traces de Simone de Beauvoir<\/strong>, de Nathalie Masduraud et Val\u00e9rie Urrea, disponible sur <a target=\"_blank\" href=\"https:\/\/www.arte.tv\/fr\/videos\/111780-000-A\/le-deuxieme-sexe-sur-les-traces-de-simone-de-beauvoir\/\" class=\"spip_out\" rel=\"external\">Arte replay<\/a> jusqu\u2019au 7\u00a0octobre 2025. 93 min.\n<\/td>\n<\/tr>\n<\/table>\n<aside class=\"boite_encarts\">\n<div class=\"encart encart_gris noprint\">\n<p><strong>Puisque vous \u00eates l\u00e0&#8230;<\/strong><\/p>\n<p>&#8230; nous avons un petit service \u00e0 vous demander.<br class=\"autobr\"\/><br \/>\nEntre la pr\u00e9sence d\u2019un climatosceptique \u00e0 la t\u00eate de la premi\u00e8re puissance mondiale, un gouvernement fran\u00e7ais qui flirte avec l\u2019extr\u00eame-droite, et les catastrophes climatiques qui s\u2019enchainent&#8230; Faire vivre l\u2019\u00e9cologie dans le d\u00e9bat public est un enjeu crucial.<\/p>\n<p>Personne ne modifie ce que nous publions. Nous n\u2019avons ni actionnaire, ni propri\u00e9taire milliardaire \u2014 seulement une \u00e9quipe d\u2019irr\u00e9ductibles journalistes, pleine de d\u00e9termination.<\/p>\n<p>Nous avons la conviction que l\u2019urgence \u00e9cologique est l\u2019enjeu majeur de notre \u00e9poque. Et comme plus de 2 millions de lectrices et lecteurs chaque mois, vous partagez sans doute cette conviction&#8230;<\/p>\n<p><strong>Depuis 12 ans, nous publions des articles de qualit\u00e9 sur l\u2019\u00e9cologie, en acc\u00e8s libre et sans publicit\u00e9, pour tous.<\/strong><br class=\"autobr\"\/><br \/>\nMais ce travail demande beaucoup de temps et de ressources.<\/p>\n<p>Alors, si vous en avez les moyens, sachez qu\u2019un don, m\u00eame d\u20191\u20ac, est un acte de soutien fort pour l\u2019\u00e9cologie et le journalisme ind\u00e9pendant.<br class=\"autobr\"\/><br \/>\n(Et \u00e7a vous prendra moins de temps que la lecture de ce texte).<\/p>\n<p><strong>Si vous le pouvez, choisissez un soutien mensuel. Merci.<\/strong><\/p>\n<p><a target=\"_blank\" href=\"https:\/\/reporterre.net\/dons\" class=\"bt_soutenir\">Je soutiens <i>Reporterre<\/i><\/a><\/p>\n<\/p><\/div>\n<div class=\"encart encart_vert noprint montre_1023\">\n<div class=\"infolettre-form-container noprint\">\n<p>Abonnez-vous \u00e0 la lettre d\u2019info de Reporterre<\/p>\n<\/div><\/div>\n<\/aside>\n<aside class=\"boite_apresarticle encart_note\">\n<h4>Apr\u00e8s cet article<\/h4>\n<p>      <a target=\"_blank\" href=\"https:\/\/reporterre.net\/Livres-docu-podcast-tout-savoir-sur-le-monde-paysan\" class=\"lien_article\">\n      <picture class=\"vignette_gauche\"><source type=\"image\/webp\" srcset=\"https:\/\/reporterre.net\/local\/cache-vignettes\/L450xH300\/design_sans_titre_27_-4ef77.jpg@.webp?1740154525\"><img decoding=\"async\" src=\"https:\/\/reporterre.net\/local\/cache-vignettes\/L450xH300\/design_sans_titre_27_-4ef77.jpg?1740154525\" width=\"450\" height=\"300\" alt=\"\" class=\"marge12\" loading=\"lazy\"\/><br \/>\n<\/source><\/picture>\n<p class=\"libelle\">\n<p>      Culture\n    <\/p>\n<p class=\"titre pol20\">Livres, docu, podcast\u00a0: tout savoir sur le monde paysan<\/p>\n<p>      <\/a><br \/>\n    <\/aside>\n<aside class=\"boite_complement texte\">\n<div class=\"encart_note\">\n<h4>Notes<\/h4>\n<div id=\"nb1\">\n<p><span class=\"spip_note_ref\">[<a target=\"_blank\" href=\"#nh1\" class=\"spip_note\" title=\"Notes 1\" rev=\"appendix\">1<\/a>]\u00a0<\/span>L\u2019essayiste Gloria Jean Watkins \u00e9crivait son nom de plume sans majuscule pour mettre en avant son travail plus que sa personne.<\/p>\n<\/div>\n<div id=\"nb2\">\n<p><span class=\"spip_note_ref\">[<a target=\"_blank\" href=\"#nh2\" class=\"spip_note\" title=\"Notes 2\" rev=\"appendix\">2<\/a>]\u00a0<\/span>Vers la fin des ann\u00e9es 1980, la communaut\u00e9 <span class=\"caps\"><span class=\"caps\">LGBTQ<\/span><\/span>+ s\u2019est r\u00e9appropri\u00e9 le terme <i>queer<\/i> (signifiant \u00ab<small class=\"fine d-inline\">\u00a0<\/small><small class=\"fine d-inline\">\u00a0<\/small>\u00e9trange<small class=\"fine d-inline\">\u00a0<\/small><small class=\"fine d-inline\">\u00a0<\/small>\u00bb en anglais), qui \u00e9tait \u00e0 l\u2019origine utilis\u00e9 pour parler p\u00e9jorativement des hommes homosexuels, pour en faire un symbole de contestation des mod\u00e8les identitaires relatifs au genre et aux orientations sexuelles \u2014 d\u00e9finition du Grand dictionnaire terminologique.<\/p>\n<\/div><\/div>\n<p>      <!-- zone_forum --><br \/>\n          <\/aside>\n<aside class=\"boite_lireaussi noprint\">\n<\/aside>\n<aside class=\"colonne\">\n<div class=\"article_info cache_1023 noprint\">\n        <span class=\"date\">7 mars 2025  \u00e0 16h11<\/span><\/p>\n<p>    <span class=\"date_modif\">Mis \u00e0 jour le 8 mars 2025 \u00e0 10h28<\/span>      <\/p>\n<p class=\"duree_lecture\">\n        Dur\u00e9e de lecture : 13 minutes\n      <\/p>\n<\/p><\/div>\n<div class=\"bloc_infolettre\">\n<div class=\"infolettre-form-container noprint\">\n<p>Abonnez-vous \u00e0 la lettre d\u2019info de Reporterre<\/p>\n<\/div><\/div>\n<\/aside>\n<div id=\"galerie\">\n  <img decoding=\"async\" src=\"\" class=\"principale\" id=\"principale\"\/><\/p>\n<p id=\"legende\">legende<\/p>\n<\/div>\n<footer class=\"noprint\">\n<\/footer>\n<\/div>\n<p><br \/>\n<br \/><a href=\"https:\/\/reporterre.net\/Livres-podcasts-revue-La-selection-feministe-de-Reporterre\" target=\"_blank\"\">Source link <\/a><\/p>\n","protected":false},"excerpt":{"rendered":"<p>ESSAIS \u2022 Cultiver l\u2019appartenance C\u2019est un livre pr\u00e9cieux et intime que nous livre ici la penseuse f\u00e9ministe et afro-am\u00e9ricaine bell hooks\u00a0[1]. Elle y m\u00eale consid\u00e9rations \u00e9cologiques et lutte contre le&hellip; <\/p>\n","protected":false},"author":1,"featured_media":4080,"comment_status":"open","ping_status":"open","sticky":false,"template":"","format":"standard","meta":{"footnotes":""},"categories":[1],"tags":[],"class_list":["post-4079","post","type-post","status-publish","format-standard","has-post-thumbnail","hentry","category-non-classe"],"_links":{"self":[{"href":"https:\/\/monde25.info\/index.php\/wp-json\/wp\/v2\/posts\/4079","targetHints":{"allow":["GET"]}}],"collection":[{"href":"https:\/\/monde25.info\/index.php\/wp-json\/wp\/v2\/posts"}],"about":[{"href":"https:\/\/monde25.info\/index.php\/wp-json\/wp\/v2\/types\/post"}],"author":[{"embeddable":true,"href":"https:\/\/monde25.info\/index.php\/wp-json\/wp\/v2\/users\/1"}],"replies":[{"embeddable":true,"href":"https:\/\/monde25.info\/index.php\/wp-json\/wp\/v2\/comments?post=4079"}],"version-history":[{"count":0,"href":"https:\/\/monde25.info\/index.php\/wp-json\/wp\/v2\/posts\/4079\/revisions"}],"wp:featuredmedia":[{"embeddable":true,"href":"https:\/\/monde25.info\/index.php\/wp-json\/wp\/v2\/media\/4080"}],"wp:attachment":[{"href":"https:\/\/monde25.info\/index.php\/wp-json\/wp\/v2\/media?parent=4079"}],"wp:term":[{"taxonomy":"category","embeddable":true,"href":"https:\/\/monde25.info\/index.php\/wp-json\/wp\/v2\/categories?post=4079"},{"taxonomy":"post_tag","embeddable":true,"href":"https:\/\/monde25.info\/index.php\/wp-json\/wp\/v2\/tags?post=4079"}],"curies":[{"name":"wp","href":"https:\/\/api.w.org\/{rel}","templated":true}]}}