{"id":4081,"date":"2025-03-09T11:07:40","date_gmt":"2025-03-09T10:07:40","guid":{"rendered":"https:\/\/monde25.info\/index.php\/2025\/03\/09\/ou-va-ce-monde-face-a-la-fievre-des-va-t-en-guerre-de-droite-comme-de-gauche\/"},"modified":"2025-03-09T11:07:40","modified_gmt":"2025-03-09T10:07:40","slug":"ou-va-ce-monde-face-a-la-fievre-des-va-t-en-guerre-de-droite-comme-de-gauche","status":"publish","type":"post","link":"https:\/\/monde25.info\/index.php\/2025\/03\/09\/ou-va-ce-monde-face-a-la-fievre-des-va-t-en-guerre-de-droite-comme-de-gauche\/","title":{"rendered":"O\u00f9 va ce monde \u2013 Face \u00e0 la fi\u00e8vre des va-t-en-guerre de droite comme de gauche"},"content":{"rendered":"<p> <br \/>\n<\/p>\n<div>\n<p>par <strong>JSF-TV<\/strong><\/p>\n<p><strong>O\u00f9 va ce monde.<\/strong><\/p>\n<p>Une \u00e9mission de <strong>JSF<\/strong> anim\u00e9e par <strong>Claude Janvier<\/strong> et <strong>Eric Montana<\/strong><\/p>\n<p>Invit\u00e9 : <strong>Fadi Kacem<\/strong>, secr\u00e9taire national du PCRF<\/p>\n<p>Th\u00e8me : Face \u00e0 la \u00abfi\u00e8vre\u00bb, non pas du samedi soir, mais celle des va-t-en-guerre, de droite comme de gauche.<\/p>\n<h5 class=\"wp-block-heading\">La folie guerri\u00e8re de l\u2019Union europ\u00e9enne contre la Russie provoquera-t-elle un conflit nucl\u00e9aire<\/h5>\n<p>\u200bLa guerre en Ukraine, d\u00e9clench\u00e9e par la Russie en f\u00e9vrier 2022 en r\u00e9ponse au Coup d\u2019\u00c9tat de 2014 et \u00e0 la politique ouvertement russophobe du pouvoir n\u00e9o-nazi de Kiev, a raviv\u00e9 les pr\u00e9occupations li\u00e9es \u00e0 l\u2019escalade nucl\u00e9aire en Europe. Ce conflit pr\u00e9sente des caract\u00e9ristiques uniques, notamment l\u2019implication d\u2019une puissance nucl\u00e9aire affrontant une nation non dot\u00e9e de l\u2019arme atomique, soutenue par des \u00c9tats poss\u00e9dant l\u2019arme nucl\u00e9aire. \u200b<\/p>\n<p>L\u2019Union europ\u00e9enne, bien que non dot\u00e9e d\u2019une force nucl\u00e9aire propre, a intensifi\u00e9 son soutien \u00e0 l\u2019Ukraine, notamment en fournissant des armes et en renfor\u00e7ant sa posture militaire. Cette implication accrue soul\u00e8ve des questions sur les risques d\u2019escalade. Cependant, malgr\u00e9 les tensions dues aux d\u00e9clarations belliqueuses et irresponsables de certains dirigeants europ\u00e9ens, aucune indication concr\u00e8te \u2013 (pour le moment) \u2013 ne laisse pr\u00e9sager une confrontation nucl\u00e9aire imminente entre l\u2019UE et la Russie. Les doctrines nucl\u00e9aires actuelles stipulent que l\u2019arme atomique est envisag\u00e9e en dernier recours, uniquement en cas de menace existentielle. \u200b<\/p>\n<p>En conclusion, bien que l\u2019absurde soutien militaire de l\u2019Union europ\u00e9enne \u00e0 l\u2019Ukraine augmente les tensions avec la Russie, le risque d\u2019un conflit nucl\u00e9aire demeure faible \u00e0 ce jour. Les doctrines de dissuasion actuelles et les efforts diplomatiques visent \u00e0 pr\u00e9venir une escalade vers une guerre nucl\u00e9aire.<\/p>\n<p><iframe loading=\"lazy\" title=\"O\u00f9 va ce monde - Face \u00e0 la \u00abfi\u00e8vre\u00bb des va-t-en guerre, de droite comme de gauche\" width=\"1110\" height=\"624\" src=\"https:\/\/www.youtube.com\/embed\/GbB0f36zRks?feature=oembed\" frameborder=\"0\" allow=\"accelerometer; autoplay; clipboard-write; encrypted-media; gyroscope; picture-in-picture; web-share\" referrerpolicy=\"strict-origin-when-cross-origin\" allowfullscreen><\/iframe><\/p>\n<p><a target=\"_blank\" href=\"https:\/\/reseauinternational.net\/author\/ClaudeJanvier\/\" target=\"_blank\" rel=\"noopener\" title=\"\">Claude Janvier<\/a> \u2013 <a target=\"_blank\" href=\"https:\/\/reseauinternational.net\/author\/ericmontana\/\" target=\"_blank\" rel=\"noopener\" title=\"\">Eric Montana<\/a><\/p>\n<p>source : <a target=\"_blank\" href=\"https:\/\/www.youtube.com\/watch?v=GbB0f36zRks\" target=\"_blank\" rel=\"noopener\" title=\"\">JSF-TV<\/a><\/p>\n<div class=\"sharedaddy sd-block sd-like jetpack-likes-widget-wrapper jetpack-likes-widget-unloaded\" id=\"like-post-wrapper-237719536-446861-67cd5faf01729\" data-src=\"https:\/\/widgets.wp.com\/likes\/?ver=14.2.1#blog_id=237719536&amp;post_id=446861&amp;origin=reseauinternational.net&amp;obj_id=237719536-446861-67cd5faf01729&amp;n=1\" data-name=\"like-post-frame-237719536-446861-67cd5faf01729\" data-title=\"Aimer ou rebloguer\">\n<h3 class=\"sd-title\">J\u2019aime \u00e7a\u00a0:<\/h3>\n<p><span class=\"button\"><span>J\u2019aime<\/span><\/span> <span class=\"loading\">chargement\u2026<\/span><\/p>\n<p><span class=\"sd-text-color\"\/><a target=\"_blank\" class=\"sd-link-color\"\/><\/div>\n<p><meta itemscope=\"\" itemprop=\"mainEntityOfPage\" itemtype=\"https:\/\/schema.org\/WebPage\" itemid=\"https:\/\/reseauinternational.net\/ou-va-ce-monde-face-a-la-fievre-des-va-t-en-guerre-de-droite-comme-de-gauche\/\"\/><meta itemprop=\"headline\" content=\"O\u00f9 va ce monde \u2013 Face \u00e0 la fi\u00e8vre des va-t-en-guerre de droite comme de gauche\"\/><span style=\"display: none;\" itemprop=\"author\" itemscope=\"\" itemtype=\"https:\/\/schema.org\/Person\"><meta itemprop=\"name\" content=\"R\u00e9seau International\"\/><\/span><span style=\"display: none;\" itemprop=\"image\" itemscope=\"\" itemtype=\"https:\/\/schema.org\/ImageObject\"><meta itemprop=\"url\" content=\"https:\/\/i0.wp.com\/reseauinternational.net\/wp-content\/uploads\/2025\/03\/Sans-titre-20-6.png?fit=800%2C467&amp;quality=100&amp;ssl=1\"\/><meta itemprop=\"width\" content=\"800\"\/><meta itemprop=\"height\" content=\"467\"\/><\/span><span style=\"display: none;\" itemprop=\"publisher\" itemscope=\"\" itemtype=\"https:\/\/schema.org\/Organization\"><span style=\"display: none;\" itemprop=\"logo\" itemscope=\"\" itemtype=\"https:\/\/schema.org\/ImageObject\"><meta itemprop=\"url\" content=\"https:\/\/reseauinternational.net\/wp-content\/uploads\/2022\/06\/Capture-de\u0301cran-2022-06-14-a\u0300-16.51.07.png\"\/><\/span><meta itemprop=\"name\" content=\"R\u00e9seau International\"\/><\/span><meta itemprop=\"datePublished\" content=\"2025-03-09T09:48:36+00:00\"\/><meta itemprop=\"dateModified\" content=\"2025-03-09T09:49:47+00:00\"\/><\/div>\n<p><br \/>\n<br \/><a href=\"https:\/\/reseauinternational.net\/ou-va-ce-monde-face-a-la-fievre-des-va-t-en-guerre-de-droite-comme-de-gauche\/\" target=\"_blank\"\">Source link <\/a><\/p>\n","protected":false},"excerpt":{"rendered":"<p>par JSF-TV O\u00f9 va ce monde. Une \u00e9mission de JSF anim\u00e9e par Claude Janvier et Eric Montana Invit\u00e9 : Fadi Kacem, secr\u00e9taire national du PCRF Th\u00e8me : Face \u00e0 la&hellip; <\/p>\n","protected":false},"author":1,"featured_media":4082,"comment_status":"open","ping_status":"open","sticky":false,"template":"","format":"standard","meta":{"footnotes":""},"categories":[1],"tags":[],"class_list":["post-4081","post","type-post","status-publish","format-standard","has-post-thumbnail","hentry","category-non-classe"],"_links":{"self":[{"href":"https:\/\/monde25.info\/index.php\/wp-json\/wp\/v2\/posts\/4081","targetHints":{"allow":["GET"]}}],"collection":[{"href":"https:\/\/monde25.info\/index.php\/wp-json\/wp\/v2\/posts"}],"about":[{"href":"https:\/\/monde25.info\/index.php\/wp-json\/wp\/v2\/types\/post"}],"author":[{"embeddable":true,"href":"https:\/\/monde25.info\/index.php\/wp-json\/wp\/v2\/users\/1"}],"replies":[{"embeddable":true,"href":"https:\/\/monde25.info\/index.php\/wp-json\/wp\/v2\/comments?post=4081"}],"version-history":[{"count":0,"href":"https:\/\/monde25.info\/index.php\/wp-json\/wp\/v2\/posts\/4081\/revisions"}],"wp:featuredmedia":[{"embeddable":true,"href":"https:\/\/monde25.info\/index.php\/wp-json\/wp\/v2\/media\/4082"}],"wp:attachment":[{"href":"https:\/\/monde25.info\/index.php\/wp-json\/wp\/v2\/media?parent=4081"}],"wp:term":[{"taxonomy":"category","embeddable":true,"href":"https:\/\/monde25.info\/index.php\/wp-json\/wp\/v2\/categories?post=4081"},{"taxonomy":"post_tag","embeddable":true,"href":"https:\/\/monde25.info\/index.php\/wp-json\/wp\/v2\/tags?post=4081"}],"curies":[{"name":"wp","href":"https:\/\/api.w.org\/{rel}","templated":true}]}}