{"id":4087,"date":"2025-03-09T12:46:35","date_gmt":"2025-03-09T11:46:35","guid":{"rendered":"https:\/\/monde25.info\/index.php\/2025\/03\/09\/le-parlement-renouvelle-son-groupe-damitie-pour-apaiser-les-tensions-rt-en-francais\/"},"modified":"2025-03-09T12:46:35","modified_gmt":"2025-03-09T11:46:35","slug":"le-parlement-renouvelle-son-groupe-damitie-pour-apaiser-les-tensions-rt-en-francais","status":"publish","type":"post","link":"https:\/\/monde25.info\/index.php\/2025\/03\/09\/le-parlement-renouvelle-son-groupe-damitie-pour-apaiser-les-tensions-rt-en-francais\/","title":{"rendered":"le Parlement renouvelle son groupe d\u2019amiti\u00e9 pour apaiser les tensions \u2014 RT en fran\u00e7ais"},"content":{"rendered":"<p> <br \/>\n<br \/><img decoding=\"async\" src=\"https:\/\/mf.b37mrtl.ru\/french\/images\/2025.03\/thumbnail\/67cd77576f7ccc673f2d05bd.jpg\" \/><\/p>\n<div>\n<p class=\"text__summary\">\n                                        Dans un contexte de tensions entre la France et l\u2019Alg\u00e9rie, le Parlement fran\u00e7ais a renouvel\u00e9, le 8 mars, la composition du groupe d\u2019amiti\u00e9 Alg\u00e9rie-France, avec pour objectif d\u2019apaiser la crise.\n                                    <\/p>\n<p>Le d\u00e9put\u00e9 socialiste Laurent Lhardit a succ\u00e9d\u00e9, le 8 mars, au d\u00e9put\u00e9 Renaissance Belkhir Belhaddad \u00e0 la t\u00eate\u00a0du groupe d\u2019amiti\u00e9 Alg\u00e9rie-France \u00e0 <a target=\"_blank\" href=\"https:\/\/www2.assemblee-nationale.fr\/instances\/resume\/OMC_PO851254\/legislature\/17\/(block)\/composition\" target=\"_blank\" rel=\"noopener noreferrer\">l\u2019Assembl\u00e9e nationale<\/a>.<\/p>\n<p>Selon le <a target=\"_blank\" href=\"https:\/\/www.tsa-algerie.com\/crise-alger-paris-le-groupe-damitie-france-algerie-entre-en-action\/\" target=\"_blank\" rel=\"noopener noreferrer\">site d\u2019information alg\u00e9rien TSA<\/a>, le nouveau pr\u00e9sident pr\u00f4ne un rapprochement avec Alger et met en garde contre les cons\u00e9quences du bras de fer engag\u00e9 par le ministre fran\u00e7ais de l\u2019Int\u00e9rieur, Bruno Retailleau, \u00e0 l\u2019\u00e9gard de l\u2019Alg\u00e9rie.<\/p>\n<p>\u00abIl faut prendre garde \u00e0 ne pas ramener les relations France-Alg\u00e9rie \u00e0 des combats de politiques int\u00e9rieures, avec le Premier ministre Fran\u00e7ois Bayrou qui court apr\u00e8s Bruno Retailleau, lui-m\u00eame courant apr\u00e8s le Rassemblement national\u00bb, a d\u00e9clar\u00e9 le d\u00e9put\u00e9 socialiste marseillais Laurent Lhardit.<\/p>\n<h2>Une \u00e9quipe diversifi\u00e9e avec trois Franco-Alg\u00e9riens parmi les vice-pr\u00e9sidents<\/h2>\n<p>Lhardit sera \u00e9paul\u00e9 par six vice-pr\u00e9sidents, dont trois d\u2019origine alg\u00e9rienne : Sabrina Sebaihi (EELV), Fatiha Keloua Hachi (PS) et Idir Boumertit (LFI).<\/p>\n<p>Dans une d\u00e9claration \u00e0 la presse, rapport\u00e9e par TSA, la d\u00e9put\u00e9e Sabrina Sebaihi a plaid\u00e9 pour un retour \u00e0 une approche diplomatique plus apais\u00e9e : \u00abIl faut remettre de la diplomatie, de la discr\u00e9tion et du respect des deux c\u00f4t\u00e9s.\u00bb<\/p>\n<p><iframe loading=\"lazy\" src=\"https:\/\/www.facebook.com\/plugins\/post.php?href=https%3A%2F%2Fwww.facebook.com%2Fsabrina.sebaihi%2Fposts%2Fpfbid0ZyMfFBM3qg5JgAgRdA43aaxPzo8FwRuAVFS4EZztqTEdEsANeDvpgLuPW8B5uc57l&amp;show_text=true&amp;width=500\" width=\"500\" height=\"610\" style=\"border:none;overflow:hidden\" scrolling=\"no\" frameborder=\"0\" allowfullscreen=\"true\" allow=\"autoplay; clipboard-write; encrypted-media; picture-in-picture; web-share\"><\/iframe><\/p>\n<h2>Premi\u00e8re initiative : audition de l\u2019ambassadeur de France \u00e0 Alger<\/h2>\n<p>Le groupe d\u2019amiti\u00e9 compte \u00e9galement trois d\u00e9put\u00e9s franco-alg\u00e9riens issus de La France insoumise (LFI) : S\u00e9bastien Delogu, Abdelkader Lahmar et Zahia Hamdane.<\/p>\n<p>La premi\u00e8re d\u00e9marche du nouveau groupe sera l\u2019audition de l\u2019ambassadeur de France en Alg\u00e9rie, St\u00e9phane Romatet, afin d\u2019\u00e9valuer les tensions bilat\u00e9rales et d\u2019explorer des pistes de rapprochement.<\/p>\n<\/div>\n<p><br \/>\n<br \/><a href=\"https:\/\/francais.rt.com\/france\/117751-france-algerie-parlement-renouvelle-son-groupe-assemblee-amitiee\" target=\"_blank\"\">Source link <\/a><\/p>\n","protected":false},"excerpt":{"rendered":"<p>Dans un contexte de tensions entre la France et l\u2019Alg\u00e9rie, le Parlement fran\u00e7ais a renouvel\u00e9, le 8 mars, la composition du groupe d\u2019amiti\u00e9 Alg\u00e9rie-France, avec pour objectif d\u2019apaiser la crise.&hellip; <\/p>\n","protected":false},"author":1,"featured_media":4088,"comment_status":"open","ping_status":"open","sticky":false,"template":"","format":"standard","meta":{"footnotes":""},"categories":[1],"tags":[],"class_list":["post-4087","post","type-post","status-publish","format-standard","has-post-thumbnail","hentry","category-non-classe"],"_links":{"self":[{"href":"https:\/\/monde25.info\/index.php\/wp-json\/wp\/v2\/posts\/4087","targetHints":{"allow":["GET"]}}],"collection":[{"href":"https:\/\/monde25.info\/index.php\/wp-json\/wp\/v2\/posts"}],"about":[{"href":"https:\/\/monde25.info\/index.php\/wp-json\/wp\/v2\/types\/post"}],"author":[{"embeddable":true,"href":"https:\/\/monde25.info\/index.php\/wp-json\/wp\/v2\/users\/1"}],"replies":[{"embeddable":true,"href":"https:\/\/monde25.info\/index.php\/wp-json\/wp\/v2\/comments?post=4087"}],"version-history":[{"count":0,"href":"https:\/\/monde25.info\/index.php\/wp-json\/wp\/v2\/posts\/4087\/revisions"}],"wp:featuredmedia":[{"embeddable":true,"href":"https:\/\/monde25.info\/index.php\/wp-json\/wp\/v2\/media\/4088"}],"wp:attachment":[{"href":"https:\/\/monde25.info\/index.php\/wp-json\/wp\/v2\/media?parent=4087"}],"wp:term":[{"taxonomy":"category","embeddable":true,"href":"https:\/\/monde25.info\/index.php\/wp-json\/wp\/v2\/categories?post=4087"},{"taxonomy":"post_tag","embeddable":true,"href":"https:\/\/monde25.info\/index.php\/wp-json\/wp\/v2\/tags?post=4087"}],"curies":[{"name":"wp","href":"https:\/\/api.w.org\/{rel}","templated":true}]}}