{"id":4093,"date":"2025-03-09T14:25:35","date_gmt":"2025-03-09T13:25:35","guid":{"rendered":"https:\/\/monde25.info\/index.php\/2025\/03\/09\/la-militarisation-effrayante-de-leurope-les-moutons-enrages\/"},"modified":"2025-03-09T14:25:35","modified_gmt":"2025-03-09T13:25:35","slug":"la-militarisation-effrayante-de-leurope-les-moutons-enrages","status":"publish","type":"post","link":"https:\/\/monde25.info\/index.php\/2025\/03\/09\/la-militarisation-effrayante-de-leurope-les-moutons-enrages\/","title":{"rendered":"La militarisation effrayante de l\u2019Europe \u2013 Les moutons enrag\u00e9s"},"content":{"rendered":"<p> <br \/>\n<\/p>\n<div>\n<p><em>Un spectre hante l\u2019Europe, le spectre du militarisme. Derri\u00e8re cette fi\u00e8vre guerri\u00e8re se cache bien plus que la pr\u00e9tendue menace de la Russie. Le d\u00e9clin \u00e9conomique et la lutte pour la domination g\u00e9opolitique jouent un r\u00f4le crucial dans la militarisation croissante du continent<\/em>.<\/p>\n<p class=\"has-text-align-center\">***<\/p>\n<p>Par <a target=\"_blank\" href=\"https:\/\/www.mondialisation.ca\/author\/marc-vandepitte\">Marc Vandepitte<\/a> pour <a target=\"_blank\" href=\"https:\/\/www.mondialisation.ca\/la-militarisation-effrayante-de-leurope\/5696692?doing_wp_cron=1741456700.9227900505065917968750\" data-type=\"link\" data-id=\"https:\/\/www.mondialisation.ca\/la-militarisation-effrayante-de-leurope\/5696692?doing_wp_cron=1741456700.9227900505065917968750\">Mondialisation.ca<\/a><\/p>\n<div class=\"wp-block-image\">\n<figure class=\"alignleft size-large is-resized\"><img fetchpriority=\"high\" decoding=\"async\" width=\"395\" height=\"330\" src=\"https:\/\/lesmoutonsenrages.fr\/wp-content\/uploads\/2025\/03\/image-41-395x330.png\" alt=\"\" class=\"wp-image-165812\" style=\"width:217px;height:auto\" srcset=\"https:\/\/lesmoutonsenrages.fr\/wp-content\/uploads\/2025\/03\/image-41-395x330.png 395w, https:\/\/lesmoutonsenrages.fr\/wp-content\/uploads\/2025\/03\/image-41-250x209.png 250w, https:\/\/lesmoutonsenrages.fr\/wp-content\/uploads\/2025\/03\/image-41-150x125.png 150w, https:\/\/lesmoutonsenrages.fr\/wp-content\/uploads\/2025\/03\/image-41.png 768w\" sizes=\"(max-width: 395px) 100vw, 395px\"\/><\/figure>\n<\/div>\n<p>Les dirigeants europ\u00e9ens veulent augmenter drastiquement les d\u00e9penses de d\u00e9fense et pr\u00e9parer leurs \u00e9conomies \u00e0 la guerre. Il existe des plans pour introduire (pour l\u2019instant) le service militaire volontaire et pour installer un\u00a0<a target=\"_blank\" href=\"https:\/\/contropiano.org\/news\/internazionale-news\/2025\/02\/22\/channo-rimasto-soli-lunione-europea-cerca-un-ombrello-nucleare-0180648\">bouclier nucl\u00e9aire<\/a>. Certains pays sont pr\u00eats \u00e0 envoyer des troupes dans les pays voisins de la Russie, y compris l\u2019Ukraine.<\/p>\n<p>Boris Pistorius, l\u2019ancien ministre allemand de la D\u00e9fense,\u00a0<a target=\"_blank\" href=\"https:\/\/www.unsere-zeit.de\/uebergang-zur-kriegswirtschaft-4800209\/\">a d\u00e9clar\u00e9<\/a>\u00a0que son pays serait \u00ab pr\u00eat pour la guerre \u00bb (Kriegst\u00fcchtigkeit) d\u2019ici 2029. La hache de guerre est d\u00e9terr\u00e9e.<\/p>\n<p>\u00ab Nous avons \u00e9t\u00e9 trahis par Trump et nous sommes menac\u00e9s par Poutine, c\u2019est pourquoi nous devons intensifier nos efforts militaires et nous pr\u00e9parer \u00e0 la guerre. \u00bb C\u2019est le r\u00e9cit que l\u2019\u00e9lite europ\u00e9enne nous impose et qui est largement relay\u00e9 dans les m\u00e9dias grand public.<\/p>\n<p><span id=\"more-165811\"\/><\/p>\n<p>Cependant, ce r\u00e9cit masque les v\u00e9ritables raisons et causes sous-jacentes de cette fi\u00e8vre guerri\u00e8re.<\/p>\n<h3 class=\"wp-block-heading\"><strong>D\u00e9clin<\/strong><\/h3>\n<p>La militarisation de l\u2019Europe s\u2019inscrit dans une crise \u00e9conomique plus large. Depuis la crise financi\u00e8re de 2008, l\u2019\u00e9conomie europ\u00e9enne peine \u00e0 trouver de nouvelles voies de croissance. La crise du COVID-19 a port\u00e9 un coup dur \u00e0 l\u2019\u00e9conomie et, depuis les sanctions \u00e9conomiques contre la Russie, nous avons abandonn\u00e9 notre \u00e9nergie bon march\u00e9.<\/p>\n<p>En raison d\u2019une obsession pour l\u2019aust\u00e9rit\u00e9, les gouvernements ont n\u00e9glig\u00e9 des secteurs essentiels au d\u00e9veloppement de la productivit\u00e9, tels que l\u2019\u00e9ducation et la science. De leur c\u00f4t\u00e9, les oligarques financiers n\u2019ont pas suffisamment investi leurs profits monopolistiques dans de nouvelles technologies pour concurrencer les \u00c9tats-Unis et la Chine.<\/p>\n<p>En cons\u00e9quence, l\u2019Europe accuse un retard technologique et \u00e9conomique.<\/p>\n<p>Sur le plan g\u00e9opolitique, la situation n\u2019est pas plus favorable. L\u2019Europe et les \u00c9tats-Unis n\u2019ont pas r\u00e9ussi, apr\u00e8s la chute de l\u2019Union sovi\u00e9tique, \u00e0 transformer la Russie en une semi-colonie ni \u00e0 provoquer un changement de r\u00e9gime capitaliste en Chine.<\/p>\n<p>L\u2019espoir \u00e9tait qu\u2019en int\u00e9grant la Chine dans l\u2019Organisation mondiale du commerce et en y investissant massivement, les forces capitalistes y cro\u00eetraient au point de prendre le pouvoir \u00e0 la place du Parti communiste. C\u2019\u00e9tait un v\u0153u pieux.<\/p>\n<p>En suivant aveugl\u00e9ment les \u00c9tats-Unis, l\u2019Europe a n\u00e9glig\u00e9, apr\u00e8s la chute de l\u2019URSS, de construire une structure de s\u00e9curit\u00e9 \u00e9quilibr\u00e9e, incluant \u00e9galement la Russie.<\/p>\n<p>Aujourd\u2019hui, la Russie et la Chine sont devenues des adversaires redoutables avec lesquels il faut d\u00e9sormais compter.<\/p>\n<p>Sous l\u2019impulsion de la Chine, les pays du Sud, via les BRICS, constituent \u00e9galement un contrepoids croissant \u00e0 la domination du Nord.<\/p>\n<h3 class=\"wp-block-heading\"><strong>La lutte est lanc\u00e9e<\/strong><\/h3>\n<p>C\u2019est dans ce contexte que l\u2019\u00e9lite am\u00e9ricaine, sous la direction de Trump et Musk, a lanc\u00e9 une campagne agressive pour pr\u00e9server la supr\u00e9matie absolue des \u00c9tats-Unis (<em>Make America Great Again<\/em>), quitte \u00e0 sacrifier leurs alli\u00e9s les plus proches.<\/p>\n<p>Cela signifie que la lutte entre les \u00c9tats-Unis et les autres grandes puissances imp\u00e9rialistes est d\u00e9sormais ouverte. Lors du Forum \u00e9conomique mondial de Davos, Ursula von der Leyen l\u2019a\u00a0<a target=\"_blank\" href=\"https:\/\/germany.representation.ec.europa.eu\/news\/rede-von-kommissionsprasidentin-von-der-leyen-auf-dem-weltwirtschaftsforum-2025-01-21_de\">exprim\u00e9<\/a>\u00a0ainsi :<\/p>\n<p>\u00ab L\u2019ordre mondial bas\u00e9 sur la coop\u00e9ration, tel que nous l\u2019avions envisag\u00e9 il y a 25 ans, ne s\u2019est pas concr\u00e9tis\u00e9. \u00c0 la place, nous sommes entr\u00e9s dans une nouvelle \u00e8re de concurrence g\u00e9opolitique intense.<\/p>\n<p>Les plus grandes \u00e9conomies du monde se battent pour l\u2019acc\u00e8s aux ressources, aux nouvelles technologies et aux routes commerciales mondiales. De l\u2019intelligence artificielle aux technologies propres, de l\u2019informatique quantique \u00e0 l\u2019espace, de l\u2019Arctique \u00e0 la mer de Chine m\u00e9ridionale \u2013 la course est lanc\u00e9e. \u00bb<\/p>\n<p>La force motrice derri\u00e8re cette course est la maximisation des profits et l\u2019expansion du capital monopolistique occidental. C\u2019est ce qui est en jeu, et c\u2019est de cela qu\u2019il s\u2019agit en fin de compte. Pour mener cette course, on mise sur la carte militaire. Comme l\u2019a dit l\u2019ancien chancelier allemand Gerhard Schr\u00f6der :<\/p>\n<p>\u00ab Un pays ne compte vraiment sur la sc\u00e8ne internationale que s\u2019il est aussi pr\u00eat \u00e0 faire la guerre. \u00bb<\/p>\n<p><strong>Pr\u00e9texte<\/strong><\/p>\n<p>Le principal pr\u00e9texte \u00e0 cette fi\u00e8vre guerri\u00e8re, \u00e0 savoir que la Russie repr\u00e9sente une menace militaire, ne tient pas la route. Moscou n\u2019a aucune intention expansionniste.<\/p>\n<p>Selon des experts de premier plan tels que Jeffrey Sachs et John Mearsheimer, l\u2019invasion de l\u2019Ukraine \u00e9tait pour Moscou une r\u00e9ponse \u00e0 l\u2019expansion de l\u2019OTAN vers l\u2019est et \u00e0 la militarisation de l\u2019Ukraine. Moscou y voyait une menace existentielle.<\/p>\n<p>Sur le plan de la guerre conventionnelle, l\u2019Europe n\u2019est d\u2019ailleurs pas de taille face \u00e0 la Russie.<\/p>\n<p>Le Kremlin s\u2019est rapidement enlis\u00e9 en Ukraine, un pays pourtant bien plus faible. Et si une confrontation devait \u00e9clater entre l\u2019Europe et la Russie, nous serions alors dans un sc\u00e9nario nucl\u00e9aire. Une\u00a0<em>end game<\/em>\u00a0que personne ne souhaite.<\/p>\n<h3 class=\"wp-block-heading\">\u00c9conomie de guerre<\/h3>\n<p>Les tensions militaires actuelles ne sont donc pas tant le r\u00e9sultat d\u2019oppositions g\u00e9opolitiques avec la Russie, la Chine et d\u00e9sormais aussi les \u00c9tats-Unis, mais sont plut\u00f4t enracin\u00e9es dans la soif du capital monopolistique occidental de maximiser ses profits et son expansion.<\/p>\n<p>Pour garantir les profits des monopoles occidentaux, les investissements et march\u00e9s \u00e9trangers, ainsi que l\u2019approvisionnement en mati\u00e8res premi\u00e8res \u00e0 bas co\u00fbt, doivent \u00eatre s\u00e9curis\u00e9s. Pour cela, un appareil militaire puissant est indispensable, quitte \u00e0 rappeler \u00e0 l\u2019ordre, par la force, les pays r\u00e9calcitrants.<\/p>\n<p>La militarisation stimule \u00e9galement l\u2019\u00e9conomie. L\u2019\u00e9conomie de guerre ne d\u00e9pend pas du pouvoir d\u2019achat de la population, mais des d\u00e9cisions des dirigeants politiques. Les d\u00e9penses militaires peuvent (temporairement) insuffler un peu d\u2019oxyg\u00e8ne \u00e0 certains secteurs industriels, mais au d\u00e9triment d\u2019autres secteurs. C\u2019est ce que Reagan a tent\u00e9 dans les ann\u00e9es 1980 avec son programme\u00a0<em>Star Wars<\/em>\u00a0et Hitler dans les ann\u00e9es 1930.<\/p>\n<p>En Belgique, et sans doute ailleurs, la militarisation pourrait \u00eatre accompagn\u00e9e d\u2019une vague de privatisations sans pr\u00e9c\u00e9dent. Une partie des fonds n\u00e9cessaires \u00e0 ces d\u00e9penses militaires pourrait \u00eatre obtenue\u00a0<a target=\"_blank\" href=\"https:\/\/www.vrt.be\/vrtmax\/luister\/radio\/d\/de-ochtend~11-19\/de-ochtend~11-30541-0\/fragment~eb2261a7-c616-494f-916f-caf4dc9207f8\/?utm_campaign=app-share&amp;utm_medium=app&amp;utm_source=radio1-be\">par la vente<\/a>\u00a0des\u00a0<em>joyaux de la couronne<\/em>\u00a0du patrimoine national ou de certaines de ses composantes. La militarisation comme levier de privatisation.<\/p>\n<p>Cette \u00e9conomie de guerre est mise en place en vue d\u2019une v\u00e9ritable pr\u00e9paration \u00e0 la guerre. Pendant la Guerre froide, les pays europ\u00e9ens disposaient d\u2019une arm\u00e9e de conscription importante. Apr\u00e8s la chute de l\u2019Union sovi\u00e9tique, les forces d\u2019intervention rapide ont pris le relais, notamment en Libye et en Syrie.<\/p>\n<p>Aujourd\u2019hui, des plans visent \u00e0 r\u00e9tablir le service militaire, \u00e0 renforcer l\u2019infrastructure militaire et \u00e0 stationner des troupes \u00e0 long terme \u00e0 l\u2019\u00e9tranger, notamment dans les pays baltes et en Ukraine. D\u2019autres options sont \u00e9galement envisag\u00e9es, comme la question d\u2019un\u00a0<em>parapluie nucl\u00e9aire<\/em>.<\/p>\n<p>De nombreux signes indiquent qu\u2019une guerre mondiale devient une possibilit\u00e9 bien r\u00e9elle aux yeux des \u00e9lites financi\u00e8res et \u00e9conomiques.<\/p>\n<h3 class=\"wp-block-heading\"><strong>Cons\u00e9quences<\/strong><\/h3>\n<p>Une telle militarisation a des cons\u00e9quences profondes pour nos soci\u00e9t\u00e9s. L\u2019argent doit venir de quelque part. Actuellement, l\u2019Europe consacre environ 2 % de son PIB aux d\u00e9penses de d\u00e9fense. Pour atteindre l\u2019objectif de 5 %, elle devra d\u00e9penser environ 500 milliards d\u2019euros suppl\u00e9mentaires par an pour la d\u00e9fense.<\/p>\n<p>Avec des gouvernements de droite, cette augmentation massive des budgets militaires se fera in\u00e9vitablement au d\u00e9triment des d\u00e9penses sociales ainsi que du\u00a0<em>Green Deal<\/em>, dont le budget annuel s\u2019\u00e9l\u00e8ve \u00e0\u00a0<a target=\"_blank\" href=\"https:\/\/commission.europa.eu\/strategy-and-policy\/priorities-2019-2024\/european-green-deal_en?utm_source=chatgpt.com\">86 milliards d\u2019euros<\/a>.<\/p>\n<p>Nous avons d\u00e9j\u00e0 mentionn\u00e9 comment cette militarisation risque d\u2019aller de pair avec une vague sans pr\u00e9c\u00e9dent de privatisations de l\u2019\u00e9conomie.<\/p>\n<p>L\u2019\u00e9tablissement d\u2019une v\u00e9ritable arm\u00e9e europ\u00e9enne entra\u00eenera \u00e9galement un d\u00e9ficit d\u00e9mocratique majeur. La structure de commandement sera plac\u00e9e au niveau europ\u00e9en. Ce ne seront plus les gouvernements ou les parlements nationaux qui d\u00e9cideront si nos jeunes devront partir au front, mais des eurocrates.<\/p>\n<p>Enfin, la militarisation de nos \u00e9conomies et de nos soci\u00e9t\u00e9s ne fera qu\u2019accro\u00eetre les tensions sur le continent europ\u00e9en. Au lieu de construire une structure de s\u00e9curit\u00e9 \u00e9quilibr\u00e9e, nous lan\u00e7ons une course aux armements dangereuse et attisons toujours plus l\u2019hostilit\u00e9 envers la puissance nucl\u00e9aire russe.<\/p>\n<h3 class=\"wp-block-heading\"><strong>Un choix historique<\/strong><\/h3>\n<p>L\u2019Europe est face \u00e0 un choix historique. Le processus de militarisation s\u2019accompagne de co\u00fbts \u00e9conomiques colossaux, d\u2019un d\u00e9mant\u00e8lement social, d\u2019un retard dans la transition \u00e9cologique et d\u2019un d\u00e9ficit d\u00e9mocratique, tandis que le risque d\u2019un conflit majeur devient de plus en plus r\u00e9el.<\/p>\n<p>Cette militarisation est-elle r\u00e9ellement dans l\u2019int\u00e9r\u00eat des citoyens europ\u00e9ens, ou uniquement dans celui des \u00e9lites \u00e9conomiques et de l\u2019industrie de l\u2019armement ?<\/p>\n<p>Allons-nous nous laisser emporter par cette fi\u00e8vre guerri\u00e8re, ou choisirons-nous la prosp\u00e9rit\u00e9, l\u2019\u00e9cologie et une structure de s\u00e9curit\u00e9 \u00e9quilibr\u00e9e sur le continent ?<\/p>\n<p>Allons-nous suivre les \u00c9tats-Unis dans leur logique imp\u00e9rialiste et militariste, ou b\u00e2tirons-nous un projet europ\u00e9en ind\u00e9pendant, bas\u00e9 sur une coop\u00e9ration respectueuse avec les pays du Sud ?<\/p>\n<p>Les prochaines ann\u00e9es seront cruciales pour r\u00e9pondre \u00e0 cette question.<\/p>\n<p><strong>Marc Vandepitte<\/strong><\/p>\n<p><strong>Sources:<\/strong><\/p>\n<p>\u2013\u00a0<a target=\"_blank\" href=\"https:\/\/www.unsere-zeit.de\/uebergang-zur-kriegswirtschaft-4800209\/\"><em>\u00dcbergang zur Kriegswirtschaft?<\/em><\/a><br \/><em>\u2013\u00a0<\/em><a target=\"_blank\" href=\"https:\/\/contropiano.org\/news\/internazionale-news\/2025\/02\/22\/channo-rimasto-soli-lunione-europea-cerca-un-ombrello-nucleare-0180648\"><em>\u201cC\u2019hanno rimasto soli\u2026\u201d.\u00a0L\u2019Unione Europea cerca un ombrello nucleare<\/em><\/a><br \/><em>\u2013\u00a0<\/em><a target=\"_blank\" href=\"https:\/\/www.humanite.fr\/monde\/armement\/guerre-en-ukraine-comment-les-chefs-detat-europeens-preparent-les-esprits-a-une-guerre-avec-la-russie\"><em>Guerre en Ukraine : comment les chefs d\u2019\u00c9tat europ\u00e9ens pr\u00e9parent les esprits \u00e0 une guerre avec la Russie<\/em><\/a><br \/><em>\u2013\u00a0<\/em><a target=\"_blank\" href=\"https:\/\/consortiumnews.com\/2025\/02\/17\/scott-ritter-trumps-munich-strategy\/\"><em>Trump\u2019s Munich Strategy<\/em><\/a><\/p>\n<p>La source originale de cet article est <a target=\"_blank\" href=\"https:\/\/www.mondialisation.ca\/\" data-type=\"link\" data-id=\"https:\/\/www.mondialisation.ca\/\">Mondialisation.ca<\/a><\/p>\n<p>Copyright \u00a9 <a target=\"_blank\" href=\"https:\/\/www.mondialisation.ca\/author\/marc-vandepitte\">Marc Vandepitte<\/a>, Mondialisation.ca, 2025<\/p>\n<p>Tous les articles, la tribune libre et commentaires sont sous la responsabilit\u00e9 de leurs auteurs. Les Moutons Enrag\u00e9s ne sauraient \u00eatre tenus responsables de leur contenu ou orientation.<\/p>\n<\/p><\/div>\n<p><br \/>\n<br \/><a href=\"https:\/\/lesmoutonsenrages.fr\/2025\/03\/09\/la-militarisation-effrayante-de-leurope\/\" target=\"_blank\"\">Source link <\/a><\/p>\n","protected":false},"excerpt":{"rendered":"<p>Un spectre hante l\u2019Europe, le spectre du militarisme. Derri\u00e8re cette fi\u00e8vre guerri\u00e8re se cache bien plus que la pr\u00e9tendue menace de la Russie. Le d\u00e9clin \u00e9conomique et la lutte pour&hellip; <\/p>\n","protected":false},"author":1,"featured_media":4094,"comment_status":"open","ping_status":"open","sticky":false,"template":"","format":"standard","meta":{"footnotes":""},"categories":[1],"tags":[],"class_list":["post-4093","post","type-post","status-publish","format-standard","has-post-thumbnail","hentry","category-non-classe"],"_links":{"self":[{"href":"https:\/\/monde25.info\/index.php\/wp-json\/wp\/v2\/posts\/4093","targetHints":{"allow":["GET"]}}],"collection":[{"href":"https:\/\/monde25.info\/index.php\/wp-json\/wp\/v2\/posts"}],"about":[{"href":"https:\/\/monde25.info\/index.php\/wp-json\/wp\/v2\/types\/post"}],"author":[{"embeddable":true,"href":"https:\/\/monde25.info\/index.php\/wp-json\/wp\/v2\/users\/1"}],"replies":[{"embeddable":true,"href":"https:\/\/monde25.info\/index.php\/wp-json\/wp\/v2\/comments?post=4093"}],"version-history":[{"count":0,"href":"https:\/\/monde25.info\/index.php\/wp-json\/wp\/v2\/posts\/4093\/revisions"}],"wp:featuredmedia":[{"embeddable":true,"href":"https:\/\/monde25.info\/index.php\/wp-json\/wp\/v2\/media\/4094"}],"wp:attachment":[{"href":"https:\/\/monde25.info\/index.php\/wp-json\/wp\/v2\/media?parent=4093"}],"wp:term":[{"taxonomy":"category","embeddable":true,"href":"https:\/\/monde25.info\/index.php\/wp-json\/wp\/v2\/categories?post=4093"},{"taxonomy":"post_tag","embeddable":true,"href":"https:\/\/monde25.info\/index.php\/wp-json\/wp\/v2\/tags?post=4093"}],"curies":[{"name":"wp","href":"https:\/\/api.w.org\/{rel}","templated":true}]}}