{"id":4095,"date":"2025-03-09T16:05:45","date_gmt":"2025-03-09T15:05:45","guid":{"rendered":"https:\/\/monde25.info\/index.php\/2025\/03\/09\/sanglier-mort-en-bretagne-la-faute-aux-algues-vertes\/"},"modified":"2025-03-09T16:05:45","modified_gmt":"2025-03-09T15:05:45","slug":"sanglier-mort-en-bretagne-la-faute-aux-algues-vertes","status":"publish","type":"post","link":"https:\/\/monde25.info\/index.php\/2025\/03\/09\/sanglier-mort-en-bretagne-la-faute-aux-algues-vertes\/","title":{"rendered":"Sanglier mort en Bretagne\u00a0: la faute aux algues vertes"},"content":{"rendered":"<p> <br \/>\n<br \/><img loading=\"lazy\" decoding=\"async\" src=\"https:\/\/reporterre.net\/local\/cache-vignettes\/L700xH467\/obelixatilunalibi-24c94.jpg?1741360145\" class=\"spip_logo\" width=\"700\" height=\"467\" alt=\"\" \/><\/p>\n<p>La mort d&rsquo;un sanglier sur la place de Saint-Maurice, \u00e0 Morieux (C\u00f4tes-d&rsquo;Armor), d\u00e9but septembre 2024 \u00e9tait rest\u00e9e jusqu&rsquo;ici sans explications. Mercredi 5\u00a0mars, le procureur du tribunal de Brest a enfin reconnu que le sanglier \u00e9tait mort \u00e0 cause de l&rsquo;inhalation d&rsquo;hydrog\u00e8ne sulfur\u00e9, du nom de ce gaz \u00e9manant des algues vertes en putr\u00e9faction. <br class=\"autobr\" \/><br \/>\n\u00ab<small class=\"fine d-inline\">\u00a0<\/small>L&rsquo;enqu\u00eate men\u00e9e par les gendarmes est cl\u00f4tur\u00e9e, a indiqu\u00e9 la procureure Camille Miansoni, dans un communiqu\u00e9. Les \u00e9l\u00e9ments recueillis ne sont pas de\u00a0(\u2026)<\/p>\n<p>                    <a target=\"_blank\" href=\"https:\/\/reporterre.net\/Sanglier-mort-en-Bretagne-la-faute-aux-algues-vertes?utm_source=RSS&amp;utm_medium=RSS\">Lire la suite<\/a><\/p>\n<p>                    &#8211;<br \/>\n                        <a target=\"_blank\" href=\"https:\/\/reporterre.net\/Breves-20\" rel=\"directory\">En bref<\/a><\/p>\n<p>                    \/<br \/>\n                        <a target=\"_blank\" href=\"https:\/\/reporterre.net\/Animaux\" rel=\"tag\">Animaux<\/a><br \/>\n                    ,<br \/>\n                        <a target=\"_blank\" href=\"https:\/\/reporterre.net\/Pollutions\" rel=\"tag\">Pollutions<\/a><br \/>\n<br \/><br \/>\n<br \/><a href=\"https:\/\/reporterre.net\/Sanglier-mort-en-Bretagne-la-faute-aux-algues-vertes\" target=\"_blank\"\">Source link <\/a><\/p>\n","protected":false},"excerpt":{"rendered":"<p>La mort d&rsquo;un sanglier sur la place de Saint-Maurice, \u00e0 Morieux (C\u00f4tes-d&rsquo;Armor), d\u00e9but septembre 2024 \u00e9tait rest\u00e9e jusqu&rsquo;ici sans explications. Mercredi 5\u00a0mars, le procureur du tribunal de Brest a enfin&hellip; <\/p>\n","protected":false},"author":1,"featured_media":4096,"comment_status":"open","ping_status":"open","sticky":false,"template":"","format":"standard","meta":{"footnotes":""},"categories":[1],"tags":[],"class_list":["post-4095","post","type-post","status-publish","format-standard","has-post-thumbnail","hentry","category-non-classe"],"_links":{"self":[{"href":"https:\/\/monde25.info\/index.php\/wp-json\/wp\/v2\/posts\/4095","targetHints":{"allow":["GET"]}}],"collection":[{"href":"https:\/\/monde25.info\/index.php\/wp-json\/wp\/v2\/posts"}],"about":[{"href":"https:\/\/monde25.info\/index.php\/wp-json\/wp\/v2\/types\/post"}],"author":[{"embeddable":true,"href":"https:\/\/monde25.info\/index.php\/wp-json\/wp\/v2\/users\/1"}],"replies":[{"embeddable":true,"href":"https:\/\/monde25.info\/index.php\/wp-json\/wp\/v2\/comments?post=4095"}],"version-history":[{"count":0,"href":"https:\/\/monde25.info\/index.php\/wp-json\/wp\/v2\/posts\/4095\/revisions"}],"wp:featuredmedia":[{"embeddable":true,"href":"https:\/\/monde25.info\/index.php\/wp-json\/wp\/v2\/media\/4096"}],"wp:attachment":[{"href":"https:\/\/monde25.info\/index.php\/wp-json\/wp\/v2\/media?parent=4095"}],"wp:term":[{"taxonomy":"category","embeddable":true,"href":"https:\/\/monde25.info\/index.php\/wp-json\/wp\/v2\/categories?post=4095"},{"taxonomy":"post_tag","embeddable":true,"href":"https:\/\/monde25.info\/index.php\/wp-json\/wp\/v2\/tags?post=4095"}],"curies":[{"name":"wp","href":"https:\/\/api.w.org\/{rel}","templated":true}]}}