{"id":4097,"date":"2025-03-09T16:38:45","date_gmt":"2025-03-09T15:38:45","guid":{"rendered":"https:\/\/monde25.info\/index.php\/2025\/03\/09\/syrie-executions-sommaires-de-330-civils-alaouites-depuis-jeudi-appels-de-detresse-contre-lepuration-ethnique\/"},"modified":"2025-03-09T16:38:45","modified_gmt":"2025-03-09T15:38:45","slug":"syrie-executions-sommaires-de-330-civils-alaouites-depuis-jeudi-appels-de-detresse-contre-lepuration-ethnique","status":"publish","type":"post","link":"https:\/\/monde25.info\/index.php\/2025\/03\/09\/syrie-executions-sommaires-de-330-civils-alaouites-depuis-jeudi-appels-de-detresse-contre-lepuration-ethnique\/","title":{"rendered":"Syrie : Ex\u00e9cutions sommaires de 330 civils alaouites depuis jeudi. Appels de d\u00e9tresse contre \u00abl\u2019\u00e9puration ethnique\u00bb"},"content":{"rendered":"<p> <br \/>\n<\/p>\n<div>\n<p>par <strong>Al-Manar<\/strong><\/p>\n<p>Le directeur de l\u2019Observatoire syrien des droits de l\u2019homme a r\u00e9v\u00e9l\u00e9 que 400 personnes au moins ont \u00e9t\u00e9 tu\u00e9es dans les r\u00e9cents \u00e9v\u00e8nements dramatiques survenus dans les r\u00e9gions c\u00f4ti\u00e8res syriennes et le centre des provinces de Lattaqui\u00e9, Tartous et Hama.<\/p>\n<p>Selon lui, 333 civils alaouites au moins ont p\u00e9ri depuis jeudi, dont 162 vendredi dans au moins 5 massacres. Des femmes et des enfants figurent parmi les victimes.<\/p>\n<p>\u00ab<em>La majorit\u00e9 \u00e9crasante des victimes ont succomb\u00e9 dans des ex\u00e9cutions sommaires r\u00e9alis\u00e9es par des \u00e9l\u00e9ments affili\u00e9s au minist\u00e8re de la D\u00e9fense et de la S\u00e9curit\u00e9 int\u00e9rieure<\/em>\u00bb, a pr\u00e9cis\u00e9 l\u2019OSDH qui a qualifi\u00e9 les massacres comme \u00e9tant \u00ab<em>la vengeance collective la plus importante<\/em>\u00bb.<\/p>\n<p>Cette ONG dont le si\u00e8ge se trouve au Royaume-Uni a accus\u00e9 les forces de s\u00e9curit\u00e9 et des \u00e9l\u00e9ments du minist\u00e8re de la D\u00e9fense et des forces alli\u00e9s de crimes de guerre et de violations des droits de l\u2019homme.<\/p>\n<p>Le centre de la Communaut\u00e9 alaouit\u00e9 en Syrie a publi\u00e9 les derniers chiffres encore provisoires sur les civils alaouites tomb\u00e9s en martyrs selon la distribution g\u00e9ographique suivante :<\/p>\n<p><strong>\u2022 <\/strong>164 civils alaouites dont 10 femmes et 5 enfants dans le massacre perp\u00e9tr\u00e9 dans la ville de Banias dans la province de Tartous<\/p>\n<p><strong>\u2022 <\/strong>109 civils alaouites dans la ville de Jableh et environs<\/p>\n<p><strong>\u2022 <\/strong>78 martyrs \u00e0 al-Toweim<\/p>\n<p><strong>\u2022 <\/strong>52 civils alaouites dans le village al-Mokhtariya dans la r\u00e9gion al-Haffa dans la province de Lattaqui\u00e9,<\/p>\n<p><strong>\u2022 <\/strong>29 civils alaouites dans l\u2019ex\u00e9cution collective dans le village al-Chir \u00e9galement dans la province de Lattaqui\u00e9,<\/p>\n<p><strong>\u2022 <\/strong>22 alaouites civils dans des attaques contre le village Qarfis dans la province de Lattaqui\u00e9,<\/p>\n<p><strong>\u2022 <\/strong>19 civils \u00e0 Qardaha<\/p>\n<p><strong>\u2022 <\/strong>19 civils \u00e0 Arza<\/p>\n<p><strong>\u2022 <\/strong>31 civils alaouites dont 9 enfants et 4 femmes dans la province de Hama au centre.<\/p>\n<p>D\u2019autres massacres ont \u00e9t\u00e9 perp\u00e9tr\u00e9s dans la province de Lattaqui\u00e9, dont 7 civils dans le village Baabda, 7 autres tu\u00e9s \u00e0 bout portant d\u2019une balle dans la t\u00eate et la poitrine dans la localit\u00e9 al-Haffa et 2 civils dans la localit\u00e9 Yahmour.<\/p>\n<p>Des m\u00e9decins, femmes et hommes ainsi que des pharmaciens et des pharmaciennes figurent parmi les victimes.<\/p>\n<figure class=\"wp-block-embed is-type-rich is-provider-twitter wp-block-embed-twitter\">\n<div class=\"wp-block-embed__wrapper\">\n<blockquote class=\"twitter-tweet\" data-width=\"550\" data-dnt=\"true\">\n<p lang=\"und\" dir=\"rtl\">Doctors from the <a target=\"_blank\" href=\"https:\/\/twitter.com\/hashtag\/Alawite?src=hash&amp;ref_src=twsrc%5Etfw\">#Alawite<\/a> community were killed today by the herds of the Hay\u2019at Tahrir al-Sham <a target=\"_blank\" href=\"https:\/\/twitter.com\/hashtag\/HTS?src=hash&amp;ref_src=twsrc%5Etfw\">#HTS<\/a> terrorist organization in the <a target=\"_blank\" href=\"https:\/\/twitter.com\/hashtag\/Syrian?src=hash&amp;ref_src=twsrc%5Etfw\">#Syrian<\/a> Coast<\/p>\n<p>\u0623\u0637\u0628\u0627\u0621 \u0648\u0637\u0628\u064a\u0628\u0627\u062a \u0639\u0644\u0648\u064a\u064a\u0646 \u0642\u062a\u0644\u0648\u0627 \u0627\u0644\u064a\u0648\u0645 \u0645\u0646 \u0642\u0628\u0644 \u0642\u0637\u0639\u0627\u0646 \u0647\u064a\u0626\u0629 \u062a\u062d\u0631\u064a\u0631 \u0627\u0644\u0634\u0627\u0645 \u0627\u0644\u0625\u0631\u0647\u0627\u0628\u064a\u0629 <a target=\"_blank\" href=\"https:\/\/t.co\/F9wkkxXJyy\">pic.twitter.com\/F9wkkxXJyy<\/a><\/p>\n<p>\u2014 Syrian Democratic Ob. | \u0627\u0644\u0645\u0631\u0635\u062f \u0627\u0644\u062f\u064a\u0645\u0648\u0642\u0631\u0627\u0637\u064a \u0627\u0644\u0633\u0648\u0631\u064a (@CoastSyrian25) <a target=\"_blank\" href=\"https:\/\/twitter.com\/CoastSyrian25\/status\/1898153466981183977?ref_src=twsrc%5Etfw\">March 7, 2025<\/a><\/p><\/blockquote>\n<\/div>\n<\/figure>\n<p>L\u2019OSDH et des militants ont publi\u00e9 des vid\u00e9os montrant des dizaines de corps en v\u00eatements civils empil\u00e9s dans la cour d\u2019une maison tandis que des femmes pleuraient \u00e0 proximit\u00e9.<\/p>\n<p>Dans une autre vid\u00e9o, des hommes en tenue militaire apparaissent en train d\u2019ordonner \u00e0 trois personnes de ramper l\u2019une derri\u00e8re l\u2019autre avant de leur tirer dessus \u00e0 bout portant.<\/p>\n<p>Une troisi\u00e8me s\u00e9quence montre un homme arm\u00e9 en train de tirer \u00e0 plusieurs reprises \u00e0 bout portant sur un jeune homme en tenue civile \u00e0 l\u2019entr\u00e9e d\u2019un b\u00e2timent, avant de l\u2019abattre.<\/p>\n<p>Sur les r\u00e9seaux sociaux ont \u00e9t\u00e9 diffus\u00e9es les images de largage de tonneaux d\u2019explosifs sur les habitants des r\u00e9gions c\u00f4ti\u00e8res depuis des h\u00e9licopt\u00e8res des forces arm\u00e9es du pouvoir en place.<\/p>\n<figure class=\"wp-block-embed is-type-rich is-provider-twitter wp-block-embed-twitter\">\n<div class=\"wp-block-embed__wrapper\">\n<blockquote class=\"twitter-tweet\" data-width=\"550\" data-dnt=\"true\">\n<p lang=\"ar\" dir=\"rtl\">\u0633\u0648\u0631\u064a\u0627<br \/>\ud83d\udd34\u063a\u064a\u0631 \u0639\u0627\u062f\u064a \u0625\u0637\u0644\u0627\u0642\u0627\u064b <br \/>\u0639\u0644\u0649 \u063a\u0631\u0627\u0631 \u0627\u0644\u062c\u064a\u0634 \u0627\u0644\u0633\u0627\u0628\u0642.. \u0627\u0644\u0642\u0648\u0627\u062a \u0627\u0644\u0633\u0648\u0631\u064a\u0629 \u0627\u0644\u062b\u0648\u0631\u064a\u0629 \u062a\u0633\u062a\u062e\u062f\u0645 \u0627\u0644\u0628\u0631\u0627\u0645\u064a\u0644 \u0627\u0644\u0645\u062a\u0641\u062c\u0631\u0629 \u0636\u062f \u0633\u0643\u0627\u0646 \u0627\u0644\u0633\u0627\u062d\u0644 \u0627\u0644\u063a\u0631\u0628\u064a.<\/p>\n<p>\u062a\u0642\u0648\u0644 \u0625\u062f\u0627\u0631\u0629 \u0633\u0648\u0631\u064a\u0627 \u0627\u0644\u062c\u062f\u064a\u062f\u0629 \u0625\u0646\u0647\u0627 \u062a\u0642\u0635\u0641 \u0645\u0633\u0644\u062d\u064a\u0646 \u0645\u0646 \u0627\u062a\u0628\u0627\u0639 \u0627\u0644\u0623\u0633\u062f\u060c \u0641\u064a \u064a\u0642\u0648\u0644 \u0633\u0643\u0627\u0646 \u0627\u0644\u0633\u0627\u062d\u0644  \u0625\u0646\u0647 \u064a\u062a\u0645 \u0642\u0635\u0641 \u0627\u0644\u0645\u062f\u0646\u064a\u064a\u0646.<\/p>\n<p>_ \u0625\u0639\u0644\u0627\u0645 \u0633\u0648\u0631\u064a \u0645\u0624\u064a\u062f \u0648\u0645\u0639\u0627\u0631\u0636 <a target=\"_blank\" href=\"https:\/\/t.co\/pVvfD7inAQ\">pic.twitter.com\/pVvfD7inAQ<\/a><\/p>\n<p>\u2014 \u0627\u0644\u0635\u064a\u0646 \u0628\u0627\u0644\u0639\u0631\u0628\u064a\u0629 (@mog_china) <a target=\"_blank\" href=\"https:\/\/twitter.com\/mog_china\/status\/1898050775882018927?ref_src=twsrc%5Etfw\">March 7, 2025<\/a><\/p><\/blockquote>\n<\/div>\n<\/figure>\n<p>Dans le gouvernorat de Hama, un religieux, cheikh Chaabane Mansour et son fils ont \u00e9t\u00e9 \u00e9limin\u00e9s apr\u00e8s avoir \u00e9t\u00e9 arr\u00eat\u00e9s dans le village Salhab. Le Conseil supr\u00eame islamique de la communaut\u00e9 alaouite a assur\u00e9 que ce religieux \u00e2g\u00e9 de plus de 90 ans \u00e9tait incapable de parler et se d\u00e9pla\u00e7ait avec difficult\u00e9. (\u00e0 gauche)<\/p>\n<h5 class=\"wp-block-heading\"><strong>Les r\u00e9gions alaouites vis\u00e9es<\/strong><\/h5>\n<p>Depuis la chute d\u2019Assad, les nouvelles autorit\u00e9s syriennes ont lanc\u00e9 des op\u00e9rations visant \u00e0 \u00e9radiquer les \u00abrestes du r\u00e9gime\u00bb, ciblant en particulier les r\u00e9gions alaouites de l\u2019ouest et du centre du pays.<\/p>\n<p>Des habitants et organisations d\u00e9noncent r\u00e9guli\u00e8rement des exactions \u2013 confiscation de maisons, ex\u00e9cutions sommaires ou enl\u00e8vements \u2013 que les autorit\u00e9s qualifient d\u2019\u00abincidents isol\u00e9s\u00bb, promettant de poursuivre leurs auteurs mais les laissant faire en toute impunit\u00e9.<\/p>\n<p>Jeudi, la tension est mont\u00e9e \u00e0 Beit Aana, village de la r\u00e9gion de Jableh, lorsque des habitants ont emp\u00each\u00e9 l\u2019arrestation d\u2019une personne suspect\u00e9e de trafic d\u2019armes, selon l\u2019OSDH.<\/p>\n<figure class=\"wp-block-embed is-type-rich is-provider-twitter wp-block-embed-twitter\"\/>\n<p>Les forces de s\u00e9curit\u00e9 ont ensuite lanc\u00e9 une op\u00e9ration, \u00e9maill\u00e9e d\u2019affrontements avec des personnes arm\u00e9es dont l\u2019identit\u00e9 reste inconnue.<\/p>\n<p>Selon Sana, \u00ab<em>des hommes arm\u00e9s ont tir\u00e9 sur des membres et des v\u00e9hicules du minist\u00e8re de la D\u00e9fense, pr\u00e8s du village, faisant un mort (du c\u00f4t\u00e9 des forces de s\u00e9curit\u00e9, NDLR) et plusieurs bless\u00e9s<\/em>\u00bb.<\/p>\n<p>Les autorit\u00e9s ont ensuite men\u00e9 des tirs d\u2019h\u00e9licopt\u00e8re sur des hommes arm\u00e9s dans le village de Beit Aana et les for\u00eats environnantes, et des tirs d\u2019artillerie sur un village voisin, selon l\u2019OSDH. D\u00e9non\u00e7ant des raids contre des habitations civiles, des chefs religieux alaouites \u00e0 appeler \u00e0 des \u00abmanifestations pacifiques\u00bb vendredi.<\/p>\n<p>L\u2019OSDH a recens\u00e9 213 tu\u00e9s parmi les hommes arm\u00e9s, dont 93 membres des deux minist\u00e8res de la D\u00e9fense et de l\u2019Int\u00e9rieur et 120 des groupes arm\u00e9s.<\/p>\n<p>Vendredi soir, le pr\u00e9sident syrien, Ahmad al-Charaa (Chareh), a appel\u00e9 \u00ab<em>les insurg\u00e9s alaouites \u00e0 d\u00e9poser les armes avant qu\u2019il ne soit trop tard<\/em>\u00bb. \u00ab<em>Nous continuerons \u00e0 \u0153uvrer au monopole des armes entre les mains de l\u2019\u00c9tat<\/em>\u00bb, a-t-il ajout\u00e9 dans un discours.<\/p>\n<h5 class=\"wp-block-heading\"><strong>\u00c9puration ethnique communautaire<\/strong><\/h5>\n<p>Ce samedi, l\u2019ODSH a signal\u00e9 un \u00ab<em>retour au calme relatif<\/em>\u00bb dans la r\u00e9gion apr\u00e8s 48 heures d\u2019affrontements, tout en pr\u00e9cisant que les forces de s\u00e9curit\u00e9 poursuivaient leur \u00ab<em>ratissage dans les zones o\u00f9 se retranchent les hommes arm\u00e9s<\/em>\u00bb, avec l\u2019envoi de renforts.<\/p>\n<p>T\u00f4t samedi, l\u2019agence de presse officielle syrienne Sana a rapport\u00e9 que les forces de s\u00e9curit\u00e9 avaient repouss\u00e9 \u00ab<em>une attaque men\u00e9e par les r\u00e9sidus du r\u00e9gime d\u00e9chu<\/em>\u00bb visant l\u2019h\u00f4pital national dans la ville de Lattaqui\u00e9.<\/p>\n<p>Les habitants de la ville de Banias ont lanc\u00e9 un appel de d\u00e9tresse accusant des miliciens du Parti islamiste turkestan de lancer depuis le matin de ce samedi \u00ab<em>une op\u00e9ration d\u2019\u00e9puration ethnique communautaire<\/em>\u00bb. Ils ont demand\u00e9 aux forces de s\u00e9curit\u00e9 d\u2019intervenir pour la faire cesser.<\/p>\n<p>Selon le m\u00e9dias libanais, des centaines de Syriens se sont r\u00e9fugi\u00e9s au nord du Liban, notamment dans la r\u00e9gion de Akkar et \u00e0 Jabal Mohsen.<\/p>\n<p>source : <a target=\"_blank\" href=\"https:\/\/french.almanar.com.lb\/3203708\" target=\"_blank\" rel=\"noopener\" title=\"\">Al-Manar<\/a><\/p>\n<div class=\"sharedaddy sd-block sd-like jetpack-likes-widget-wrapper jetpack-likes-widget-unloaded\" id=\"like-post-wrapper-237719536-446910-67cda3a31958a\" data-src=\"https:\/\/widgets.wp.com\/likes\/?ver=14.2.1#blog_id=237719536&amp;post_id=446910&amp;origin=reseauinternational.net&amp;obj_id=237719536-446910-67cda3a31958a&amp;n=1\" data-name=\"like-post-frame-237719536-446910-67cda3a31958a\" data-title=\"Aimer ou rebloguer\">\n<h3 class=\"sd-title\">J\u2019aime \u00e7a\u00a0:<\/h3>\n<p><span class=\"button\"><span>J\u2019aime<\/span><\/span> <span class=\"loading\">chargement\u2026<\/span><\/p>\n<p><span class=\"sd-text-color\"\/><a target=\"_blank\" class=\"sd-link-color\"\/><\/div>\n<p><meta itemscope=\"\" itemprop=\"mainEntityOfPage\" itemtype=\"https:\/\/schema.org\/WebPage\" itemid=\"https:\/\/reseauinternational.net\/syrie-executions-sommaires-de-330-civils-alaouites-depuis-jeudi-appels-de-detresse-contre-lepuration-ethnique\/\"\/><meta itemprop=\"headline\" content=\"Syrie : Ex\u00e9cutions sommaires de 330 civils alaouites depuis jeudi. Appels de d\u00e9tresse contre \u00abl\u2019\u00e9puration ethnique\u00bb\"\/><span style=\"display: none;\" itemprop=\"author\" itemscope=\"\" itemtype=\"https:\/\/schema.org\/Person\"><meta itemprop=\"name\" content=\"R\u00e9seau International\"\/><\/span><span style=\"display: none;\" itemprop=\"image\" itemscope=\"\" itemtype=\"https:\/\/schema.org\/ImageObject\"><meta itemprop=\"url\" content=\"https:\/\/i0.wp.com\/reseauinternational.net\/wp-content\/uploads\/2025\/03\/Sans-titre-30-1.png?fit=800%2C467&amp;quality=100&amp;ssl=1\"\/><meta itemprop=\"width\" content=\"800\"\/><meta itemprop=\"height\" content=\"467\"\/><\/span><span style=\"display: none;\" itemprop=\"publisher\" itemscope=\"\" itemtype=\"https:\/\/schema.org\/Organization\"><span style=\"display: none;\" itemprop=\"logo\" itemscope=\"\" itemtype=\"https:\/\/schema.org\/ImageObject\"><meta itemprop=\"url\" content=\"https:\/\/reseauinternational.net\/wp-content\/uploads\/2022\/06\/Capture-de\u0301cran-2022-06-14-a\u0300-16.51.07.png\"\/><\/span><meta itemprop=\"name\" content=\"R\u00e9seau International\"\/><\/span><meta itemprop=\"datePublished\" content=\"2025-03-09T12:11:57+00:00\"\/><meta itemprop=\"dateModified\" content=\"2025-03-09T12:12:53+00:00\"\/><\/div>\n<p><script async src=\"\/\/platform.twitter.com\/widgets.js\" charset=\"utf-8\"><\/script><br \/>\n<br \/><br \/>\n<br \/><a href=\"https:\/\/reseauinternational.net\/syrie-executions-sommaires-de-330-civils-alaouites-depuis-jeudi-appels-de-detresse-contre-lepuration-ethnique\/\" target=\"_blank\"\">Source link <\/a><\/p>\n","protected":false},"excerpt":{"rendered":"<p>par Al-Manar Le directeur de l\u2019Observatoire syrien des droits de l\u2019homme a r\u00e9v\u00e9l\u00e9 que 400 personnes au moins ont \u00e9t\u00e9 tu\u00e9es dans les r\u00e9cents \u00e9v\u00e8nements dramatiques survenus dans les r\u00e9gions&hellip; <\/p>\n","protected":false},"author":1,"featured_media":4098,"comment_status":"open","ping_status":"open","sticky":false,"template":"","format":"standard","meta":{"footnotes":""},"categories":[1],"tags":[],"class_list":["post-4097","post","type-post","status-publish","format-standard","has-post-thumbnail","hentry","category-non-classe"],"_links":{"self":[{"href":"https:\/\/monde25.info\/index.php\/wp-json\/wp\/v2\/posts\/4097","targetHints":{"allow":["GET"]}}],"collection":[{"href":"https:\/\/monde25.info\/index.php\/wp-json\/wp\/v2\/posts"}],"about":[{"href":"https:\/\/monde25.info\/index.php\/wp-json\/wp\/v2\/types\/post"}],"author":[{"embeddable":true,"href":"https:\/\/monde25.info\/index.php\/wp-json\/wp\/v2\/users\/1"}],"replies":[{"embeddable":true,"href":"https:\/\/monde25.info\/index.php\/wp-json\/wp\/v2\/comments?post=4097"}],"version-history":[{"count":0,"href":"https:\/\/monde25.info\/index.php\/wp-json\/wp\/v2\/posts\/4097\/revisions"}],"wp:featuredmedia":[{"embeddable":true,"href":"https:\/\/monde25.info\/index.php\/wp-json\/wp\/v2\/media\/4098"}],"wp:attachment":[{"href":"https:\/\/monde25.info\/index.php\/wp-json\/wp\/v2\/media?parent=4097"}],"wp:term":[{"taxonomy":"category","embeddable":true,"href":"https:\/\/monde25.info\/index.php\/wp-json\/wp\/v2\/categories?post=4097"},{"taxonomy":"post_tag","embeddable":true,"href":"https:\/\/monde25.info\/index.php\/wp-json\/wp\/v2\/tags?post=4097"}],"curies":[{"name":"wp","href":"https:\/\/api.w.org\/{rel}","templated":true}]}}