{"id":4099,"date":"2025-03-09T17:11:41","date_gmt":"2025-03-09T16:11:41","guid":{"rendered":"https:\/\/monde25.info\/index.php\/2025\/03\/09\/quid-derriere-la-defense-europeenne-de-macron\/"},"modified":"2025-03-09T17:11:41","modified_gmt":"2025-03-09T16:11:41","slug":"quid-derriere-la-defense-europeenne-de-macron","status":"publish","type":"post","link":"https:\/\/monde25.info\/index.php\/2025\/03\/09\/quid-derriere-la-defense-europeenne-de-macron\/","title":{"rendered":"Quid derri\u00e8re la \u00ab d\u00e9fense europ\u00e9enne \u00bb de Macron ?"},"content":{"rendered":"<p> <br \/>\n<\/p>\n<div>\n<p>Les propos d\u2019E. Macron sur la d\u00e9fense europ\u00e9enne, sur l\u2019\u00e9pouvantable et calamiteux r\u00e9gime russe potentiellement \u00e0 deux pas de la tour Eiffel, sur le partage de la dissuasion nucl\u00e9aire qui aura \u00e9t\u00e9 fran\u00e7aise,\u2026 sont mati\u00e8re \u00e0 paraphrases ( exercice pris\u00e9 par les animateurs des m\u00e9dias dominants) ; et alimentent des appr\u00e9ciations dans tous les sens de ceux qui, sp\u00e9cialistes de plateaux, y occupent leur temps en donnant leur opinion (ou celle qui convient) devant des cam\u00e9ras\u2026\u00a0<\/p>\n<p>R\u00e9p\u00e9titions qui ne sont \u00e9videmment pas inutiles pour faire entrer, comme le savent et le pratiquent les sp\u00e9cialistes de la \u00ab\u00a0communication\u00a0\u00bb, ce \u00ab qu\u2019il faut\u00a0\u00bb dans les cerveaux.\u00a0<\/p>\n<p>Il serait cependant int\u00e9ressant, nous semble-t-il, d\u2019essayer de mettre ces propos en relation avec le contexte et les r\u00e9alit\u00e9s connues par ailleurs (1). Pour en d\u00e9couvrir les int\u00e9r\u00eats pratiques potentiels pour les affaires.<\/p>\n<p>D\u00e9marche d\u2019autant plus fond\u00e9e, que pour certains, E. Macron serait un \u00ab\u00a0pr\u00e9sident de la R\u00e9publique avec un cerveau d\u2019homme d\u2019affaires\u00a0\u00bb (2).\u00a0<\/p>\n<p>Avec les d\u00e9cisions prises par D. Trump (3) les USA renoncent \u00e0 installer en Ukraine des missiles qui auraient \u00e9t\u00e9 point\u00e9s sur la Russie, s\u2019ouvrent des perspectives :\u00a0<\/p>\n<ul>\n<li>Ceux qui fournissaient des armes \u00e0 l\u2019Ukraine ne le peuvent plus ? Le d\u00e9bouch\u00e9 est \u00e0 prendre (surtout si l\u2019on arrive \u00e0 faire se continuer les hostilit\u00e9s).<\/li>\n<li>Le pr\u00e9sident am\u00e9ricain prend des distances par rapport \u00e0 l\u2019OTAN ? Cela ouvre ipso facto des march\u00e9s extraordinaires \u00e0 des fournisseurs d\u2019avions, de chars, de canons, d\u2019engins divers et de munitions devant \u00eatre conclus avec l\u2019entit\u00e9 gouvernementale europ\u00e9enne.\u00a0<\/li>\n<\/ul>\n<p>Certes les entreprises am\u00e9ricaines pourront remporter des contrats (comme elles l&rsquo;ont fait jusqu\u2019\u00e0 maintenant) (4). Mais les entreprises fran\u00e7aises ou d\u2019autres pays d\u2019Europe, si les n\u00e9gociateurs et interm\u00e9diaires le d\u00e9cident, peuvent avoir la priorit\u00e9.\u00a0<\/p>\n<p>Et \u00e9videmment, mettre sur pied une organisation militaire \u00ab\u00a0europ\u00e9enne\u00a0\u00bb &#8211; et en donner la direction \u00e0 la \u00ab\u00a0Commission\u00a0\u00bb &#8211; constitue une autre bonne \u00ab\u00a0affaire\u00a0\u00bb. Puisque l\u2019op\u00e9ration renforce, en lui donnant encore plus de pouvoirs, le syst\u00e8me mis en place au profit de certains acteurs\u2026 \u00e9conomiques\u00a0<\/p>\n<p>Si l\u2019on remonte en effet un peu dans le temps ( fin de la derni\u00e8re guerre mondiale) on se rappelle que les lobbys financiers et industriels &#8211; am\u00e9ricains -, ont r\u00e9ussi le tour de force de faire mettre en place (avec la complicit\u00e9 de politiciens locaux, et par la manipulation des citoyens) sur l\u2019espace g\u00e9ographique de l\u2019Europe de l\u2019Ouest, un r\u00e9gime politique\u2026 d\u2019un nouveau genre. R\u00e9gime qui s\u2019oppose tr\u00e8s exactement \u00e0 chacun des trois piliers du gouvernement \u00ab\u00a0d\u00e9mocratique\u00a0\u00bb(gouvernement \u00ab\u00a0du\u00a0\u00bb peuple, \u00ab\u00a0par\u00a0\u00bb le peuple, \u00ab\u00a0pour\u00a0\u00bb le peuple). En effet :\u00a0<\/p>\n<ul>\n<li>Le gouvernement devient un organisme sui generis (\u00ab\u00a0Haute Autorit\u00e9\u00a0\u00bb &#8211; du ballon d\u2019essai de la CECA- ; \u00ab\u00a0Commission\u00a0\u00bb de l\u2019Union europ\u00e9enne) dont les membres se cooptent parmi les convaincus ou des gens de connivence. Ce n\u2019est plus le gouvernement \u00ab\u00a0du\u00a0\u00bb peuple.<\/li>\n<li>La politique devant \u00eatre men\u00e9e est fix\u00e9e dans des textes non modifiables par les peuples (trait\u00e9s et d\u00e9cisions de la \u00ab\u00a0Commission\u00a0\u00bb). Et non \u00ab\u00a0par\u00a0\u00bb le peuple.<\/li>\n<li>Le contenu de cette politique vise \u00e0 permettre la libre circulation des capitaux et la libert\u00e9 de l\u2019activit\u00e9 industrielle et commerciale\u2026 Qui ne sont, par d\u00e9finition, pas imagin\u00e9es \u00ab\u00a0pour le peuple\u00a0\u00bb (6).\u00a0<\/li>\n<\/ul>\n<p>Sans pour autant (si l\u2019on se r\u00e9f\u00e8re aux op\u00e9rations militaires \u00e0 r\u00e9p\u00e9tition men\u00e9es en Europe et par des Etats de l\u2019Europe) que cette nouvelle organisation prot\u00e8ge les peuples de devoir envoyer leurs enfants \u00e0 mourir\u2026 au nom de la paix.\u00a0<\/p>\n<p>Marcel-M. MONIN<\/p>\n<p>ancien ma\u00eetre de conf\u00e9rences des universit\u00e9s<\/p>\n<p>Pr\u00e9sident honoraire de l\u2019Association des Hautes \u00c9tudes Internationales<\/p>\n<p><em>(1) et non de se contenter de trouver dans les propos et l\u2019attitude du personnage une explication d\u2019ordre exclusivement psychologique.\u00a0<\/em><\/p>\n<p><em>(2) Et qu&rsquo;\u00e0 cet \u00e9gard, ce seraient pr\u00e9cis\u00e9ment des talents de ce genre qui auraient \u00e9t\u00e9 remarqu\u00e9s lorsqu\u2019il pantoufla sans attendre dans une banque prestigieuse. Et s\u2019y montra efficace. Talents dont s\u2019agit qui lui auraient valu d\u2019\u00eatre choisi comme candidat \u00e0 la pr\u00e9sidence de la R\u00e9publique, et d\u2019\u00eatre \u00e9paul\u00e9 comme il faut pour que son nom sorte des urnes. Talents en revanche inop\u00e9rants ou de peu d\u2019efficacit\u00e9 dans d\u2019autres domaines.\u00a0<\/em><\/p>\n<p><em>(3) D. Trump serait plut\u00f4t\u2026 \u00ab\u00a0un homme d\u2019affaires, avec des tripes de pr\u00e9sident de la R\u00e9publique\u00a0\u00bb. Le \u00ab\u00a0coup\u00a0\u00bb qu\u2019il a fait \u00e0 certains hommes d\u2019affaires &#8211; int\u00e9ress\u00e9s par le commerce des armes- , pouvant lui co\u00fbter cher. (On se rappelle ce qu\u2019il advint \u00e0 J.-F. Kennedy qui contraria certains int\u00e9r\u00eats mat\u00e9riels)<\/em><\/p>\n<p>(4<em>) Les affaires ne souffrent pas de pudeurs nationalistes, \u00e9thiques ou autres. On l\u2019a vu lorsque E. Macron, qui fut d\u2019abord plac\u00e9 chez F. Hollande, pr\u00e9sida \u00e0 la vente d\u2019Alstom &#8211; malgr\u00e9 les cons\u00e9quences potentielles pour les int\u00e9r\u00eats fran\u00e7ais- \u00e0 des financiers am\u00e9ricains.\u00a0<\/em>\u00a0<\/p>\n<p><em>(5) NB. Quant \u00e0 la mise de la force de frappe nucl\u00e9aire fran\u00e7aise dans un \u00ab\u00a0pot commun\u00a0\u00bb, comme annonc\u00e9 par E. Macron, elle fournit m\u00e9caniquement un \u00e9l\u00e9ment de marchandage pour l\u2019attribution de certains contrats. Si le n\u00e9gociateur fran\u00e7ais, ind\u00e9pendamment de tout int\u00e9r\u00eat pour la d\u00e9fense proprement dite de la population fran\u00e7aise, est habile ; et s\u2019il d\u00e9cide d\u2019utiliser ce moyen de n\u00e9gociation avec les partenaires.<\/em><\/p>\n<p><em>(6) On comprend que les virtuoses des affaires et autre Mozart de la finance, r\u00e9clament \u00ab\u00a0plus d\u2019Europe\u00a0\u00bb et une nouvelle mouture de la notion de \u00ab\u00a0souverainet\u00e9\u00a0\u00bb. Souverainet\u00e9 dite \u00ab\u00a0europ\u00e9enne\u00a0\u00bb dont il faudrait mettre l\u2019usage entre les mains des gens de la \u00ab\u00a0Commission\u00a0\u00bb.<\/em><\/p>\n<p>\u00a0<\/p>\n<\/div>\n<p><script>(function(d, s, id) {  var js, fjs = d.getElementsByTagName(s)[0];  if (d.getElementById(id)) return;  js = d.createElement(s); js.id = id;  js.src = \"\/\/connect.facebook.net\/fr_FR\/sdk.js#xfbml=1&version=v2.3\";  fjs.parentNode.insertBefore(js, fjs);}(document, \"script\", \"facebook-jssdk\"));<\/script><br \/>\n<br \/><br \/>\n<br \/><a href=\"https:\/\/www.francesoir.fr\/opinions-tribunes\/quid-derriere-la-defense-europeenne-de-macron\" target=\"_blank\"\">Source link <\/a><\/p>\n","protected":false},"excerpt":{"rendered":"<p>Les propos d\u2019E. Macron sur la d\u00e9fense europ\u00e9enne, sur l\u2019\u00e9pouvantable et calamiteux r\u00e9gime russe potentiellement \u00e0 deux pas de la tour Eiffel, sur le partage de la dissuasion nucl\u00e9aire qui&hellip; <\/p>\n","protected":false},"author":1,"featured_media":4100,"comment_status":"open","ping_status":"open","sticky":false,"template":"","format":"standard","meta":{"footnotes":""},"categories":[1],"tags":[],"class_list":["post-4099","post","type-post","status-publish","format-standard","has-post-thumbnail","hentry","category-non-classe"],"_links":{"self":[{"href":"https:\/\/monde25.info\/index.php\/wp-json\/wp\/v2\/posts\/4099","targetHints":{"allow":["GET"]}}],"collection":[{"href":"https:\/\/monde25.info\/index.php\/wp-json\/wp\/v2\/posts"}],"about":[{"href":"https:\/\/monde25.info\/index.php\/wp-json\/wp\/v2\/types\/post"}],"author":[{"embeddable":true,"href":"https:\/\/monde25.info\/index.php\/wp-json\/wp\/v2\/users\/1"}],"replies":[{"embeddable":true,"href":"https:\/\/monde25.info\/index.php\/wp-json\/wp\/v2\/comments?post=4099"}],"version-history":[{"count":0,"href":"https:\/\/monde25.info\/index.php\/wp-json\/wp\/v2\/posts\/4099\/revisions"}],"wp:featuredmedia":[{"embeddable":true,"href":"https:\/\/monde25.info\/index.php\/wp-json\/wp\/v2\/media\/4100"}],"wp:attachment":[{"href":"https:\/\/monde25.info\/index.php\/wp-json\/wp\/v2\/media?parent=4099"}],"wp:term":[{"taxonomy":"category","embeddable":true,"href":"https:\/\/monde25.info\/index.php\/wp-json\/wp\/v2\/categories?post=4099"},{"taxonomy":"post_tag","embeddable":true,"href":"https:\/\/monde25.info\/index.php\/wp-json\/wp\/v2\/tags?post=4099"}],"curies":[{"name":"wp","href":"https:\/\/api.w.org\/{rel}","templated":true}]}}