{"id":41,"date":"2024-11-13T23:44:46","date_gmt":"2024-11-13T22:44:46","guid":{"rendered":"https:\/\/monde25.info\/index.php\/2024\/11\/13\/faut-il-qualifier-penalement-les-feminicides-par-laurene-daycard-le-monde-diplomatique-novembre-2024\/"},"modified":"2024-11-13T23:44:46","modified_gmt":"2024-11-13T22:44:46","slug":"faut-il-qualifier-penalement-les-feminicides-par-laurene-daycard-le-monde-diplomatique-novembre-2024","status":"publish","type":"post","link":"https:\/\/monde25.info\/index.php\/2024\/11\/13\/faut-il-qualifier-penalement-les-feminicides-par-laurene-daycard-le-monde-diplomatique-novembre-2024\/","title":{"rendered":"Faut-il qualifier p\u00e9nalement les f\u00e9minicides ?, par Laur\u00e8ne Daycard (Le Monde diplomatique, novembre 2024)"},"content":{"rendered":"<p> <br \/>\n<\/p>\n<div couleurfade=\"f7e7e5\" couleurclaire=\"f3dad7\" couleurpale=\"f0afa7\" couleurmi=\"9e3a2d\" couleurfoncee=\"861f12\" couleursombre=\"270e0b\" couleurfond=\"6f504c\" couleurtexte=\"ffffff\">\n<div class=\"enapercu\">\n<figure class=\"spip_document_33709 spip_documents spip_documents_center justecol\" style=\"width:650px;\">\n<div class=\"limage\">\n<p>\t\t\t<img loading=\"lazy\" decoding=\"async\" src=\"https:\/\/www.monde-diplomatique.fr\/\/local\/cache-vignettes\/L650xH862\/22-7-f090a.jpg?1730218723\" width=\"650\" height=\"862\" class=\"spip_logos\" alt=\"JPEG - 132.6\u00a0ko\"\/><\/p><\/div><figcaption>\n<p>Ruth Marten. \u2013 \u00ab<small class=\"fine\">\u00a0<\/small>#46<small class=\"fine\">\u00a0<\/small>\u00bb, de la s\u00e9rie \u00ab<small class=\"fine\">\u00a0<\/small>All About Eve<small class=\"fine\">\u00a0<\/small>\u00bb (Tout sur \u00c8ve), 2024<\/p>\n<\/figcaption><\/figure>\n<p><span class=\"mot-lettrine\"><span class=\"lettrine\">\u00c0<\/span><\/span> Paris, de Nation jusqu\u2019\u00e0 R\u00e9publique, plusieurs dizaines de milliers de personnes ont d\u00e9fil\u00e9 le 25\u00a0novembre\u00a02023 pour la Journ\u00e9e internationale de lutte contre les violences faites aux femmes. Dans son appel \u00e0 manifester, #NousToutes, l\u2019un des collectifs organisateurs, revendique l\u2019inscription des f\u00e9minicides dans le code p\u00e9nal. <i>\u00ab<small class=\"fine\">\u00a0<\/small>Qualifier p\u00e9nalement le f\u00e9minicide, c\u2019est une \u00e9tape symbolique extr\u00eamement importante<small class=\"fine\">\u00a0<\/small>\u00bb,<\/i> mart\u00e8le Mme\u00a0Ma\u00eblle Noir, membre de la coordination nationale de #NousToutes. Paradoxalement, alors que le f\u00e9minicide n\u2019a jamais autant occup\u00e9 l\u2019espace m\u00e9diatique et politique, les structures qui militent activement pour son incrimination restent assez minoritaires\u00a0: ONU Femmes France a lanc\u00e9 sur les r\u00e9seaux sociaux le mot-clic #LeFeminicideDansLaLoi en 2019, Osez le f\u00e9minisme<small class=\"fine\">\u00a0<\/small>! (OLF) reste sur la m\u00eame ligne depuis la diffusion de sa p\u00e9tition \u00ab<small class=\"fine\">\u00a0<\/small>Reconnaissons le f\u00e9minicide<small class=\"fine\">\u00a0<\/small>\u00bb, en 2014.<\/p>\n<p>Mais la plupart des grandes associations fran\u00e7aises de lutte contre les violences intrafamiliales, celles-l\u00e0 m\u00eames qui se sont mobilis\u00e9es pour renforcer l\u2019arsenal juridique au cours des trente derni\u00e8res ann\u00e9es, ne se mobilisent pour l\u2019instant pas pour une inscription dans le code p\u00e9nal. <i>\u00ab<small class=\"fine\">\u00a0<\/small>Je n\u2019ai pas de position claire,<\/i> admet Mme\u00a0Ernestine Ronai, responsable de l\u2019Observatoire des violences envers les femmes de Seine-Saint-Denis, jointe par t\u00e9l\u00e9phone \u00e0 l\u2019automne\u00a02023. <i>Aujourd\u2019hui, l\u2019enjeu essentiel pour moi, c\u2019est la question de l\u2019exercice de l\u2019autorit\u00e9 parentale lorsque l\u2019un des parents a tu\u00e9 l\u2019autre.<small class=\"fine\">\u00a0<\/small>\u00bb<\/i> Contact\u00e9e \u00e0 la m\u00eame p\u00e9riode, Mme\u00a0Cl\u00e9mence Pajot, la directrice g\u00e9n\u00e9rale de la F\u00e9d\u00e9ration nationale des centres d\u2019information sur les droits des femmes et des familles, rench\u00e9rit\u00a0: <i>\u00ab<small class=\"fine\">\u00a0<\/small>Le premier enjeu, c\u2019est de faire \u0153uvre de p\u00e9dagogie, notamment \u00e0 travers la formation des personnels de police-justice.<small class=\"fine\">\u00a0<\/small>\u00bb<\/i> Et, m\u00eame si un tel projet semble <i>\u00ab<small class=\"fine\">\u00a0<\/small>tr\u00e8s fort sur le plan symbolique<small class=\"fine\">\u00a0<\/small>\u00bb,<\/i> la directrice a aussi conscience des enjeux constitutionnels que cela implique.<\/p>\n<p><i>\u00ab<small class=\"fine\">\u00a0<\/small>Quid de la rupture\u00a0(&#8230;)<\/i><\/p>\n<\/p><\/div>\n<p>Taille de l\u2019article complet\u00a0:\u00a0<span>1\u00a0282<\/span>\u00a0mots.<\/p>\n<div class=\"promo_dispo_article\">\n<h2 class=\"avantbloc\">\n\tCet article est r\u00e9serv\u00e9 aux\u00a0abonn\u00e9s<\/p>\n<\/h2>\n<div class=\"abo_inst\">\n\t<strong>Lyc\u00e9es, biblioth\u00e8ques, administrations, entreprises,<\/strong><br \/>\n\tacc\u00e9dez \u00e0 la base de donn\u00e9es en ligne de tous les articles du <i>Monde diplomatique<\/i> de 1954 \u00e0 nos\u00a0jours.<br \/>\n\t<a target=\"_blank\" id=\"pw-institutions\" class=\"suivi\" href=\"https:\/\/www.monde-diplomatique.fr\/archives\/institutions\">Retrouvez cette\u00a0offre sp\u00e9cifique<\/a>.\n<\/div>\n<\/div><\/div>\n<p><br \/>\n<br \/><a href=\"https:\/\/www.monde-diplomatique.fr\/2024\/11\/DAYCARD\/67742\" target=\"_blank\"\">Source link <\/a><\/p>\n","protected":false},"excerpt":{"rendered":"<p>Ruth Marten. \u2013 \u00ab\u00a0#46\u00a0\u00bb, de la s\u00e9rie \u00ab\u00a0All About Eve\u00a0\u00bb (Tout sur \u00c8ve), 2024 \u00c0 Paris, de Nation jusqu\u2019\u00e0 R\u00e9publique, plusieurs dizaines de milliers de personnes ont d\u00e9fil\u00e9 le 25\u00a0novembre\u00a02023&hellip; <\/p>\n","protected":false},"author":1,"featured_media":42,"comment_status":"open","ping_status":"open","sticky":false,"template":"","format":"standard","meta":{"footnotes":""},"categories":[1],"tags":[],"class_list":["post-41","post","type-post","status-publish","format-standard","has-post-thumbnail","hentry","category-non-classe"],"_links":{"self":[{"href":"https:\/\/monde25.info\/index.php\/wp-json\/wp\/v2\/posts\/41","targetHints":{"allow":["GET"]}}],"collection":[{"href":"https:\/\/monde25.info\/index.php\/wp-json\/wp\/v2\/posts"}],"about":[{"href":"https:\/\/monde25.info\/index.php\/wp-json\/wp\/v2\/types\/post"}],"author":[{"embeddable":true,"href":"https:\/\/monde25.info\/index.php\/wp-json\/wp\/v2\/users\/1"}],"replies":[{"embeddable":true,"href":"https:\/\/monde25.info\/index.php\/wp-json\/wp\/v2\/comments?post=41"}],"version-history":[{"count":0,"href":"https:\/\/monde25.info\/index.php\/wp-json\/wp\/v2\/posts\/41\/revisions"}],"wp:featuredmedia":[{"embeddable":true,"href":"https:\/\/monde25.info\/index.php\/wp-json\/wp\/v2\/media\/42"}],"wp:attachment":[{"href":"https:\/\/monde25.info\/index.php\/wp-json\/wp\/v2\/media?parent=41"}],"wp:term":[{"taxonomy":"category","embeddable":true,"href":"https:\/\/monde25.info\/index.php\/wp-json\/wp\/v2\/categories?post=41"},{"taxonomy":"post_tag","embeddable":true,"href":"https:\/\/monde25.info\/index.php\/wp-json\/wp\/v2\/tags?post=41"}],"curies":[{"name":"wp","href":"https:\/\/api.w.org\/{rel}","templated":true}]}}