{"id":4108,"date":"2025-03-09T21:37:08","date_gmt":"2025-03-09T20:37:08","guid":{"rendered":"https:\/\/monde25.info\/index.php\/2025\/03\/09\/une-strategie-de-lutte-payante\/"},"modified":"2025-03-09T21:37:08","modified_gmt":"2025-03-09T20:37:08","slug":"une-strategie-de-lutte-payante","status":"publish","type":"post","link":"https:\/\/monde25.info\/index.php\/2025\/03\/09\/une-strategie-de-lutte-payante\/","title":{"rendered":"une strat\u00e9gie de lutte payante"},"content":{"rendered":"<p> <br \/>\n<\/p>\n<div>\n<p>La victoire contre l\u2019autoroute A69 \u2014 le tribunal administratif de Toulouse a <a target=\"_blank\" href=\"https:\/\/reporterre.net\/Une-decision-historique-l-A69-annulee-les-opposants-exultent\">annul\u00e9 l\u2019autorisation environnementale<\/a> d\u00e9livr\u00e9e au concessionnaire \u2014 a mis en lumi\u00e8re le r\u00f4le d\u00e9cisif qu\u2019ont jou\u00e9 les grimpeurs d\u2019arbres tout au long de la lutte, leur courage et leur pers\u00e9v\u00e9rance face aux pelleteuses et aux forces de l\u2019ordre. Perch\u00e9s dans la canop\u00e9e, parfois pendant plusieurs semaines, ces hommes et femmes ont ralenti le chantier et popularis\u00e9 un mode d\u2019action utilis\u00e9 depuis des d\u00e9cennies au sein du mouvement \u00e9cologiste.<\/p>\n<p>D\u00e9sormais, on ne compte plus une lutte en France sans son \u00e9quipe de grimpeurs et de grimpeuses, sans ses <i>\u00ab<small class=\"fine d-inline\">\u00a0<\/small>\u00e9cureuils<small class=\"fine d-inline\">\u00a0<\/small>\u00bb<\/i> comme on les appelle, qui dansent avec le vide, et sans leurs cabanes souffl\u00e9es par le vent. \u00c0 <a target=\"_blank\" href=\"https:\/\/reporterre.net\/En-Ardeche-des-militants-occupent-des-arbres-pour-protester-contre-un-projet-routier\">Saint-P\u00e9ray<\/a>, en Ard\u00e8che, contre un contournement routier, au mois d\u2019octobre dernier<small class=\"fine d-inline\">\u00a0<\/small>; au nord de Toulouse <a target=\"_blank\" href=\"https:\/\/reporterre.net\/Dans-les-arbres-les-ecureuils-resistent-a-la-LGV-Toulouse-Bordeaux\">contre la <span class=\"caps\">LGV<\/span><\/a> en novembre<small class=\"fine d-inline\">\u00a0<\/small>; dans la for\u00eat d\u2019Hossegor contre <a target=\"_blank\" href=\"https:\/\/reporterre.net\/Six-militants-perches-dans-des-arbres-contre-une-ligne-a-haute-tension\">une ligne <span class=\"caps\">THT<\/span><\/a> en janvier<small class=\"fine d-inline\">\u00a0<\/small>; contre le m\u00e9gacanal Seine-Nord Europe <a target=\"_blank\" href=\"https:\/\/reporterre.net\/Des-arbres-occupes-contre-le-megacanal-Seine-Nord-Europe\">dans l\u2019Oise<\/a>, en janvier encore&#8230;<\/p>\n<p>Partout, des plateformes suspendues r\u00e9pondent aux projets des b\u00e9tonneurs. Des dizaines de personnes sillonnent le territoire pour prot\u00e9ger les arbres, baudrier et mousquetons dans le sac. Des boucles de messagerie T\u00e9l\u00e9gram et Signal s\u2019activent pour appeler les grimpeurs \u00e0 la rescousse, au gr\u00e9 des urgences et face \u00e0 l\u2019arriv\u00e9e soudaine des machines.<\/p>\n<h2 class=\"spip\">Une nouvelle figure de la r\u00e9sistance <\/h2>\n<p><i>\u00ab<small class=\"fine d-inline\">\u00a0<\/small>On n\u2019a pas invent\u00e9 cette technique de lutte mais on a r\u00e9ussi avec l\u2019A69 \u00e0 lui donner plus d\u2019\u00e9cho. On a d\u00e9mocratis\u00e9 la grimpe d\u2019arbres<\/i>, se r\u00e9jouit Thomas Brail, le fondateur du <span class=\"caps\">GNSA<\/span> \u2014 le Groupe national de surveillance des arbres. <i>\u00c7a a aussi permis d\u2019insuffler un nouvel imaginaire de lutte.<small class=\"fine d-inline\">\u00a0<\/small>\u00bb<\/i><\/p>\n<p>Pendant plus de deux ans, les grimpeurs \u00e9cureuils se sont retrouv\u00e9s en premi\u00e8re ligne contre l\u2019A69, jusqu\u2019\u00e0 incarner une figure h\u00e9ro\u00efque de la r\u00e9sistance. <i>\u00ab<small class=\"fine d-inline\">\u00a0<\/small>J\u2019\u00e9tais fascin\u00e9 de voir leur capacit\u00e9 \u00e0 resurgir apr\u00e8s chaque r\u00e9pression des forces de l\u2019ordre. Ils ne se laissaient jamais abattre<small class=\"fine d-inline\">\u00a0<\/small>\u00bb<\/i>, raconte le photographe Alexis Pichot qui les a suivis <a target=\"_blank\" href=\"https:\/\/www.terrestres.org\/2024\/12\/10\/contre-a69-eloge-des-ecureuils-autoroute-castres-toulouse\" class=\"spip_out\" rel=\"external\">pendant des mois<\/a>.<\/p>\n<p>Au total, plus d\u2019une quarantaine de grimpeurs et de grimpeuses se sont mobilis\u00e9s sur pr\u00e8s de treize sites diff\u00e9rents\u00a0: le Labo, les Cr\u00eates, la for\u00eat de Sherwood, la Cal\u2019arbre, etc. Lors du si\u00e8ge de la Cr\u00e9m\u2019arbre \u00e0 Sa\u00efx, dans le Tarn, en f\u00e9vrier 2024, certains sont rest\u00e9s trente-neuf jours dans les arbres. Sans ravitaillement, sans quasiment de nourriture, ni eau. Affam\u00e9, un des grimpeurs, Reva, en \u00e9tait r\u00e9duit \u00e0 manger des bourgeons de platane. Ils ont tous perdu entre 5 et 10\u00a0kg. Leur situation est all\u00e9e jusqu\u2019\u00e0 scandaliser le rapporteur de l\u2019<span class=\"caps\">ONU<\/span> <a target=\"_blank\" href=\"https:\/\/reporterre.net\/Zad-contre-l-A69-recit-de-15-jours-de-siege-policier\">Michel Forst<\/a>, qui a t\u00e9moign\u00e9 de son respect envers les militantes et militants.<\/p>\n<div class=\"spip_document_89207 spip_document spip_documents spip_document_image spip_documents_center spip_document_center spip_document_avec_legende\" data-legende-len=\"211\" data-legende-lenx=\"xxx\">\n<figure class=\"spip_doc_inner\">\n      <picture><source type=\"image\/webp\" srcset=\"https:\/\/reporterre.net\/local\/cache-vignettes\/L1050xH700\/arton25480-35114.jpg@.webp?1741278369\"><img decoding=\"async\" src=\"https:\/\/reporterre.net\/IMG\/jpg\/arton25480.jpg\" width=\"1200\" height=\"800\" loading=\"lazy\" alt=\"\"\/><br \/>\n    <\/source><\/picture><figcaption class=\"spip_doc_legende\">\n<p>En 2022, le grimpeur-arboriste Thomas Brail s\u2019\u00e9tait perch\u00e9 dans l\u2019un des platanes proche de la tour Eiffel pour d\u00e9noncer un projet d\u2019urbanisation des jardins entourant le monument.<br \/>\n<i>\u00a9 Mathieu G\u00e9non \/ Reporterre<br \/>\n<\/i><\/p>\n<\/figcaption><\/figure>\n<\/p><\/div>\n<p><i>\u00ab<small class=\"fine d-inline\">\u00a0<\/small>Avec l\u2019A69, l\u2019occupation d\u2019arbres est devenue une composante essentielle du combat \u00e9cologiste, au m\u00eame titre que les recours juridiques, les manifestations\u00a0ou les sabotages<\/i>, assure une zadiste. <i>C\u2019est un choix tactique et strat\u00e9gique<small class=\"fine d-inline\">\u00a0<\/small>\u00bb<\/i>.<\/p>\n<blockquote class=\"spip\">\n<p>\u00ab<small class=\"fine d-inline\">\u00a0<\/small>L\u2019occupation d\u2019arbres est devenue une composante essentielle du combat \u00e9cologiste<small class=\"fine d-inline\">\u00a0<\/small>\u00bb<\/p>\n<\/blockquote>\n<p>Et pour cause,\u00a0l\u2019efficacit\u00e9 de ce mode d\u2019action n\u2019est plus \u00e0 d\u00e9montrer. Les blocages provoqu\u00e9s par les \u00e9cureuils ont expliqu\u00e9 en grande partie <a target=\"_blank\" href=\"https:\/\/reporterre.net\/Audience-decisive-pour-l-A69-le-retard-du-chantier-pourrait-peser\">les retards observ\u00e9s<\/a> sur le chantier et les d\u00e9lais qui ont explos\u00e9.<\/p>\n<p>Dans une enqu\u00eate sur la r\u00e9pression, <i>Reporterre<\/i> avait calcul\u00e9 <a target=\"_blank\" href=\"https:\/\/reporterre.net\/2-76-millions-d-euros-le-cout-de-la-repression-des-opposants-a-l-A69\">le co\u00fbt faramineux de l\u2019expulsion<\/a> des \u00e9cureuils. Plus de 160\u00a0000 euros par grimpeur<small class=\"fine d-inline\">\u00a0<\/small>! La cellule sp\u00e9cialis\u00e9e de police, la Cnamo, \u00e9tait <a target=\"_blank\" href=\"https:\/\/reporterre.net\/Enquete-La-Cnamo-une-unite-specialisee-menace-la-vie-des-militants-anti-A69-\">d\u00e9pass\u00e9e<\/a>. Sur le site du Verger, une zad install\u00e9e \u00e0 la sortie de Verfeil en Haute-Garonne, le concessionnaire a m\u00eame \u00e9t\u00e9 oblig\u00e9 de <a target=\"_blank\" href=\"https:\/\/reporterre.net\/Dans-les-derniers-arbres-le-siege-final-des-opposants-a-l-A69\">recouvrir sous des tonnes de m\u00e8tres cubes les arbres<\/a> sur lesquels les militants \u00e9taient accroch\u00e9s pour que la police puisse les arr\u00eater.<\/p>\n<div class=\"spip_document_84728 spip_document spip_documents spip_document_image spip_documents_center spip_document_center spip_document_avec_legende\" data-legende-len=\"142\" data-legende-lenx=\"xxx\">\n<figure class=\"spip_doc_inner\">\n      <picture><source type=\"image\/webp\" srcset=\"https:\/\/reporterre.net\/local\/cache-vignettes\/L1050xH700\/reporterre-aberlioz-2024-09-26-0009-f126e.jpg@.webp?1737379482\"><img decoding=\"async\" src=\"https:\/\/reporterre.net\/IMG\/jpg\/reporterre-aberlioz-2024-09-26-0009.jpg\" width=\"1200\" height=\"800\" loading=\"lazy\" alt=\"\"\/><br \/>\n    <\/source><\/picture><figcaption class=\"spip_doc_legende\">\n<p>Les opposants de la zad du Verger avaient install\u00e9 des cordes allant du toit de la maison aux arbres occup\u00e9s.<br \/>\n<i>\u00a9 Antoine Berlioz \/ Reporterre<br \/>\n<\/i><\/p>\n<\/figcaption><\/figure>\n<\/p><\/div>\n<h2 class=\"spip\">Une lutte \u00e0 hauteur d\u2019oiseau <\/h2>\n<p>La bataille de l\u2019A69 est donc venue mettre sur le devant de la sc\u00e8ne cette pratique militante. L\u2019occupation d\u2019arbres a donn\u00e9 une tonalit\u00e9 et une esth\u00e9tique particuli\u00e8re \u00e0 la lutte. Elle lui a apport\u00e9 aussi une forme de po\u00e9sie, comme un ballet a\u00e9rien, une r\u00e9volte de funambule.<\/p>\n<p><i>\u00ab<small class=\"fine d-inline\">\u00a0<\/small>Toucher l\u2019\u00e9paisse peau d\u2019un arbre, c\u2019est faire l\u2019exp\u00e9rience de sa propre tactilit\u00e9, c\u2019est se sentir touch\u00e9 par l\u2019arbre<small class=\"fine d-inline\">\u00a0<\/small>\u00bb<\/i>, \u00e9crivait David Abram dans <i>Comment la terre s\u2019est tue, pour une \u00e9cologie des sens<\/i> (La D\u00e9couverte, 2013). Vivre dans les arbres est une mani\u00e8re de ne pas perdre la chair du monde. C\u2019est une lutte \u00e0 hauteur d\u2019oiseau. Une fa\u00e7on de se relier charnellement au vivant que l\u2019on d\u00e9fend, et de faire corps ensemble.<\/p>\n<p>De nombreux \u00e9cologistes en ont fait l\u2019exp\u00e9rience \u00e0 travers l\u2019histoire. L\u2019A69 n\u2019en est que le dernier \u00e9cho. D\u00e9j\u00e0 en 1969, \u00e0 Austin, au Texas, des militants avaient grimp\u00e9 dans des cypr\u00e8s et des ch\u00eanes pour emp\u00eacher leur abattage li\u00e9 \u00e0 l\u2019extension d\u2019un stade qui aurait pollu\u00e9 une rivi\u00e8re locale. En 1971, dans le quartier Plainpalais de Gen\u00e8ve, des activistes avaient occup\u00e9 le houppier d\u2019arbres menac\u00e9s.<\/p>\n<div class=\"spip_document_89204 spip_document spip_documents spip_document_image spip_documents_center spip_document_center spip_document_avec_legende\" data-legende-len=\"170\" data-legende-lenx=\"xxx\">\n<figure class=\"spip_doc_inner\">\n      <picture><source type=\"image\/webp\" srcset=\"https:\/\/reporterre.net\/local\/cache-vignettes\/L1050xH700\/01023274-01-ad027_jpg_-fb00c.webp?1741278369\"><img decoding=\"async\" src=\"https:\/\/reporterre.net\/IMG\/webp\/01023274-01-ad027_jpg_.webp\" width=\"1050\" height=\"700\" loading=\"lazy\" alt=\"\"\/><br \/>\n    <\/source><\/picture><figcaption class=\"spip_doc_legende\">\n<p>Des \u00e9cureuils, qui occupaient quatre platanes depuis quarante-cinq jours, avaient \u00e9t\u00e9 d\u00e9log\u00e9s en octobre 2023 par les forces de police.<br \/>\n<i>\u00a9 Emmanuel Cl\u00e9venot \/ Reporterre<br \/>\n<\/i><\/p>\n<\/figcaption><\/figure>\n<\/p><\/div>\n<p>\u00c0 l\u2019\u00e9poque, la grimpe d\u2019arbres \u00e9tait vue comme une arme astucieuse dans une guerre asym\u00e9trique. Un acte de l\u00e9gitime d\u00e9fense o\u00f9 une corde et un peu d\u2019agilit\u00e9 peuvent terrasser une arm\u00e9e de moteurs et de lobbyistes.<\/p>\n<p>Dans les ann\u00e9es 1980, le mouvement <a target=\"_blank\" href=\"https:\/\/fr.wikipedia.org\/wiki\/Earth_First!\" class=\"spip_out\" rel=\"external\">Earth First<small class=\"fine d-inline\">\u00a0<\/small>!<\/a> en a fait la pierre angulaire de ses combats et le th\u00e9orise. Dans son <a target=\"_blank\" href=\"https:\/\/reporterre.net\/Petit-manuel-de-resistance-reelle\"><i>Manuel d\u2019action directe<\/i><\/a> \u2014 un livre qui circule depuis quarante ans dans les luttes \u2014 les auteurs consacrent une centaine de pages \u00e0 ces <i>\u00ab<small class=\"fine d-inline\">\u00a0<\/small>blocages a\u00e9riens<small class=\"fine d-inline\">\u00a0<\/small>\u00bb<\/i> et autres <i>\u00ab<small class=\"fine d-inline\">\u00a0<\/small>treesitting<small class=\"fine d-inline\">\u00a0<\/small>\u00bb<\/i>. On y apprend tout sur la pose de filets, de tyroliennes, de traverses hautes ou de ponts de singe.<\/p>\n<h2 class=\"spip\">738 jours dans un s\u00e9quoia g\u00e9ant <\/h2>\n<p>Earth First<small class=\"fine d-inline\">\u00a0<\/small>! s\u2019est fait conna\u00eetre par des occupations spectaculaires, comme aux \u00c9tats-Unis sur la c\u00f4te ouest contre les coupes rases et l\u2019industrie foresti\u00e8re, ou en Angleterre, contre <a target=\"_blank\" href=\"https:\/\/reporterre.net\/En-Angleterre-la-folle-histoire-de-la-lutte-contre-les-autoroutes\">les chantiers d\u2019autoroutes<\/a> des gouvernements n\u00e9olib\u00e9raux. \u00c0 chaque fois, les camps dans les arbres \u00e9taient l\u2019occasion d\u2019exp\u00e9rimenter <i>\u00ab<small class=\"fine d-inline\">\u00a0<\/small>une vie en communaut\u00e9<small class=\"fine d-inline\">\u00a0<\/small>\u00bb<\/i> dans des <i>\u00ab<small class=\"fine d-inline\">\u00a0<\/small>zones autonomes<small class=\"fine d-inline\">\u00a0<\/small>\u00bb<\/i>, affranchies des pesanteurs terrestres, de la police et de l\u2019\u00c9tat.<\/p>\n<p>En 1998, en Californie, une militante \u00e2g\u00e9e de 23\u00a0ans, Julia Butterfly Hill, s\u2019est accroch\u00e9e \u00e0 <i>\u00ab<small class=\"fine d-inline\">\u00a0<\/small>Luna<small class=\"fine d-inline\">\u00a0<\/small>\u00bb<\/i>, un vieux sequoia de 1\u00a0500 ans qui risquait d\u2019\u00eatre abattu comme les for\u00eats alentour. L\u2019\u00c9tasunienne pensait habiter les cimes une seule semaine mais resta finalement 738\u00a0jours sur une plateforme \u00e0 55\u00a0m\u00e8tres de hauteur. Elle y endura deux hivers glacials, des temp\u00eates terribles et un si\u00e8ge par les b\u00fbcherons. Une exp\u00e9rience qu\u2019elle raconte dans le magnifique livre <i>De s\u00e8ve et de sang<\/i> (traduit en fran\u00e7ais aux <a target=\"_blank\" href=\"https:\/\/www.editionslibre.org\/produit\/de-seve-et-de-sang-julia-butterfly-hill-legacy-of-luna-livre-sequoia\/\" class=\"spip_out\" rel=\"external\">\u00e9ditions Libre<\/a>).<\/p>\n<h2 class=\"spip\">Vers une Internationale du mousqueton<\/h2>\n<p>C\u2019est, d\u2019ailleurs, au m\u00eame moment que la technique est arriv\u00e9e en France. Elle est apparue d\u2019abord contre le tunnel de Somport, dans la vall\u00e9e d\u2019Aspe qui relie l\u2019Espagne et la France. Puis en 2003 dans <a target=\"_blank\" href=\"https:\/\/www.infokiosques.net\/IMG\/pdf\/Occupation_du_parc_Paul_Mistral_2003-2004.pdf\" class=\"spip_out\" rel=\"external\">un parc urbain<\/a> de Grenoble, avant de se r\u00e9pandre dans les zad et de conna\u00eetre \u00e0 partir de <a target=\"_blank\" href=\"https:\/\/reporterre.net\/Notre-Dame-des-Landes-63\">Notre-Dame des Landes<\/a> une diffusion dans le milieu de l\u2019\u00e9cologie radicale.<\/p>\n<p>En 2012, cette technique a frein\u00e9 <a target=\"_blank\" href=\"https:\/\/reporterre.net\/L-operation-Cesar-racontee-jour-par-jour-depuis-le-16-octobre-2012\" class=\"spip_in\">l\u2019op\u00e9ration C\u00e9sar<\/a> \u2014 deux mois durant, les forces de l\u2019ordre avaient tent\u00e9 de d\u00e9loger les zadistes oppos\u00e9s \u00e0 l\u2019a\u00e9roport, en vain \u2014 et a sauv\u00e9 la for\u00eat de Rohanne. En 2014, <a target=\"_blank\" href=\"https:\/\/reporterre.net\/Testet-le-massacre-des-arbres\">\u00e0 Sivens<\/a> dans le Tarn, des activistes contre le projet de barrage s\u2019accrochaient \u00e0 <i>\u00ab<small class=\"fine d-inline\">\u00a0<\/small>Grande perche<small class=\"fine d-inline\">\u00a0<\/small>\u00bb<\/i>, un vieux ch\u00eane majestueux, et des zadistes passaient leur journ\u00e9e dans les arbres sous les gaz. \u00c0 Roybon, en 2015, \u00e0 nouveau, <a target=\"_blank\" href=\"https:\/\/reporterre.net\/A-Roybon-la-Zad-oubliee-retrouve-l-esprit-de-la-foret\">des cabanes<\/a> se montaient sous les houppiers contre un projet de Center Parcs. Puis \u00e0 Bure, en 2016, <a target=\"_blank\" href=\"https:\/\/reporterre.net\/Au-bois-Lejuc-on-resiste-dans-les-arbres\">des villages suspendus<\/a>, reli\u00e9s par des cordes et des tyroliennes apparaissaient \u00e0 l\u2019aune de l\u2019occupation du bois Lejuc. Des militants de la lutte d\u2019<a target=\"_blank\" href=\"https:\/\/reporterre.net\/A-Hambach-les-batailles-de-l-esprit\">Hambach<\/a>, en Allemagne, et des Finlandais formaient les opposants antinucl\u00e9aires.<\/p>\n<div class=\"spip_document_89210 spip_document spip_documents spip_document_image spip_documents_center spip_document_center spip_document_avec_legende\" data-legende-len=\"239\" data-legende-lenx=\"xxx\">\n<figure class=\"spip_doc_inner\">\n      <picture><source type=\"image\/webp\" srcset=\"https:\/\/reporterre.net\/local\/cache-vignettes\/L1050xH700\/eg_luetzerath_reporterre_ld-12_resultat-2-95fe3.jpg@.webp?1741278369\"><img decoding=\"async\" src=\"https:\/\/reporterre.net\/IMG\/jpg\/eg_luetzerath_reporterre_ld-12_resultat-2.jpg\" width=\"1200\" height=\"800\" loading=\"lazy\" alt=\"\"\/><br \/>\n    <\/source><\/picture><figcaption class=\"spip_doc_legende\">\n<p>En 2021, des centaines d\u2019activistes s\u2019opposaient \u00e0 la d\u00e9molition du hameau de L\u00fctzerath dans le cadre de l\u2019extension d\u2019une gigantesque mine de charbon. Une cabane dans les arbres gardait l\u2019entr\u00e9e de la zad.<br \/>\n<i>\u00a9 Philippe Pernot \/ Reporterre<br \/>\n<\/i><\/p>\n<\/figcaption><\/figure>\n<\/p><\/div>\n<p>Une <i>\u00ab<small class=\"fine d-inline\">\u00a0<\/small>internationale du mousqueton et du prusik<small class=\"fine d-inline\">\u00a0<\/small>\u00bb<\/i><span class=\"spip_note_ref\">\u00a0[<a target=\"_blank\" href=\"#nb1\" class=\"spip_note\" rel=\"appendix\" title=\"Le prusik est un n\u0153ud autobloquant tr\u00e8s utilis\u00e9 pour grimper aux arbres.\" id=\"nh1\">1<\/a>]<\/span> s\u2019est mis en place, les techniques de grimpe et de n\u0153uds se sont diffus\u00e9es au-del\u00e0 des fronti\u00e8res, les comp\u00e9tences se sont transmises.<\/p>\n<p><i>\u00ab<small class=\"fine d-inline\">\u00a0<\/small>On est les h\u00e9ritiers de ces combats pass\u00e9s. Les d\u00e9fenseurs des arbres. Mais aujourd\u2019hui, je crois qu\u2019on a franchi une nouvelle \u00e9tape. Avec une g\u00e9n\u00e9ralisation de la pratique et l\u2019arriv\u00e9e de professionnels cordistes et arboristes, le mouvement est plus massif. C\u2019est porteur d\u2019espoir<small class=\"fine d-inline\">\u00a0<\/small>\u00bb<\/i>, dit Thomas Brail.<\/p>\n<p>Pour beaucoup, grimper aux arbres est devenu une \u00e9vidence. Comme un cri de ralliement. <i>\u00ab<small class=\"fine d-inline\">\u00a0<\/small>Dans les arbres, on a sous les yeux pourquoi on se bat, sa beaut\u00e9, sa force<\/i>, raconte Kiwi, une grimpeuse de l\u2019A69. <i>On a le sentiment chevill\u00e9 au corps d\u2019\u00eatre l\u00e0 o\u00f9 on doit \u00eatre<small class=\"fine d-inline\">\u00a0<\/small>\u00bb.<\/i><\/p>\n<aside class=\"boite_encarts\">\n<div class=\"encart encart_gris noprint\">\n<p><strong>Puisque vous \u00eates l\u00e0&#8230;<\/strong><\/p>\n<p>&#8230; nous avons un petit service \u00e0 vous demander.<br class=\"autobr\"\/><br \/>\nEntre la pr\u00e9sence d\u2019un climatosceptique \u00e0 la t\u00eate de la premi\u00e8re puissance mondiale, un gouvernement fran\u00e7ais qui flirte avec l\u2019extr\u00eame-droite, et les catastrophes climatiques qui s\u2019enchainent&#8230; Faire vivre l\u2019\u00e9cologie dans le d\u00e9bat public est un enjeu crucial.<\/p>\n<p>Personne ne modifie ce que nous publions. Nous n\u2019avons ni actionnaire, ni propri\u00e9taire milliardaire \u2014 seulement une \u00e9quipe d\u2019irr\u00e9ductibles journalistes, pleine de d\u00e9termination.<\/p>\n<p>Nous avons la conviction que l\u2019urgence \u00e9cologique est l\u2019enjeu majeur de notre \u00e9poque. Et comme plus de 2 millions de lectrices et lecteurs chaque mois, vous partagez sans doute cette conviction&#8230;<\/p>\n<p><strong>Depuis 12 ans, nous publions des articles de qualit\u00e9 sur l\u2019\u00e9cologie, en acc\u00e8s libre et sans publicit\u00e9, pour tous.<\/strong><br class=\"autobr\"\/><br \/>\nMais ce travail demande beaucoup de temps et de ressources.<\/p>\n<p>Alors, si vous en avez les moyens, sachez qu\u2019un don, m\u00eame d\u20191\u20ac, est un acte de soutien fort pour l\u2019\u00e9cologie et le journalisme ind\u00e9pendant.<br class=\"autobr\"\/><br \/>\n(Et \u00e7a vous prendra moins de temps que la lecture de ce texte).<\/p>\n<p><strong>Si vous le pouvez, choisissez un soutien mensuel. Merci.<\/strong><\/p>\n<p><a target=\"_blank\" href=\"https:\/\/reporterre.net\/dons\" class=\"bt_soutenir\">Je soutiens <i>Reporterre<\/i><\/a><\/p>\n<\/p><\/div>\n<div class=\"encart encart_vert noprint montre_1023\">\n<div class=\"infolettre-form-container noprint\">\n<p>Abonnez-vous \u00e0 la lettre d\u2019info de Reporterre<\/p>\n<\/div><\/div>\n<\/aside>\n<aside class=\"boite_apresarticle encart_note\">\n<h4>Apr\u00e8s cet article<\/h4>\n<p>      <a target=\"_blank\" href=\"https:\/\/reporterre.net\/Enquete-La-Cnamo-une-unite-specialisee-menace-la-vie-des-militants-anti-A69-Vertebres\" class=\"lien_article\">\n      <picture class=\"vignette_gauche\"><source type=\"image\/webp\" srcset=\"https:\/\/reporterre.net\/local\/cache-vignettes\/L450xH300\/aberlioz-2024-08-28-calarbre-zad-a69-destruction-11-6292a.jpg@.webp?1737368210\"><img decoding=\"async\" src=\"https:\/\/reporterre.net\/local\/cache-vignettes\/L450xH300\/aberlioz-2024-08-28-calarbre-zad-a69-destruction-11-6292a.jpg?1737368210\" width=\"450\" height=\"300\" alt=\"\" class=\"marge12\" loading=\"lazy\"\/><br \/>\n<\/source><\/picture>\n<p class=\"libelle\">\n<p>          Enqu\u00eate \u2014<\/p>\n<p>      A69\n    <\/p>\n<p class=\"titre pol20\">A69\u00a0: les gendarmes de la Cnamo mis en cause dans les chutes graves de militants<\/p>\n<p>      <\/a><br \/>\n    <\/aside>\n<aside class=\"boite_complement texte\">\n<div class=\"encart_note\">\n<h4>Notes<\/h4>\n<div id=\"nb1\">\n<p><span class=\"spip_note_ref\">[<a target=\"_blank\" href=\"#nh1\" class=\"spip_note\" title=\"Notes 1\" rev=\"appendix\">1<\/a>]\u00a0<\/span>Le prusik est un n\u0153ud autobloquant tr\u00e8s utilis\u00e9 pour grimper aux arbres.<\/p>\n<\/div><\/div>\n<p>      <!-- zone_forum --><br \/>\n          <\/aside>\n<aside class=\"boite_lireaussi noprint\">\n<\/aside>\n<aside class=\"colonne\">\n<div class=\"article_info cache_1023 noprint\">\n<p>    <span class=\"date\">7 mars 2025  \u00e0 10h07<\/span><\/p>\n<p>    <span class=\"date_modif\">Mis \u00e0 jour le 8 mars 2025 \u00e0 11h06<\/span>      <\/p>\n<p class=\"duree_lecture\">\n        Dur\u00e9e de lecture : 8 minutes\n      <\/p>\n<\/p><\/div>\n<div class=\"bloc_infolettre\">\n<div class=\"infolettre-form-container noprint\">\n<p>Abonnez-vous \u00e0 la lettre d\u2019info de Reporterre<\/p>\n<\/div><\/div>\n<\/aside>\n<div id=\"galerie\">\n  <img decoding=\"async\" src=\"\" class=\"principale\" id=\"principale\"\/><\/p>\n<p id=\"legende\">legende<\/p>\n<\/div>\n<footer class=\"noprint\">\n<\/footer>\n<\/div>\n<p><br \/>\n<br \/><a href=\"https:\/\/reporterre.net\/Occuper-les-arbres-une-strategie-de-lutte-payante\" target=\"_blank\"\">Source link <\/a><\/p>\n","protected":false},"excerpt":{"rendered":"<p>La victoire contre l\u2019autoroute A69 \u2014 le tribunal administratif de Toulouse a annul\u00e9 l\u2019autorisation environnementale d\u00e9livr\u00e9e au concessionnaire \u2014 a mis en lumi\u00e8re le r\u00f4le d\u00e9cisif qu\u2019ont jou\u00e9 les grimpeurs&hellip; <\/p>\n","protected":false},"author":1,"featured_media":4109,"comment_status":"open","ping_status":"open","sticky":false,"template":"","format":"standard","meta":{"footnotes":""},"categories":[1],"tags":[],"class_list":["post-4108","post","type-post","status-publish","format-standard","has-post-thumbnail","hentry","category-non-classe"],"_links":{"self":[{"href":"https:\/\/monde25.info\/index.php\/wp-json\/wp\/v2\/posts\/4108","targetHints":{"allow":["GET"]}}],"collection":[{"href":"https:\/\/monde25.info\/index.php\/wp-json\/wp\/v2\/posts"}],"about":[{"href":"https:\/\/monde25.info\/index.php\/wp-json\/wp\/v2\/types\/post"}],"author":[{"embeddable":true,"href":"https:\/\/monde25.info\/index.php\/wp-json\/wp\/v2\/users\/1"}],"replies":[{"embeddable":true,"href":"https:\/\/monde25.info\/index.php\/wp-json\/wp\/v2\/comments?post=4108"}],"version-history":[{"count":0,"href":"https:\/\/monde25.info\/index.php\/wp-json\/wp\/v2\/posts\/4108\/revisions"}],"wp:featuredmedia":[{"embeddable":true,"href":"https:\/\/monde25.info\/index.php\/wp-json\/wp\/v2\/media\/4109"}],"wp:attachment":[{"href":"https:\/\/monde25.info\/index.php\/wp-json\/wp\/v2\/media?parent=4108"}],"wp:term":[{"taxonomy":"category","embeddable":true,"href":"https:\/\/monde25.info\/index.php\/wp-json\/wp\/v2\/categories?post=4108"},{"taxonomy":"post_tag","embeddable":true,"href":"https:\/\/monde25.info\/index.php\/wp-json\/wp\/v2\/tags?post=4108"}],"curies":[{"name":"wp","href":"https:\/\/api.w.org\/{rel}","templated":true}]}}