{"id":4163,"date":"2025-03-10T17:07:00","date_gmt":"2025-03-10T16:07:00","guid":{"rendered":"https:\/\/monde25.info\/index.php\/2025\/03\/10\/gros-cheeeh-les-medecins-seront-les-seuls-responsables-des-consequences-des-injections-de-covid\/"},"modified":"2025-03-10T17:07:00","modified_gmt":"2025-03-10T16:07:00","slug":"gros-cheeeh-les-medecins-seront-les-seuls-responsables-des-consequences-des-injections-de-covid","status":"publish","type":"post","link":"https:\/\/monde25.info\/index.php\/2025\/03\/10\/gros-cheeeh-les-medecins-seront-les-seuls-responsables-des-consequences-des-injections-de-covid\/","title":{"rendered":"Gros Cheeeh : les m\u00e9decins seront les seuls responsables des cons\u00e9quences des injections de covid"},"content":{"rendered":"<p> <br \/>\n<\/p>\n<div>\n<p><span class=\"dropcap \" style=\"background-color: #ffffff; color: #000000; border-color: #ffffff;\"><strong>Il<\/strong><\/span> fallait s\u2019y attendre d\u2019autant que c\u2019\u00e9tait tr\u00e8s pr\u00e9visible : les m\u00e9decins seront tenus pour responsables des effets ind\u00e9sirables des injections covid-19. Eux qui pensaient que l\u2019Etat allait les prot\u00e9ger dans le futur se sont encore plant\u00e9s lamentablement. Il faut dire qu\u2019il n\u2019ont pas brill\u00e9 par leur intelligence pendant la crise sanitaire de 2020 et que ceci n\u2019est que le juste retour de b\u00e2ton.<\/p>\n<p>Il faut maintenant que les victimes des effets ind\u00e9sirables de l\u2019ARNm d\u00e9posent plainte en masse pour leur faire payer leur complicit\u00e9.<\/p>\n<\/div>\n<div id=\"\">\n<p><strong><span class=\"dropcap \" style=\"background-color: #ffffff; color: #1e73be; border-color: #ffffff;\">S<\/span>elon un arr\u00eat de la Cour de justice de l\u2019Union europ\u00e9enne, tous les professionnels de sant\u00e9 qui vous ont conseill\u00e9 ou vaccin\u00e9 contre le Covid sont civilement et p\u00e9nalement responsables.<\/strong><\/p>\n<p><strong>L\u2019affaire du professeur Frajese<\/strong>\u00a0devant la Cour de justice de l\u2019Union europ\u00e9enne a eu une issue surprenante ! Selon la Cour, une\u00a0<strong>prescription m\u00e9dicale<\/strong>\u00a0\u00e9tait n\u00e9cessaire pour administrer les vaccins anti-Covid.\u00a0<strong>Mais ce n\u2019est pas tout : les m\u00e9decins pouvaient choisir de les administrer ou non, voire les d\u00e9conseiller, \u00e0 tel point que la responsabilit\u00e9 civile et p\u00e9nale potentielle des professionnels de sant\u00e9 est imputable au cas d\u2019esp\u00e8ce.<\/strong><\/p>\n<p>Les motifs invoqu\u00e9s par la Cour pourraient ainsi\u00a0<strong>remettre en cause les proc\u00e9dures disciplinaires et p\u00e9nales engag\u00e9es contre les m\u00e9decins qui se sont oppos\u00e9s aux vaccinations<\/strong>\u00a0, et attribuer au contraire de graves responsabilit\u00e9s aux m\u00e9decins qui ont vaccin\u00e9 \u00ab sans condition \u00bb, favorisant ainsi \u00e9galement le risque de provoquer des effets ind\u00e9sirables. Lien vers l\u2019article (en italien) :\u00a0<strong><a target=\"_blank\" href=\"https:\/\/www.buongiornosuedtirol.it\/2025\/02\/19\/esclusivo-vaccini-covid-la-corte-ue-serviva-la-prescrizione-e-il-medico-poteva-sconsigliarli\/\" target=\"_blank\" rel=\"noopener\">https:\/\/buongiornosuedtirol.it\/2025\/02\/19\/esclusivo-vaccini-covid-la-corte-ue-serviva-la-prescrizione-e-il-medico-poteva-sconsigliarli<\/a><\/strong><strong>\u00a0\/<\/strong><\/p>\n<p>\u00ab La Cour a d\u00fb confirmer, m\u00eame dans une br\u00e8ve parenth\u00e8se, que\u00a0<strong>les d\u00e9cisions de la Commission d\u2019autoriser la mise sur le march\u00e9 \u00ab n\u2019entra\u00eenent aucune obligation pour les m\u00e9decins de prescrire et d\u2019administrer lesdits vaccins \u00e0 leurs patients \u00bb.<\/strong><\/p>\n<p>Il a r\u00e9affirm\u00e9 le principe fondamental du\u00a0<strong>droit \u00e0 la libert\u00e9 de traitement et de choisir le traitement le plus appropri\u00e9, le plus s\u00fbr et le plus efficace par le m\u00e9decin<\/strong>\u00a0, en toute bonne foi et en toute conscience, dans le cas sp\u00e9cifique et dans l\u2019int\u00e9r\u00eat exclusif de la sant\u00e9 du patient.<\/p>\n<p>Ce passage est d\u2019une importance extraordinaire, car il d\u00e9monte d\u00e9finitivement les accusations qui ont \u00e9t\u00e9 port\u00e9es, tant devant les tribunaux que dans le cadre de proc\u00e9dures disciplinaires, contre tous les m\u00e9decins qui ont\u00a0d\u00e9conseill\u00e9 \u00e0 leurs patients la vaccination contre le Covid ou refus\u00e9 de la promouvoir\u00a0, r\u00e9tablissant ainsi\u00a0<strong>la pleine libert\u00e9 de soins du m\u00e9decin.<\/strong><\/p>\n<p>En outre, elle confirme la\u00a0<strong>responsabilit\u00e9 sp\u00e9cifique des m\u00e9decins vaccinateurs<\/strong>\u00a0qui ont administr\u00e9 le m\u00e9dicament de mani\u00e8re inverse, sans \u00e9valuer ad\u00e9quatement l\u2019opportunit\u00e9, les risques et la s\u00e9curit\u00e9 dans le cas sp\u00e9cifique du patient trait\u00e9.<\/p>\n<p>Plus g\u00e9n\u00e9ralement, la Cour a pr\u00e9cis\u00e9 que \u00ab si l\u2019octroi d\u2019une autorisation de mise sur le march\u00e9 d\u2019un vaccin constitue une condition pr\u00e9alable au droit de son titulaire de mettre ce vaccin sur le march\u00e9 dans chaque \u00c9tat membre,\u00a0<strong>cette autorisation de mise sur le march\u00e9 n\u2019entra\u00eene en principe aucune obligation pour les patients ou les m\u00e9decins vaccinateurs \u00bb<\/strong>\u00a0, mais a surtout confirm\u00e9 qu\u2019\u00ab il ressort clairement des annexes des d\u00e9cisions attaqu\u00e9es qu\u2019une\u00a0<strong>prescription m\u00e9dicale est n\u00e9cessaire<\/strong>\u00a0pour l\u2019administration des vaccins en cause \u00bb. C\u2019est ce que nous avons toujours affirm\u00e9 dans nos recours en soutien de travailleurs suspendus, qui avaient\u00a0<strong>refus\u00e9 de se faire vacciner notamment en raison de l\u2019absence de prescription m\u00e9dicale sp\u00e9cifique<\/strong>\u00a0, alors m\u00eame que dans de nombreux cas ils en avaient eux-m\u00eames demand\u00e9 une \u00e0 leur m\u00e9decin. L\u2019\u00a0<strong>ordonnance n\u2019a jamais \u00e9t\u00e9 d\u00e9livr\u00e9e pour aucune des millions de doses administr\u00e9es<\/strong>\u00a0, rendant toutes les administrations pr\u00e9cit\u00e9es contra legem (exemption valable pour ceux qui ne voulaient pas se faire vacciner), avec les cons\u00e9quences juridiques de l\u2019\u00a0<strong>ill\u00e9gitimit\u00e9 des dispositions r\u00e9glementaires imposant l\u2019obligation<\/strong>\u00a0et de l\u2019ill\u00e9gitimit\u00e9 de l\u2019\u00ab acte m\u00e9dical \u00bb de l\u2019administration sp\u00e9cifique \u00bb.<\/p>\n<p><strong>Parlons du \u00ab bouclier p\u00e9nal \u00bb des professionnels de sant\u00e9. Quelles responsabilit\u00e9s pourraient \u00eatre attribu\u00e9es aux m\u00e9decins vaccinateurs ?<\/strong><\/p>\n<p>\u00ab Les d\u00e9cisions de la Cour\u00a0<strong>peuvent influencer les proc\u00e9dures civiles et p\u00e9nales<\/strong>\u00a0visant \u00e0 obtenir r\u00e9paration des dommages (biologiques, moraux et mat\u00e9riels) caus\u00e9s aux personnes soumises auxdits traitements pharmacologiques, ayant \u00e9t\u00e9 administr\u00e9s \u2013 en raison de la\u00a0<strong>responsabilit\u00e9 pour faute m\u00e9dicale<\/strong>\u00a0des m\u00e9decins vaccinateurs.<\/p>\n<p>\u2013 Dans ce cas, le traitement m\u00e9dical a \u00e9t\u00e9\u00a0<strong>administr\u00e9 \u00ab en violation de la loi \u00bb en raison de l\u2019absence de prescription m\u00e9dicale pr\u00e9alable<\/strong>\u00a0(prescription restrictive r\u00e9p\u00e9table, dite RRL). En essayant d\u2019expliquer en termes compr\u00e9hensibles pour les personnes ext\u00e9rieures au secteur,\u00a0<strong>le bouclier p\u00e9nal ne fonctionne que si le traitement m\u00e9dical est administr\u00e9 conform\u00e9ment aux indications pr\u00e9vues dans les actes d\u2019autorisation, qui dans ce cas ont \u00e9t\u00e9 ignor\u00e9es<\/strong>\u00a0, et non pas seulement par manque d\u2019une \u00e9valuation m\u00e9dicale minutieuse et ad\u00e9quate de chaque patient h\u00e9sitant dans l\u2019acte formel de prescription. \u00ab Le moment et le nombre de doses administr\u00e9es n\u2019\u00e9taient tr\u00e8s souvent pas coh\u00e9rents avec les indications en vigueur au moment des diff\u00e9rentes administrations, ce qui emp\u00eache le bouclier p\u00e9nal d\u2019\u00eatre op\u00e9rationnel \u00bb.<\/p>\n<p><strong>Les arr\u00eats de la Cour de justice de l\u2019Union europ\u00e9enne s\u2019imposent \u00e9galement aux juges nationaux,<\/strong>\u00a0confront\u00e9s \u00e0 la m\u00eame question : quelles perspectives pour les affaires encore en cours, notamment celles concernant\u00a0<strong>les personnels de sant\u00e9 suspendus et\/ou radi\u00e9s<\/strong>\u00a0pendant la p\u00e9riode Covid ?<\/p>\n<p>\u00ab Comme indiqu\u00e9 pr\u00e9c\u00e9demment,\u00a0<strong>les principes \u00e9nonc\u00e9s dans cet arr\u00eat ne peuvent \u00eatre ignor\u00e9s par les juges nationaux<\/strong>\u00a0, mais il est important qu\u2019ils soient rappel\u00e9s de mani\u00e8re correcte et pertinente. Beaucoup d\u00e9pendra de la mani\u00e8re dont les actions \u00e0 l\u2019origine de la proc\u00e9dure ont \u00e9t\u00e9 intent\u00e9es et des motifs et arguments avanc\u00e9s pour soutenir l\u2019ill\u00e9gitimit\u00e9 des mesures adopt\u00e9es. Il sera sans aucun doute fondamental d\u2019avoir soulev\u00e9 la question de la violation de la l\u00e9gislation communautaire et d\u2019avoir ainsi mis en \u00e9vidence le contraste entre la l\u00e9gislation nationale et la l\u00e9gislation europ\u00e9enne. La CJUE a r\u00e9it\u00e9r\u00e9 dans plusieurs passages de l\u2019arr\u00eat qu\u2019il\u00a0<strong>appartenait aux m\u00e9decins d\u2019\u00e9valuer dans le cas concret s\u2019il fallait ou non administrer les vaccins contre le Covid-19<\/strong>\u00a0,\u00a0<strong>confirmant la n\u00e9cessit\u00e9 d\u2019une prescription<\/strong>\u00a0\u00e0 cet effet, de sorte que la r\u00e8gle nationale qui entre en conflit avec ces principes et, m\u00eame avant, avec les protocoles d\u2019administration contenus dans les documents d\u2019autorisation, atteint la limite de l\u2019inapplicabilit\u00e9 parce qu\u2019elle est ill\u00e9gitime \u00bb.<\/p>\n<p><strong><a target=\"_blank\" href=\"https:\/\/curia.europa.eu\/juris\/document\/document.jsf?text=&amp;docid=294784&amp;pageIndex=0&amp;doclang=FR&amp;mode=req&amp;dir=&amp;occ=first&amp;part=1\" target=\"_blank\" rel=\"noopener\">https:\/\/curia.europa.eu\/juris\/document\/document.jsf?text=&amp;docid=294784&amp;pageIndex=0&amp;doclang=FR&amp;mode=req&amp;dir=&amp;occ=first&amp;part=1<\/a><\/strong><\/p>\n<p><strong>Une autre bonne analyse dans France Soir \u2014<\/strong><\/p>\n<p><strong><a target=\"_blank\" href=\"https:\/\/francesoir.fr\/societe-justice-sante\/vaccins-covid-19-la-cour-de-justice-de-l-ue-tranche-prescription-obligatoire\" target=\"_blank\" rel=\"noopener\">https:\/\/francesoir.fr\/societe-justice-sante\/vaccins-covid-19-la-cour-de-justice-de-l-ue-tranche-prescription-obligatoire<\/a><\/strong><\/p>\n<ul>\n<li>L\u2019arr\u00eat souligne que\u00a0<strong>l\u2019autorisation de mise sur le march\u00e9 n\u2019oblige pas les m\u00e9decins \u00e0 prescrire ou administrer des vaccins<\/strong>\u00a0. Cette libert\u00e9 est cruciale : un m\u00e9decin peut, en toute conscience et sur la base de son expertise, choisir de ne pas recommander Spikevax ou Comirnaty \u00e0 un patient, par exemple, s\u2019il existe des doutes sur leur pertinence ou des contre-indications particuli\u00e8res. La Cour rappelle que cette d\u00e9cision n\u2019engage pas leur responsabilit\u00e9 juridique du seul fait des AMM, puisque ces derni\u00e8res ne leur imposent rien directement.\u00a0<strong>Les m\u00e9decins conservent donc une marge de man\u0153uvre importante dans leur pratique, conform\u00e9ment \u00e0 leur devoir \u00e9thique de prot\u00e9ger la sant\u00e9 de leurs patients.<\/strong><\/li>\n<li>L\u2019arr\u00eat pr\u00e9cise que la responsabilit\u00e9 potentielle\u00a0<strong>d\u2019\u00a0<\/strong><strong>un m\u00e9decin ne d\u00e9coule pas des d\u00e9cisions d\u2019AMM, mais des circonstances sp\u00e9cifiques du traitement de chaque patient<\/strong>\u00a0. Par exemple, si une r\u00e9action ind\u00e9sirable survient apr\u00e8s l\u2019administration d\u2019un vaccin, la\u00a0<strong>responsabilit\u00e9 de Frajese ou d\u2019un autre m\u00e9decin d\u00e9pendrait de son propre acte de prescription ou d\u2019administration<\/strong>\u00a0, et non de la simple existence de vaccins sur le march\u00e9. La Cour insiste sur le fait que c\u2019est \u00e0 l\u2019EMA, et non aux m\u00e9decins individuels, qu\u2019il incombe de v\u00e9rifier la s\u00e9curit\u00e9 et l\u2019efficacit\u00e9 des vaccins avant qu\u2019ils ne soient autoris\u00e9s. Cela lib\u00e8re les praticiens de l\u2019obligation d\u2019\u00e9valuation ind\u00e9pendante des donn\u00e9es scientifiques globales, leur r\u00f4le \u00e9tant limit\u00e9 \u00e0\u00a0<strong>l\u2019application clinique dans le cadre de leur relati<\/strong><strong>on avec le patient.<\/strong><\/li>\n<\/ul>\n<hr\/>\n<p><a target=\"_blank\" href=\"https:\/\/www.europereloaded.com\/european-court-of-justice-doctors-will-be-solely-responsible-for-the-consequences-of-covid-injections\/\">P. GIBERTIE<\/a><\/p>\n<p><a target=\"_blank\" href=\"https:\/\/www.europereloaded.com\/european-court-of-justice-doctors-will-be-solely-responsible-for-the-consequences-of-covid-injections\/\"><img data-recalc-dims=\"1\" loading=\"lazy\" decoding=\"async\" class=\"\" data-pagespeed-lazy-src=\"https:\/\/i0.wp.com\/www.europereloaded.com\/wp-content\/uploads\/2024\/09\/1727419843158.png?resize=213%2C78&amp;ssl=1\" alt=\"L'Europe recharg\u00e9e\" width=\"213\" height=\"78\" src=\"\/pagespeed_static\/1.JiBnMqyl6S.gif\" onload=\"pagespeed.lazyLoadImages.loadIfVisibleAndMaybeBeacon(this);\" onerror=\"this.onerror=null;pagespeed.lazyLoadImages.loadIfVisibleAndMaybeBeacon(this);\"\/><\/a><\/p>\n<h6>27 f\u00e9vrier 2025<\/h6>\n<hr\/>\n<h6>Titre de l\u2019article original en anglais :\u00a0European Court of Justice \u2013 doctors will be solely responsible for the consequences of covid injections<\/h6>\n<hr\/>\n<h6>Traduction : Lelibrepenseur.org avec DeepL Translator<\/h6>\n<\/div>\n<p><br \/>\n<br \/><a href=\"https:\/\/www.lelibrepenseur.org\/gros-cheeeh-les-medecins-seront-les-seuls-responsables-des-consequences-des-injections-de-covid\/\" target=\"_blank\"\">Source link <\/a><\/p>\n","protected":false},"excerpt":{"rendered":"<p>Il fallait s\u2019y attendre d\u2019autant que c\u2019\u00e9tait tr\u00e8s pr\u00e9visible : les m\u00e9decins seront tenus pour responsables des effets ind\u00e9sirables des injections covid-19. Eux qui pensaient que l\u2019Etat allait les prot\u00e9ger&hellip; <\/p>\n","protected":false},"author":1,"featured_media":0,"comment_status":"open","ping_status":"open","sticky":false,"template":"","format":"standard","meta":{"footnotes":""},"categories":[1],"tags":[],"class_list":["post-4163","post","type-post","status-publish","format-standard","hentry","category-non-classe"],"_links":{"self":[{"href":"https:\/\/monde25.info\/index.php\/wp-json\/wp\/v2\/posts\/4163","targetHints":{"allow":["GET"]}}],"collection":[{"href":"https:\/\/monde25.info\/index.php\/wp-json\/wp\/v2\/posts"}],"about":[{"href":"https:\/\/monde25.info\/index.php\/wp-json\/wp\/v2\/types\/post"}],"author":[{"embeddable":true,"href":"https:\/\/monde25.info\/index.php\/wp-json\/wp\/v2\/users\/1"}],"replies":[{"embeddable":true,"href":"https:\/\/monde25.info\/index.php\/wp-json\/wp\/v2\/comments?post=4163"}],"version-history":[{"count":0,"href":"https:\/\/monde25.info\/index.php\/wp-json\/wp\/v2\/posts\/4163\/revisions"}],"wp:attachment":[{"href":"https:\/\/monde25.info\/index.php\/wp-json\/wp\/v2\/media?parent=4163"}],"wp:term":[{"taxonomy":"category","embeddable":true,"href":"https:\/\/monde25.info\/index.php\/wp-json\/wp\/v2\/categories?post=4163"},{"taxonomy":"post_tag","embeddable":true,"href":"https:\/\/monde25.info\/index.php\/wp-json\/wp\/v2\/tags?post=4163"}],"curies":[{"name":"wp","href":"https:\/\/api.w.org\/{rel}","templated":true}]}}