{"id":4164,"date":"2025-03-10T17:39:55","date_gmt":"2025-03-10T16:39:55","guid":{"rendered":"https:\/\/monde25.info\/index.php\/2025\/03\/10\/lopportunite-divine-par-phil-broq-les-moutons-enrages\/"},"modified":"2025-03-10T17:39:55","modified_gmt":"2025-03-10T16:39:55","slug":"lopportunite-divine-par-phil-broq-les-moutons-enrages","status":"publish","type":"post","link":"https:\/\/monde25.info\/index.php\/2025\/03\/10\/lopportunite-divine-par-phil-broq-les-moutons-enrages\/","title":{"rendered":"L\u2019OPPORTUNITE DIVINE par Phil BROQ \u2013 Les moutons enrag\u00e9s"},"content":{"rendered":"<p> <br \/>\n<\/p>\n<div>\n<div class=\"wp-block-image\">\n<figure class=\"aligncenter size-full is-resized\"><img fetchpriority=\"high\" decoding=\"async\" width=\"500\" height=\"315\" src=\"https:\/\/lesmoutonsenrages.fr\/wp-content\/uploads\/2025\/03\/image-42.png\" alt=\"\" class=\"wp-image-165823\" style=\"width:405px;height:auto\" srcset=\"https:\/\/lesmoutonsenrages.fr\/wp-content\/uploads\/2025\/03\/image-42.png 500w, https:\/\/lesmoutonsenrages.fr\/wp-content\/uploads\/2025\/03\/image-42-250x158.png 250w, https:\/\/lesmoutonsenrages.fr\/wp-content\/uploads\/2025\/03\/image-42-150x95.png 150w\" sizes=\"(max-width: 500px) 100vw, 500px\"\/><\/figure>\n<\/div>\n<p><a target=\"_blank\" href=\"https:\/\/jevousauraisprevenu.blogspot.com\/2025\/03\/lopportunite-divine.html\"><time datetime=\"2025-03-09T00:06:00+01:00\"\/><\/a>Par <strong>Phil BROQ<\/strong> pour<a target=\"_blank\" href=\"https:\/\/jevousauraisprevenu.blogspot.com\/2025\/03\/lopportunite-divine.html\" data-type=\"link\" data-id=\"https:\/\/jevousauraisprevenu.blogspot.com\/2025\/03\/lopportunite-divine.html\"><strong> le Blog de l\u2019\u00c9veill\u00e9<\/strong><\/a><\/p>\n<p>\u00a0Chers lecteurs et amis,\u00a0<\/p>\n<p>Cette ann\u00e9e, plus que jamais, le Car\u00eame s\u2019impose comme une n\u00e9cessit\u00e9 absolue. C\u2019est un appel, un cri du c\u0153ur dans un monde qui semble avoir perdu la boussole. Une \u00e9poque o\u00f9, chaque jour, les Fran\u00e7ais se d\u00e9battent dans la mar\u00e9e de troubles sociaux, politiques et spirituels. O\u00f9 l\u2019on cherche des solutions \u00e0 tout prix, mais o\u00f9 l\u2019on oublie souvent l\u2019essentiel : la puret\u00e9 de l\u2019\u00e2me. Oui, le Car\u00eame est cette bou\u00e9e de sauvetage que nous ne pouvons pas ignorer. C\u2019est un v\u00e9ritable acte de salut personnel, avant m\u00eame de vouloir sauver le monde. Et, \u00e9tonnamment, c\u2019est gratuit, simple, et d\u2019une puissance insoup\u00e7onn\u00e9e.<\/p>\n<p><span id=\"more-165822\"\/><\/p>\n<p>Il est facile de tomber dans la tentation de se dire qu\u2019il n\u2019y a plus de place pour la religion dans un monde moderne, qu\u2019il est plus \u00ab\u00a0raisonnable\u00a0\u00bb de se concentrer sur des solutions plus \u00ab\u00a0pragmatiques\u00a0\u00bb. Mais voil\u00e0, ce \u00ab\u00a0pragmatisme\u00a0\u00bb a bien montr\u00e9 ses limites, et le monde dans lequel nous vivons est aujourd\u2019hui bien loin de l\u2019id\u00e9al que nous souhaiterions. Alors pourquoi ne pas reprendre les r\u00eanes, non seulement de notre existence personnelle, mais aussi de notre histoire collective, en renouant avec les rites du Christ, en renouant avec les traditions s\u00e9culaires qui ont b\u00e2ti la grandeur de notre nation ?<\/p>\n<p>La v\u00e9rit\u00e9, c\u2019est que si nous voulons un monde plus pur, plus juste, plus sain, il faut commencer par nous-m\u00eames. Le Car\u00eame est un chemin de purification spirituelle. C\u2019est un moment o\u00f9 l\u2019on cesse de regarder seulement vers l\u2019ext\u00e9rieur, vers ce qui nous d\u00e9\u00e7oit ou nous fait peur, et o\u00f9 l\u2019on commence \u00e0 regarder \u00e0 l\u2019int\u00e9rieur de nous-m\u00eames. Le Car\u00eame, c\u2019est d\u2019abord un retour \u00e0 soi, un retour aux bases, un retour \u00e0 cette pratique des vertus qui, bien que parfois d\u00e9laiss\u00e9es, sont au fond de ce que l\u2019on appelle une \u00e2me v\u00e9ritablement fran\u00e7aise. Si vous \u00eates v\u00e9ritablement Fran\u00e7ais, c\u2019est-\u00e0-dire non seulement par la nationalit\u00e9 mais par l\u2019\u00e2me, vous ne pouvez pas ignorer ce devoir. Non, il ne s\u2019agit pas d\u2019un simple \u00ab\u00a0choix personnel\u00a0\u00bb, mais d\u2019une responsabilit\u00e9 sacr\u00e9e envers vos anc\u00eatres, envers les terres qui vous ont vu na\u00eetre, terres qui, depuis Jeanne d\u2019Arc, appartiennent au Christ et \u00e0 la Vierge Marie.<\/p>\n<p>Rappelez-vous que la France, cette nation que vous aimez tant, a \u00e9t\u00e9 consacr\u00e9e \u00e0 la Vierge Marie depuis Louis XIII, une cons\u00e9cration qui demeure, une promesse spirituelle inscrite dans l\u2019Histoire. Cette terre, que l\u2019on qualifie volontiers de \u00ab\u00a0Fille a\u00een\u00e9e de l\u2019\u00c9glise\u00a0\u00bb, a \u00e9t\u00e9 nourrie et prot\u00e9g\u00e9e par la foi chr\u00e9tienne au fil des si\u00e8cles. Vos anc\u00eatres, les anc\u00eatres des Fran\u00e7ais, ont fait des sacrifices incommensurables pour que cette nation, malgr\u00e9 ses faiblesses et ses p\u00e9ch\u00e9s, demeure un phare de lumi\u00e8re au c\u0153ur de l\u2019Europe. Aujourd\u2019hui, le Car\u00eame vous invite \u00e0 honorer ce legs, \u00e0 renouer avec cette tradition profonde et \u00e0 pr\u00e9server ce lien spirituel qui, \u00e0 travers les si\u00e8cles, nous relie \u00e0 notre destin\u00e9e chr\u00e9tienne.<\/p>\n<p>Et n\u2019oublions pas Saint Michel, ce saint patron de la France, ce d\u00e9fenseur c\u00e9leste qui veille toujours sur nous. Oui, malgr\u00e9 toutes les \u00e9preuves, malgr\u00e9 l\u2019obscurit\u00e9 qui semble parfois tout engloutir, Saint Michel est toujours l\u00e0. Il prot\u00e8ge encore cette nation, m\u00eame si nous avons parfois tendance \u00e0 l\u2019oublier. En pratiquant le Car\u00eame, vous ne vous contentez pas de vous sauver vous-m\u00eame : vous honorez aussi cette protection divine et ce pacte mystique entre la France et le Ciel. Ce n\u2019est pas l\u00e0 une simple c\u00e9r\u00e9monie, c\u2019est un acte profond, un engagement envers l\u2019Histoire et la p\u00e9rennit\u00e9 de notre nation.<\/p>\n<p>Alors, pourquoi attendre ? Le Car\u00eame ne co\u00fbte rien, si ce n\u2019est un peu d\u2019effort et de sinc\u00e9rit\u00e9. Pourquoi ne pas tenter l\u2019exp\u00e9rience ? Qu\u2019est-ce que vous risquez ? Une purification de l\u2019\u00e2me, une \u00e9l\u00e9vation spirituelle, un rapprochement avec le Divin\u2026 et tout \u00e7a, gratuitement, simplement, sans aucune forme d\u2019ostracisme ni d\u2019entrave. Pourquoi ne pas revenir \u00e0 ce qui a fait la grandeur de la France, ce qui a fa\u00e7onn\u00e9 son \u00e2me et sa place parmi les nations ?<\/p>\n<p>Si vous vous consid\u00e9rez comme un vrai Fran\u00e7ais, un fils ou une fille des terres consacr\u00e9es au Christ, un h\u00e9ritier ou une h\u00e9riti\u00e8re de Jeanne d\u2019Arc et de Louis XIII, vous avez un devoir envers vos anc\u00eatres et envers ce pays qui vous a vu na\u00eetre. Ce devoir, c\u2019est de pr\u00e9server votre \u00e2me et de continuer \u00e0 marcher sur le chemin de la foi. Le Car\u00eame est ce chemin. Un chemin simple, pur, et immens\u00e9ment puissant, dont l\u2019issue, loin de vous d\u00e9cevoir, pourrait bien \u00eatre la plus grande des r\u00e9v\u00e9lations.<\/p>\n<p>Alors, faites ce premier pas. Demain, \u00e0 l\u2019\u00e9glise, offrez-vous ce luxe de renouer avec la tradition, d\u2019honorer vos anc\u00eatres, de restaurer l\u2019\u00e9quilibre en vous-m\u00eame et dans le monde qui vous entoure. Le Car\u00eame n\u2019est pas un fardeau. C\u2019est une chance. Une chance de red\u00e9couvrir ce qui est fondamental et de retrouver ce qui a \u00e9t\u00e9 perdu. Et si l\u2019on n\u2019y croit pas tout de suite, qu\u2019importe. Il ne s\u2019agit que de commencer. Ce premier dimanche du Car\u00eame pourrait \u00eatre celui o\u00f9 tout change.<\/p>\n<p>Alors, vivement demain et le premier dimanche du Car\u00eame\u2026 Cette journ\u00e9e que les satanistes qui nous gouvernent attendent avec autant d\u2019enthousiasme qu\u2019une bonne pluie d\u2019hiver sur le moral d\u00e9j\u00e0 bien assi\u00e9g\u00e9.\u00a0<\/p>\n<p>Ce dimanche 9 mars 2025, c\u2019est donc l\u2019occasion r\u00eav\u00e9e de rejoindre vos fr\u00e8res et s\u0153urs \u00e0 l\u2019\u00e9glise pour c\u00e9l\u00e9brer la \u00ab\u00a0Quadrag\u00e9sime\u00a0\u00bb, ou plus justement l\u2019<em>Invocabit<\/em>. Un mot qui sonne d\u00e9j\u00e0 presque comme une incantation divine, comme si en l\u2019invoquant, tout ce qui cloche dans notre belle France allait se r\u00e9soudre d\u2019un coup.\u00a0<\/p>\n<p>Mais qui sait ? \u00c0 force d\u2019invoquer, peut-\u00eatre qu\u2019on finira par \u00eatre exauc\u00e9s.<\/p>\n<p>Vous ne connaissez peut-\u00eatre pas non plus, vous tous, l\u2019histoire de ce premier dimanche du Car\u00eame, qui est l\u2019initiation \u00e0 la grande aventure de la p\u00e9nitence. Pri\u00e8re, aum\u00f4ne, je\u00fbne. Rien que \u00e7a. Il est associ\u00e9 \u00e0 une alternance de jours de je\u00fbne complet et de jours d\u2019abstinence (jours maigres). Lorsqu\u2019on parle de je\u00fbne, il ne s\u2019agit pas seulement de nourriture, mais \u00e9galement de faire abstinence du mauvais qui passe par la t\u00eate, la bouche et le c\u0153ur. C\u2019est \u00e0 dire, je\u00fbner pour l\u2019esprit en s\u2019abstenant des r\u00e9seaux sociaux et en profitant de ce temps disponible pour prier et m\u00e9diter sur soi et nos actions v\u00e9ritables dans ce monde ; je\u00fbner pour la parole en s\u2019abstenant de dire quoi que ce soit de m\u00e9disant et n\u00e9gatif ; et je\u00fbner pour le c\u0153ur en faisant des actions charitables tout autour de soi sans en attendre le moindre retour. D\u00e9j\u00e0, en faisant cela, vous participerez au bonheur du monde et \u00e0 votre propre \u00e9l\u00e9vation.<\/p>\n<p>Mais ce n\u2019est pas non plus un marathon de souffrance gratuite, non, c\u2019est surtout pour nous l\u2019occasion d\u2019un grand nettoyage int\u00e9rieur avant de f\u00eater P\u00e2ques dans toute sa splendeur. Si vous vous sentez un peu comme un vieux canap\u00e9 poussi\u00e9reux, le c\u0153ur encombr\u00e9 de mille mauvaises habitudes, d\u2019une indignation qui vous colle \u00e0 la peau, c\u2019est l\u2019heure de commencer \u00e0 passer l\u2019aspirateur spirituel.\u00a0<\/p>\n<p>Le Car\u00eame se termine par une p\u00e9riode de je\u00fbne et de c\u00e9l\u00e9brations plus intenses, la Semaine Sainte, qui pr\u00e9c\u00e8de la f\u00eate de P\u00e2ques. Le Car\u00eame doit \u00eatre, pour les fid\u00e8les, une p\u00e9riode d\u2019approfondissement, de pri\u00e8re et de d\u00e9tachement des biens mat\u00e9riels en pr\u00e9paration de la f\u00eate de P\u00e2ques ; l\u2019alimentation doit \u00eatre plus frugale, avec en particulier une diminution des aliments d\u2019origine animale.<\/p>\n<p>Pourquoi ? Parce qu\u2019il est grand temps de remettre de l\u2019ordre dans ce chaos ambiant. Et commencer par celui qui est autant dans votre corps que dans votre esprit. Parce que ce sera l\u2019esprit qui vaincra la mati\u00e8re. Et aussi, parce qu\u2019il n\u2019y a pas que le gouvernement et les mondialistes qui m\u00e9ritent de faire une grosse confession\u2026<\/p>\n<p>Invoquer le Seigneur, c\u2019est un peu comme invoquer la Lumi\u00e8re dans cette obscurit\u00e9 o\u00f9 nous avons malheureusement pris l\u2019habitude de nous vautrer. Et je vous promets que Dieu n\u2019est pas du genre \u00e0 faire attendre ceux qui ont r\u00e9ellement soif de puret\u00e9. <em>\u00ab\u00a0Il m\u2019invoquera, et moi je l\u2019exaucerai\u00a0\u00bb<\/em>, a dit Notre P\u00e8re. Vous avez donc la garantie qu\u2019Il r\u00e9pondra\u2026 Sauf si, bien entendu, vous \u00eates trop occup\u00e9s \u00e0 geindre sur Twitter, \u00e0 vous afficher sur Tik-Tok en perdant votre temps d\u2019humanit\u00e9 sur internet !<\/p>\n<p>Alors, \u00e0 part cela, je ne vois vraiment pas ce qui vous retient de tenter cette opportunit\u00e9 Divine qui nous est offerte et remercier le cr\u00e9ateur de toute vie \u2013 car si vous lisez ceci, c\u2019est que d\u00e9j\u00e0 vous \u00eates en vie et rien que cela c\u2019est merveilleux, n\u2019est-ce-pas ?\u00a0<\/p>\n<p>Alors, ce dimanche de la Quadrag\u00e9sime, c\u2019est un premier pas essentiel vers ce que vous avez toujours r\u00eav\u00e9 d\u2019avoir au fond de vous ! Imaginez une France lib\u00e9r\u00e9e des parasites qui l\u2019\u00e9touffent, une soci\u00e9t\u00e9 o\u00f9 les vieux d\u00e9mons du pass\u00e9 laissent place \u00e0 un renouveau lumineux, un moment de gr\u00e2ce et de partage avec des gens qui comme vous ne souhaitent que la paix et la possibilit\u00e9 de suivre une vie pleine et riche, faite de rencontres et de joie. Un moment Divin de communion avec des individus sains comme vous.\u00a0\u00a0<\/p>\n<p>Aux vues de ce qu\u2019il se passe dans ce pays, ce n\u2019est pas une simple question de foi, c\u2019est devenu une question de survie. Vous voulez que ce pays se r\u00e9veille ? Eh bien, commencez d\u00e9j\u00e0 par r\u00e9veiller votre \u00e2me. Ce n\u2019est pas un luxe, c\u2019est une urgence ! Et si apr\u00e8s \u00e7a vous n\u2019\u00eates toujours pas convaincus, peut-\u00eatre qu\u2019il est temps de revoir votre d\u00e9finition de \u00ab\u00a0priorit\u00e9s\u00a0\u00bb.<\/p>\n<p>Demain, mes amis, \u00e0 l\u2019\u00e9glise la plus proche de chez vous, on ne vous demandera pas de faire le premier pas vers la perfection \u2013 on sait que ce serait un peu trop ambitieux pour un dimanche matin. Mais faites au moins un premier pas vers vous-m\u00eame. Faites au moins un pas vers un peu plus de puret\u00e9 dans ce monde devenu fou.\u00a0<\/p>\n<p>Parce que, qu\u2019on le veuille ou non, \u00e0 la fin de tout cela, la seule chose qui nous sauvera, c\u2019est d\u2019avoir su nous lever et chercher la Lumi\u00e8re.\u00a0<\/p>\n<p>Alors, je vous souhaite un bon Car\u00eame !<\/p>\n<p>Phil BROQ.<\/p>\n<p><a target=\"_blank\" href=\"https:\/\/jevousauraisprevenu.blogspot.com\/2025\/03\/lopportunite-divine.html\">Blog de l\u2019\u00e9veill\u00e9<\/a><\/p>\n<p>Tous les articles, la tribune libre et commentaires sont sous la responsabilit\u00e9 de leurs auteurs. Les Moutons Enrag\u00e9s ne sauraient \u00eatre tenus responsables de leur contenu ou orientation.<\/p>\n<\/p><\/div>\n<p><br \/>\n<br \/><a href=\"https:\/\/lesmoutonsenrages.fr\/2025\/03\/10\/lopportunite-divine-par-phil-broq\/\" target=\"_blank\"\">Source link <\/a><\/p>\n","protected":false},"excerpt":{"rendered":"<p>Par Phil BROQ pour le Blog de l\u2019\u00c9veill\u00e9 \u00a0Chers lecteurs et amis,\u00a0 Cette ann\u00e9e, plus que jamais, le Car\u00eame s\u2019impose comme une n\u00e9cessit\u00e9 absolue. C\u2019est un appel, un cri du&hellip; <\/p>\n","protected":false},"author":1,"featured_media":4165,"comment_status":"open","ping_status":"open","sticky":false,"template":"","format":"standard","meta":{"footnotes":""},"categories":[1],"tags":[],"class_list":["post-4164","post","type-post","status-publish","format-standard","has-post-thumbnail","hentry","category-non-classe"],"_links":{"self":[{"href":"https:\/\/monde25.info\/index.php\/wp-json\/wp\/v2\/posts\/4164","targetHints":{"allow":["GET"]}}],"collection":[{"href":"https:\/\/monde25.info\/index.php\/wp-json\/wp\/v2\/posts"}],"about":[{"href":"https:\/\/monde25.info\/index.php\/wp-json\/wp\/v2\/types\/post"}],"author":[{"embeddable":true,"href":"https:\/\/monde25.info\/index.php\/wp-json\/wp\/v2\/users\/1"}],"replies":[{"embeddable":true,"href":"https:\/\/monde25.info\/index.php\/wp-json\/wp\/v2\/comments?post=4164"}],"version-history":[{"count":0,"href":"https:\/\/monde25.info\/index.php\/wp-json\/wp\/v2\/posts\/4164\/revisions"}],"wp:featuredmedia":[{"embeddable":true,"href":"https:\/\/monde25.info\/index.php\/wp-json\/wp\/v2\/media\/4165"}],"wp:attachment":[{"href":"https:\/\/monde25.info\/index.php\/wp-json\/wp\/v2\/media?parent=4164"}],"wp:term":[{"taxonomy":"category","embeddable":true,"href":"https:\/\/monde25.info\/index.php\/wp-json\/wp\/v2\/categories?post=4164"},{"taxonomy":"post_tag","embeddable":true,"href":"https:\/\/monde25.info\/index.php\/wp-json\/wp\/v2\/tags?post=4164"}],"curies":[{"name":"wp","href":"https:\/\/api.w.org\/{rel}","templated":true}]}}