{"id":417,"date":"2024-11-18T21:11:21","date_gmt":"2024-11-18T20:11:21","guid":{"rendered":"https:\/\/monde25.info\/index.php\/2024\/11\/18\/marine-le-pen-nest-donc-plus-necessaire-les-moutons-enrages\/"},"modified":"2024-11-18T21:11:21","modified_gmt":"2024-11-18T20:11:21","slug":"marine-le-pen-nest-donc-plus-necessaire-les-moutons-enrages","status":"publish","type":"post","link":"https:\/\/monde25.info\/index.php\/2024\/11\/18\/marine-le-pen-nest-donc-plus-necessaire-les-moutons-enrages\/","title":{"rendered":"Marine le Pen n\u2019est donc plus n\u00e9cessaire ? \u2013 Les moutons enrag\u00e9s"},"content":{"rendered":"<p> <br \/>\n<\/p>\n<div>\n<p>Par Karine Bechet-Golovko pour <a target=\"_blank\" href=\"https:\/\/russiepolitics.blogspot.com\/2024\/11\/attaque-judiciaire-contre-le-rn-marine.html\" target=\"_blank\" rel=\"noreferrer noopener\">Russie politics<\/a> via <a target=\"_blank\" href=\"https:\/\/www.mondialisation.ca\/attaque-judiciaire-contre-le-rn-marine-le-pen-nest-donc-plus-necessaire\/5693983?doing_wp_cron=1731902190.3575780391693115234375\" data-type=\"link\" data-id=\"https:\/\/www.mondialisation.ca\/attaque-judiciaire-contre-le-rn-marine-le-pen-nest-donc-plus-necessaire\/5693983?doing_wp_cron=1731902190.3575780391693115234375\">Mondialisation.ca<\/a><\/p>\n<div class=\"wp-block-image\">\n<figure class=\"alignleft size-large is-resized\"><img fetchpriority=\"high\" decoding=\"async\" width=\"550\" height=\"309\" src=\"https:\/\/lesmoutonsenrages.fr\/wp-content\/uploads\/2024\/11\/image-70-550x309.png\" alt=\"\" class=\"wp-image-163940\" style=\"width:314px;height:auto\" srcset=\"https:\/\/lesmoutonsenrages.fr\/wp-content\/uploads\/2024\/11\/image-70-550x309.png 550w, https:\/\/lesmoutonsenrages.fr\/wp-content\/uploads\/2024\/11\/image-70-250x141.png 250w, https:\/\/lesmoutonsenrages.fr\/wp-content\/uploads\/2024\/11\/image-70-150x84.png 150w, https:\/\/lesmoutonsenrages.fr\/wp-content\/uploads\/2024\/11\/image-70.png 768w\" sizes=\"(max-width: 550px) 100vw, 550px\"\/><\/figure>\n<\/div>\n<p>La violence des attaques politico-judicaires contre le RN et contre Marine Le Pen soul\u00e8ve des interrogations. Evidemment en ce qui concerne la sacrosainte \u00ab\u00a0ind\u00e9pendance de la justice\u00a0\u00bb et la v\u00e9ritable d\u00e9pendance du Parquet en France. Mais aussi plus g\u00e9n\u00e9ralement sur l\u2019ass\u00e8chement de l\u2019espace politique fran\u00e7ais, en tout cas de ce qu\u2019il en reste, en vue de son reformatage. Le silence des partis politiques p\u00e8se lourd. Et ils se tairont aussi, quand ils seront interpell\u00e9s \u00e0 leur tour. La machine est lanc\u00e9e, toute opposition m\u00eame l\u00e9g\u00e8re est devenue de la dissidence.<\/p>\n<p><span id=\"more-163939\"\/><\/p>\n<p>L\u2019affaire dite des assistants parlementaires rappelle fortement l\u2019histoire de Fillon, qui fut \u00e9cart\u00e9 de la course pr\u00e9sidentielle gr\u00e2ce \u00e0 l\u2019intervention du Parquet et de la justice. Si le Parquet est directement d\u00e9pendant du minist\u00e8re de la Justice, il serait bon qu\u2019il garde ses distances avec la politique. Surtout lorsque les intrigues mettent en p\u00e9ril le pluralisme politique en France, d\u00e9j\u00e0 tr\u00e8s mal en point avec une opposition faible et souvent virtuelle.<\/p>\n<p>Mais ses <a target=\"_blank\" href=\"https:\/\/www.francetvinfo.fr\/politique\/front-national\/affaire-des-assistants-fn-au-parlement-europeen\/proces-des-assistants-parlementaires-du-fn-cinq-ans-de-prison-dont-trois-avec-sursis-et-cinq-ans-d-ineligibilite-requis-contre-marine-le-pen_6895292.html\" target=\"_blank\" rel=\"noreferrer noopener\">demandes<\/a> sont d\u2019une s\u00e9v\u00e9rit\u00e9, parfaitement d\u00e9cal\u00e9e au regard de la pratique g\u00e9n\u00e9ralis\u00e9e des assistants parlementaires \u00e0 l\u2019Assembl\u00e9e :<\/p>\n<blockquote class=\"wp-block-quote is-layout-flow wp-block-quote-is-layout-flow\">\n<blockquote class=\"wp-block-quote is-layout-flow wp-block-quote-is-layout-flow\">\n<p>Les procureurs Nicolas Barret et Louise Neyton ont requis contre\u00a0<a target=\"_blank\" href=\"https:\/\/www.francetvinfo.fr\/politique\/front-national\/affaire-des-assistants-fn-au-parlement-europeen\/proces-du-rn-marine-le-pen-ironise-sur-un-dossier-ou-tout-est-suspect-et-met-en-cause-la-direction-du-parlement-europeen_6814658.html\">la cheffe de file du RN<\/a>\u00a0cinq ans de prison, dont trois avec sursis, peine qui demeure am\u00e9nageable, 300\u00a0000 euros d\u2019amende, et cinq ans d\u2019in\u00e9ligibilit\u00e9, avec ex\u00e9cution provisoire.<\/p>\n<\/blockquote>\n<\/blockquote>\n<p>Contre le parti lui-m\u00eame, qui doit manifestement se retrouver en faillite, une amende de 2 millions d\u2019euros est demand\u00e9e :<\/p>\n<blockquote class=\"wp-block-quote is-layout-flow wp-block-quote-is-layout-flow\">\n<p>L\u2019accusation souhaite par ailleurs que le parti, poursuivi comme personne morale pour complicit\u00e9 de d\u00e9tournement de fonds publics europ\u00e9ens, soit condamn\u00e9 \u00e0 une amende ferme de 2 millions d\u2019euros.<\/p>\n<\/blockquote>\n<p>Des peines de prison, notamment ferme, ont \u00e9galement \u00e9t\u00e9 requises contre d\u2019autres figurants aussi, ce qui doit permettre de d\u00e9capiter le parti. Et l\u2019in\u00e9ligibilit\u00e9 requise, elle, est cens\u00e9e \u00ab\u00a0prot\u00e9ger\u00a0\u00bb le prochain scrutin de personnalit\u00e9s devenues intol\u00e9rables, vu la faiblesse des \u00e9lites globalistes. Il n\u2019est cependant pas certain que tel soit le r\u00f4le du Parquet \u2026 Il s\u2019agit ouvertement d\u2019une man\u0153uvre pour \u00e9carter de la vie politique Marine Le Pen et le RN, dans sa version actuelle. M\u00eame si le RN \u00e9tait loyaliste sur un grand nombre de questions, le fait m\u00eame qu\u2019il puisse y avoir une faible opposition n\u2019est plus tol\u00e9rable en France.<\/p>\n<p>Marine Le Pen pr\u00e9sentait pourtant l\u2019avantage de r\u00e9ussir \u00e0 faire \u00e9lire quasiment automatiquement son adversaire. Mais elle \u00e9tait formellement \u00e0 la t\u00eate d\u2019une opposition plus souverainiste \u2013 m\u00eame si elle ne remettait quasiment rien en cause. En tout cas, elle canalisait l\u2019\u00e9lectorat souverainiste. Et d\u00e9sormais, elle devient plus dangereuse, car ses r\u00e9sultats \u00e9lectoraux montent. Si jamais elle arrive au pouvoir, elle risque d\u2019\u00eatre \u00ab\u00a0oblig\u00e9e\u00a0\u00bb par son \u00e9lectorat, ce qui n\u2019est pas dans la ligne globaliste, o\u00f9 les \u00e9lites dirigeantes sont oblig\u00e9es de l\u2019ext\u00e9rieur.<\/p>\n<p>Le moment est venu de changer de \u00ab\u00a0catalysateur\u2019\u00a0\u00bb pour les aspirations populaires et des figures plus compatibles, comme celle de Bordella, feraient mieux l\u2019affaire.<\/p>\n<p>Avec l\u2019\u00e9lection de Trump, la situation se rigidifie en Europe et notamment en France. La pression exerc\u00e9e sur les \u00e9lites politiques devrait les faire r\u00e9agir face \u00e0 cet exc\u00e8s de pouvoir. Car si elles laissent instrumentaliser la justice contre le RN, un jour cela se passera aussi avec elles.<\/p>\n<p><strong>Karine Bechet-Golovko<\/strong><\/p>\n<p>La source originale de cet article est <a target=\"_blank\" href=\"https:\/\/russiepolitics.blogspot.com\/2024\/11\/attaque-judiciaire-contre-le-rn-marine.html\" target=\"_blank\" rel=\"noreferrer noopener\">Russie politics<\/a><\/p>\n<p>Copyright \u00a9 <a target=\"_blank\" href=\"https:\/\/www.mondialisation.ca\/author\/karine-bechet-golovko\">Karine Bechet-Golovko<\/a>, <a target=\"_blank\" href=\"https:\/\/russiepolitics.blogspot.com\/2024\/11\/attaque-judiciaire-contre-le-rn-marine.html\" target=\"_blank\" rel=\"noreferrer noopener\">Russie politics<\/a>, 2024<\/p>\n<p>Tous les articles, la tribune libre et commentaires sont sous la responsabilit\u00e9 de leurs auteurs. Les Moutons Enrag\u00e9s ne sauraient \u00eatre tenus responsables de leur contenu ou orientation.<\/p>\n<\/p><\/div>\n<p><br \/>\n<br \/><a href=\"https:\/\/lesmoutonsenrages.fr\/2024\/11\/18\/attaque-judiciaire-contre-le-rn-marine-le-pen-nest-donc-plus-necessaire\/\" target=\"_blank\"\">Source link <\/a><\/p>\n","protected":false},"excerpt":{"rendered":"<p>Par Karine Bechet-Golovko pour Russie politics via Mondialisation.ca La violence des attaques politico-judicaires contre le RN et contre Marine Le Pen soul\u00e8ve des interrogations. Evidemment en ce qui concerne la&hellip; <\/p>\n","protected":false},"author":1,"featured_media":418,"comment_status":"open","ping_status":"open","sticky":false,"template":"","format":"standard","meta":{"footnotes":""},"categories":[1],"tags":[],"class_list":["post-417","post","type-post","status-publish","format-standard","has-post-thumbnail","hentry","category-non-classe"],"_links":{"self":[{"href":"https:\/\/monde25.info\/index.php\/wp-json\/wp\/v2\/posts\/417","targetHints":{"allow":["GET"]}}],"collection":[{"href":"https:\/\/monde25.info\/index.php\/wp-json\/wp\/v2\/posts"}],"about":[{"href":"https:\/\/monde25.info\/index.php\/wp-json\/wp\/v2\/types\/post"}],"author":[{"embeddable":true,"href":"https:\/\/monde25.info\/index.php\/wp-json\/wp\/v2\/users\/1"}],"replies":[{"embeddable":true,"href":"https:\/\/monde25.info\/index.php\/wp-json\/wp\/v2\/comments?post=417"}],"version-history":[{"count":0,"href":"https:\/\/monde25.info\/index.php\/wp-json\/wp\/v2\/posts\/417\/revisions"}],"wp:featuredmedia":[{"embeddable":true,"href":"https:\/\/monde25.info\/index.php\/wp-json\/wp\/v2\/media\/418"}],"wp:attachment":[{"href":"https:\/\/monde25.info\/index.php\/wp-json\/wp\/v2\/media?parent=417"}],"wp:term":[{"taxonomy":"category","embeddable":true,"href":"https:\/\/monde25.info\/index.php\/wp-json\/wp\/v2\/categories?post=417"},{"taxonomy":"post_tag","embeddable":true,"href":"https:\/\/monde25.info\/index.php\/wp-json\/wp\/v2\/tags?post=417"}],"curies":[{"name":"wp","href":"https:\/\/api.w.org\/{rel}","templated":true}]}}