{"id":421,"date":"2024-11-18T23:25:03","date_gmt":"2024-11-18T22:25:03","guid":{"rendered":"https:\/\/monde25.info\/index.php\/2024\/11\/18\/ils-sont-mieux-que-les-francais-par-antoine-pecqueur-le-monde-diplomatique-juin-2023\/"},"modified":"2024-11-18T23:25:03","modified_gmt":"2024-11-18T22:25:03","slug":"ils-sont-mieux-que-les-francais-par-antoine-pecqueur-le-monde-diplomatique-juin-2023","status":"publish","type":"post","link":"https:\/\/monde25.info\/index.php\/2024\/11\/18\/ils-sont-mieux-que-les-francais-par-antoine-pecqueur-le-monde-diplomatique-juin-2023\/","title":{"rendered":"\u00ab Ils sont mieux que les Fran\u00e7ais ! \u00bb, par Antoine Pecqueur (Le Monde diplomatique, juin 2023)"},"content":{"rendered":"<p> <br \/>\n<\/p>\n<div couleurfade=\"eeefe5\" couleurclaire=\"eaebdf\" couleurpale=\"e4e8af\" couleurmi=\"7b7e4d\" couleurfoncee=\"767d1b\" couleursombre=\"1e1f13\" couleurfond=\"5e604c\" couleurtexte=\"ffffff\">\n<figure class=\"spip_document_31498 spip_documents spip_documents_center xl\" style=\"width:890px;\">\n<div class=\"limage\">\n<p>\t\t\t<img loading=\"lazy\" decoding=\"async\" src=\"https:\/\/www.monde-diplomatique.fr\/\/local\/cache-vignettes\/L890xH803\/img006-45-cead1.jpg?1685445804\" width=\"890\" height=\"803\" class=\"spip_logos\" alt=\"JPEG - 137.1\u00a0ko\"\/><\/p><\/div><figcaption>\n<p>\u00c9mile Donna Nlend. \u2014 \u00ab<small class=\"fine\">\u00a0<\/small>La Prairie 05 &#8211; Le mandat fran\u00e7ais<small class=\"fine\">\u00a0<\/small>\u00bb, 2019<\/p>\n<p>\u00a9 \u00c9mile Donna Nlend &#8211; @emiledonna\n<\/p>\n<\/figcaption><\/figure>\n<p><span class=\"mot-lettrine\"><span class=\"lettrine\">A<\/span>u<\/span> Centre d\u2019\u00e9tudes turques, ouvert depuis un an au sein de l\u2019universit\u00e9 de Yaound\u00e9 II, de jeunes Camerounais inscrits aux cours de langue s\u2019activent sous le portrait du pr\u00e9sident Recep Tayyip Erdo\u011fan. Ils pr\u00e9parent un <i>menemen,<\/i> plat traditionnel tr\u00e8s r\u00e9pandu en Turquie. <i>\u00ab<small class=\"fine\">\u00a0<\/small>J\u2019ai voulu apprendre la langue turque apr\u00e8s avoir regard\u00e9 des s\u00e9ries t\u00e9l\u00e9vis\u00e9es de ce pays<small class=\"fine\">\u00a0<\/small>\u00bb,<\/i> nous dit l\u2019une des \u00e9tudiantes, Inaya Ngogang, tandis que sa camarade, Zahra Oumanou, met en avant <i>\u00ab<small class=\"fine\">\u00a0<\/small>le fait de partager la m\u00eame religion<small class=\"fine\">\u00a0<\/small>\u00bb<\/i> que les Turcs, musulmans comme le tiers de la population camerounaise. Leur professeure, Mme\u00a0Fatma Hosca, affirme faire face \u00e0 <i>\u00ab<small class=\"fine\">\u00a0<\/small>une explosion des demandes d\u2019inscription<small class=\"fine\">\u00a0<\/small>\u00bb.<\/i> Ce centre a \u00e9t\u00e9 cr\u00e9\u00e9 par la Fondation Maarif, lanc\u00e9e par Ankara en juin\u00a02016 et pr\u00e9sente dans 90\u00a0pays o\u00f9 l\u2019essentiel de ses activit\u00e9s consiste \u00e0 ouvrir et \u00e0 faire fonctionner des \u00e9coles. \u00c0 quelques centaines de m\u00e8tres, sur le m\u00eame campus, les \u00e9l\u00e8ves de l\u2019Institut Confucius, inaugur\u00e9 en 2007, commencent les pr\u00e9paratifs du Nouvel An chinois. Lorsqu\u2019on leur demande ce qui les incite \u00e0 \u00e9tudier cette culture, la r\u00e9ponse fuse\u00a0: <i>\u00ab<small class=\"fine\">\u00a0<\/small>C\u2019est la langue du commerce.<small class=\"fine\">\u00a0<\/small>\u00bb<\/i> La Chine est le premier partenaire \u00e9conomique du Cameroun.<\/p>\n<p>La cr\u00e9ation des centres culturels \u00e9trangers s\u2019est nettement acc\u00e9l\u00e9r\u00e9e \u00e0 Yaound\u00e9 ces derni\u00e8res ann\u00e9es<small class=\"fine\">\u00a0<\/small>; la Russie en a ouvert un en 2019, la Cor\u00e9e du Sud en 2020\u2026 En raison de sa position strat\u00e9gique, gr\u00e2ce notamment \u00e0 sa fa\u00e7ade maritime, et de ses ressources naturelles, le Cameroun suscite la convoitise des puissances. <i>\u00ab<small class=\"fine\">\u00a0<\/small>La coop\u00e9ration culturelle n\u2019a qu\u2019un but\u00a0: aller \u00e0 la conqu\u00eate des c\u0153urs et des esprits. Ces pays voient les \u00e9tudiants comme de futurs relais d\u2019influence<small class=\"fine\">\u00a0<\/small>\u00bb,<\/i> observe M.\u00a0Jean Cottin Gelin Kouma, conseiller culturel de l\u2019ambassade du Cameroun \u00e0 Moscou. La politique aussi guide les choix des \u00e9tudiants. Nina a choisi l\u2019option russe car <i>\u00ab<small class=\"fine\">\u00a0<\/small>le Cameroun et la Russie sont partenaires<small class=\"fine\">\u00a0<\/small>\u00bb<\/i> \u2014 les deux pays ont sign\u00e9, le 12\u00a0avril\u00a02022, un accord de coop\u00e9ration militaire. En revanche, <i>\u00ab<small class=\"fine\">\u00a0<\/small>on en a marre de l\u2019arrogance de la France. On a envie d\u2019aller voir ailleurs<small class=\"fine\">\u00a0<\/small>\u00bb,<\/i> rench\u00e9rit B\u00e9atrice Haman, \u00e9tudiante \u00e0 l\u2019Institut Confucius. La diplomatie culturelle de l\u2019ancien colonisateur doit d\u00e9sormais faire face au Cameroun, et plus largement dans l\u2019Afrique subsaharienne, \u00e0 la recrudescence du sentiment antifran\u00e7ais<span class=\"spip_note_ref\">\u00a0(<a target=\"_blank\" href=\"http:\/\/www.monde-diplomatique.fr\/2023\/06\/PECQUEUR\/65823#nb1\" class=\"spip_note\" rel=\"appendix\" title=\"Lire Fanny Pigeaud, \u00ab\u00a0Pr\u00e9sence fran\u00e7aise en Afrique, le ras-le-bol\u00a0\u00bb, Le Monde\u00a0(...)\" id=\"nh1\">1<\/a>)<\/span>.<\/p>\n<p><i>\u00ab<small class=\"fine\">\u00a0<\/small>Ils sont mieux que les Fran\u00e7ais<small class=\"fine\">\u00a0<\/small>!<small class=\"fine\">\u00a0<\/small>\u00bb,<\/i> insiste B\u00e9atrice en \u00e9voquant les autres pays qui cherchent \u00e0 renforcer leur influence par le biais d\u2019actions culturelles. Son camarade Engosso Ndjock nuance ce ressentiment, mais constate que certains pays <i>\u00ab<small class=\"fine\">\u00a0<\/small>offrent des bourses en prenant tout en charge, alors qu\u2019avec la France on tremble rien qu\u2019\u00e0 l\u2019id\u00e9e de passer l\u2019entretien pour le visa. L\u2019apprentissage de la langue et de la culture nous permet d\u2019appr\u00e9hender ces pays de mani\u00e8re positive. La France n\u2019a pas \u00e0 nous dire qui sont les bons ou les mauvais \u00c9tats<small class=\"fine\">\u00a0<\/small>\u00bb.<\/i><\/p>\n<p>Dans un contexte o\u00f9 la part de march\u00e9 des entreprises fran\u00e7aises au Cameroun est pass\u00e9e de 40<small class=\"fine\">\u00a0<\/small>% dans les ann\u00e9es\u00a01990 \u00e0 10<small class=\"fine\">\u00a0<\/small>% aujourd\u2019hui, le Quai d\u2019Orsay craint d\u00e9sormais que la culture ne soit elle aussi affect\u00e9e. Ce n\u2019est pas un hasard si, lors de son d\u00e9placement \u00e0 Yaound\u00e9, en juillet\u00a02022, le pr\u00e9sident Emmanuel Macron \u00e9tait accompagn\u00e9 d\u2019intellectuels et d\u2019artistes, notamment du chanteur Blick Bassy et de l\u2019historien Achille Mbembe, tous deux camerounais<span class=\"spip_note_ref\">\u00a0(<a target=\"_blank\" href=\"http:\/\/www.monde-diplomatique.fr\/2023\/06\/PECQUEUR\/65823#nb2\" class=\"spip_note\" rel=\"appendix\" title=\"Lire Anne-C\u00e9cile Robert, \u00ab\u00a0M.\u00a0Macron tr\u00e9buche au Cameroun\u00a0\u00bb, Le Monde\u00a0(...)\" id=\"nh2\">2<\/a>)<\/span>. M.\u00a0Macron a annonc\u00e9 \u00e0 cette occasion la cr\u00e9ation d\u2019une commission sur le r\u00f4le de la France dans la guerre d\u2019ind\u00e9pendance (1955-1960). Miser sur la culture pour faire face au sentiment antifran\u00e7ais<small class=\"fine\">\u00a0<\/small>? <i>\u00ab<small class=\"fine\">\u00a0<\/small>La Chine a le partenariat \u00e9conomique, la Russie la force militaire, mais l\u2019atout principal de la France, c\u2019est la culture. On a une histoire culturelle commune<small class=\"fine\">\u00a0<\/small>\u00bb,<\/i> opine Joseph Owona Ntsama, chercheur \u00e0 la Fondation Paul Ango Ela de g\u00e9opolitique en Afrique centrale (FPAE), situ\u00e9e \u00e0 Yaound\u00e9.<\/p>\n<p>M\u00eame s\u2019il est mont\u00e9 dans l\u2019avion pr\u00e9sidentiel, Blick Bassy garde son esprit critique. Il ne m\u00e2che pas ses mots \u00e0 l\u2019\u00e9gard des Instituts fran\u00e7ais, ces repr\u00e9sentations de la diplomatie culturelle, relevant du minist\u00e8re des affaires \u00e9trang\u00e8res, qui organisent cours de langue et \u00e9v\u00e9nements artistiques\u00a0: <i>\u00ab<small class=\"fine\">\u00a0<\/small>La France a une arme incroyable avec ce r\u00e9seau. Mais aujourd\u2019hui, ces Instituts sont entre les mains de diplomates qui cherchent avant tout un poste tr\u00e8s bien pay\u00e9 dans un pays exotique. Il faut changer la direction de ces structures, imaginer des codirections en incluant des membres de la diaspora.<small class=\"fine\">\u00a0<\/small>\u00bb<\/i><\/p>\n<p>\u00c0 Yaound\u00e9, l\u2019Institut fran\u00e7ais du Cameroun (IFC) est situ\u00e9 en plein centre-ville, sur l\u2019une des avenues les plus fr\u00e9quent\u00e9es de la capitale. M\u00eame si sa fa\u00e7ade a \u00e9t\u00e9 r\u00e9cemment d\u00e9cor\u00e9e par des artistes camerounais, l\u2019int\u00e9rieur du b\u00e2timent montre, lui, des signes de fatigue, avec des espaces mal agenc\u00e9s, et pour certains non exploit\u00e9s. En juillet, il va fermer ses portes pour deux ans\u00a0: d\u2019importants travaux, estim\u00e9s \u00e0 5\u00a0millions d\u2019euros, permettront d\u2019accueillir un Conseil des jeunes et une antenne de la future Maison des mondes africains, annonc\u00e9e par M.\u00a0Macron lors du sommet Afrique-France \u00e0 Montpellier, en octobre\u00a02021. <i>\u00ab<small class=\"fine\">\u00a0<\/small>Nous devons aujourd\u2019hui changer notre fonctionnement, nous transformer,<\/i> affirme d\u2019embl\u00e9e son directeur Yann Lorvo. <i>On \u00e9tait la maison des artistes, nous allons devenir la maison de la soci\u00e9t\u00e9 civile.<small class=\"fine\">\u00a0<\/small>\u00bb<\/i> Face \u00e0 l\u2019hostilit\u00e9, <i>\u00ab<small class=\"fine\">\u00a0<\/small>il ne faut pas lutter contre, mais travailler pour. Il faut cr\u00e9er une autre image de la France. Les jeunes attendent moins d\u2019id\u00e9ologie et plus de r\u00e9sultats<small class=\"fine\">\u00a0<\/small>\u00bb.<\/i><\/p>\n<p>L\u2019IFC multiplie les op\u00e9rations, au Cameroun mais aussi en France, o\u00f9 s\u2019est tenue r\u00e9cemment l\u2019exposition sur les chefferies traditionnelles, au Mus\u00e9e du quai Branly. Fort d\u2019un budget annuel de 6\u00a0millions d\u2019euros, il g\u00e8re les antennes de Yaound\u00e9 et de Douala, et est l\u2019un des mieux dot\u00e9s du r\u00e9seau \u2014 le Quai d\u2019Orsay \u00e0 l\u2019\u00e9vidence fait de cette partie du monde une priorit\u00e9 de sa diplomatie culturelle. L\u2019Institut fran\u00e7ais \u2014 l\u2019op\u00e9rateur du minist\u00e8re des affaires \u00e9trang\u00e8res et du minist\u00e8re de la culture pour l\u2019action culturelle ext\u00e9rieure de la France, qui travaille en relation avec les 98\u00a0Instituts \u00e0 l\u2019\u00e9tranger et les 386\u00a0Alliances fran\u00e7aises<span class=\"spip_note_ref\">\u00a0(<a target=\"_blank\" href=\"http:\/\/www.monde-diplomatique.fr\/2023\/06\/PECQUEUR\/65823#nb3\" class=\"spip_note\" rel=\"appendix\" title=\"Lire Pascal Corazza, \u00ab\u00a0Un rayonnement voil\u00e9\u00a0\u00bb, Le Monde diplomatique, novembre\u00a0\u00a0(...)\" id=\"nh3\">3<\/a>)<\/span> \u2014 par la voix de sa pr\u00e9sidente, Mme\u00a0Eva Nguyen Binh, le rappelle\u00a0: <i>\u00ab<small class=\"fine\">\u00a0<\/small>Notre mission originelle \u00e9tait de promouvoir la culture fran\u00e7aise \u00e0 l\u2019\u00e9tranger, mais aujourd\u2019hui nous devons apprendre \u00e0 nous effacer, \u00e0 \u00eatre beaucoup plus dans l\u2019\u00e9coute et dans la coconstruction avec nos partenaires locaux.<small class=\"fine\">\u00a0<\/small>\u00bb<\/i><\/p>\n<p>Ainsi, apr\u00e8s le coup d\u2019\u00c9tat de septembre\u00a02022 au Burkina Faso, dans le sillage de divers questionnements et troubles, des Instituts fran\u00e7ais ont \u00e9t\u00e9 directement pris pour cible d\u00e9but octobre. \u00c0 Ouagadougou et \u00e0 Bobo-Dioulasso, des livres ont \u00e9t\u00e9 br\u00fbl\u00e9s, des ordinateurs vol\u00e9s\u2026 <i>\u00ab<small class=\"fine\">\u00a0<\/small>Une foule de trois cents personnes a attaqu\u00e9 les blindages et a tout fait c\u00e9der,<\/i> nous raconte M.\u00a0Pierre Muller, directeur d\u00e9l\u00e9gu\u00e9 de l\u2019Institut de Ouagadougou. <i>D\u00e9sormais, la programmation se fait hors les murs, et exclut, pour des raisons de s\u00e9curit\u00e9, la venue d\u2019artistes \u00e9trangers.<small class=\"fine\">\u00a0<\/small>\u00bb<\/i> Aucun calendrier de r\u00e9ouverture n\u2019est annonc\u00e9. M.\u00a0Patrick Hauguel, directeur d\u00e9l\u00e9gu\u00e9 de l\u2019Institut de Yaound\u00e9, auparavant en poste \u00e0 celui de Ouagadougou, ressent un sentiment d\u2019impuissance\u00a0: \u00ab<small class=\"fine\">\u00a0<\/small><i>Dans la programmation, nous traitions justement des th\u00e8mes les plus sensibles, comme le sort des soldats africains dans l\u2019arm\u00e9e fran\u00e7aise ou la restitution des objets d\u2019art.<small class=\"fine\">\u00a0<\/small>\u00bb<\/i><\/p>\n<h3 class=\"spip\">Les Goethe-Institute ne d\u00e9pendent pas de l\u2019ambassade<\/h3>\n<p>Et si le probl\u00e8me r\u00e9sidait dans le choix des personnalit\u00e9s invit\u00e9es<small class=\"fine\">\u00a0<\/small>? C\u2019est ce que pense l\u2019anthropologue Jean-Loup Amselle, qui a particip\u00e9 cette ann\u00e9e \u00e0 la \u00ab<small class=\"fine\">\u00a0<\/small>Nuit des id\u00e9es<small class=\"fine\">\u00a0<\/small>\u00bb de l\u2019Institut du Cameroun. <i>\u00ab<small class=\"fine\">\u00a0<\/small>Dans les d\u00e9bats, il n\u2019y avait pas les personnalit\u00e9s intellectuelles marquantes du pays<small class=\"fine\">\u00a0<\/small>\u00bb,<\/i> d\u00e9plore-t-il, avant de nous raconter avoir demand\u00e9 \u00e0 l\u2019Institut fran\u00e7ais de rencontrer sur place l\u2019\u00e9crivain Lionel Manga et le cin\u00e9aste Jean-Pierre Bekolo. <i>\u00ab<small class=\"fine\">\u00a0<\/small>L\u2019Institut m\u2019a d\u00e9conseill\u00e9 de les voir, sous pr\u00e9texte qu\u2019ils auraient des positions critiques vis-\u00e0-vis de la France<small class=\"fine\">\u00a0<\/small>\u00bb,<\/i> s\u2019insurge l\u2019anthropologue, qui d\u00e9nonce une \u00ab<small class=\"fine\">\u00a0<\/small>liste noire<small class=\"fine\">\u00a0<\/small>\u00bb. De son c\u00f4t\u00e9, M.\u00a0Rapha\u00ebl Mouchangou, coordinateur des programmes du Goethe-Institut de Yaound\u00e9, le centre culturel allemand, tient \u00e0 souligner une diff\u00e9rence de taille\u00a0: <i>\u00ab<small class=\"fine\">\u00a0<\/small>Contrairement aux Instituts fran\u00e7ais, nous ne sommes pas li\u00e9s \u00e0 notre ambassade. On peut donc \u00eatre bien plus libres, plus critiques dans nos contenus.<small class=\"fine\">\u00a0<\/small>\u00bb<\/i> En 2020, un vaste projet scientifique et culturel sur la colonisation a ainsi r\u00e9uni les Goethe-Institute des six pays africains ayant connu la domination allemande.<\/p>\n<p>Nous sommes all\u00e9s rencontrer l\u2019un des artistes \u00ab<small class=\"fine\">\u00a0<\/small>blacklist\u00e9s<small class=\"fine\">\u00a0<\/small>\u00bb, Jean-Pierre Bekolo, dans son fief de Yaound\u00e9, le \u00ab<small class=\"fine\">\u00a0<\/small>Quartier Mozart<small class=\"fine\">\u00a0<\/small>\u00bb. Mobilier de r\u00e9cup\u00e9ration, si\u00e8ges recouverts de sacs de march\u00e9, ce lieu est tout \u00e0 la fois un caf\u00e9, une salle de concert et une galerie d\u2019exposition. <i>\u00ab<small class=\"fine\">\u00a0<\/small>Il y a plus de censure de la France que du Cameroun<small class=\"fine\">\u00a0<\/small>\u00bb,<\/i> regrette le r\u00e9alisateur, pour qui <i>\u00ab<small class=\"fine\">\u00a0<\/small>la culture est aujourd\u2019hui instrumentalis\u00e9e par la France<small class=\"fine\">\u00a0<\/small>\u00bb.<\/i> Plut\u00f4t que de <i>\u00ab<small class=\"fine\">\u00a0<\/small>faire un vrai travail sur l\u2019h\u00e9ritage colonial, Emmanuel Macron se contente de mettre en avant des artistes qui traitent de ce th\u00e8me dans leurs \u0153uvres, comme Blick Bassy. C\u2019est une manipulation<small class=\"fine\">\u00a0<\/small>\u00bb,<\/i> poursuit-il. Mais alors que penser de la commission sur la guerre d\u2019ind\u00e9pendance<small class=\"fine\">\u00a0<\/small>? <i>\u00ab<small class=\"fine\">\u00a0<\/small>Regardez sa composition. Il n\u2019y a que des gens qui partagent le m\u00eame point de vue. Si la commission voulait \u00eatre juste, elle aurait par exemple invit\u00e9 Nathalie Yamb.<small class=\"fine\">\u00a0<\/small>\u00bb<\/i><\/p>\n<p>Un nom qui fait fr\u00e9mir les chancelleries occidentales. Mme\u00a0Yamb est une activiste helv\u00e9to-camerounaise qui ne cesse de combattre la pr\u00e9sence fran\u00e7aise en Afrique et de d\u00e9fendre la Russie. Surnomm\u00e9e \u00ab<small class=\"fine\">\u00a0<\/small>la dame de Sotchi<small class=\"fine\">\u00a0<\/small>\u00bb depuis le discours hostile \u00e0 la France qu\u2019elle a prononc\u00e9 au sommet Russie-Afrique de 2019 sur les rives de la mer Noire, elle est interdite d\u2019entr\u00e9e et de s\u00e9jour sur le territoire fran\u00e7ais depuis janvier\u00a02022. Le minist\u00e8re de l\u2019int\u00e9rieur a justifi\u00e9 cette mesure en \u00e9voquant les <i>\u00ab<small class=\"fine\">\u00a0<\/small>graves troubles \u00e0 l\u2019ordre public<small class=\"fine\">\u00a0<\/small>\u00bb<\/i> que l\u2019activiste pourrait provoquer en raison de la <i>\u00ab<small class=\"fine\">\u00a0<\/small>haine profonde qu\u2019elle entretient \u00e0 l\u2019\u00e9gard de la France<small class=\"fine\">\u00a0<\/small>\u00bb<\/i><span class=\"spip_note_ref\">\u00a0(<a target=\"_blank\" href=\"http:\/\/www.monde-diplomatique.fr\/2023\/06\/PECQUEUR\/65823#nb4\" class=\"spip_note\" rel=\"appendix\" title=\"\u00ab\u00a0La France informe Nathalie Yamb de son interdiction d\u2019entr\u00e9e et de s\u00e9jour\u00a0(...)\" id=\"nh4\">4<\/a>)<\/span>. La proximit\u00e9 de Mme\u00a0Yamb avec Moscou est un autre grief de Paris, tout ce qui concerne la Russie \u00e9tant devenu l\u2019un des points de crispation majeurs de la diplomatie culturelle en Afrique subsaharienne.<\/p>\n<p>Apr\u00e8s avoir mis\u00e9 sur la coop\u00e9ration militaire, le Kremlin commence d\u2019ailleurs \u00e0 pousser ses pions dans le domaine culturel. Il utilise comme terrain d\u2019action la Centrafrique, dont le gouvernement lui est acquis, en y impliquant des personnalit\u00e9s du Cameroun voisin. C\u2019est ainsi que l\u2019homme d\u2019affaires \u00c9mile Parfait Simb, originaire de Douala mais qui a fui son pays apr\u00e8s avoir \u00e9t\u00e9 poursuivi pour escroquerie, a cr\u00e9\u00e9 en ao\u00fbt dernier \u00e0 Bangui l\u2019Organisation africaine de la russophonie. Sa mission est de promouvoir la langue et la culture russes. <i>\u00ab<small class=\"fine\">\u00a0<\/small>Il est urgent que nous soyons polyglottes pour sortir du joug colonial et linguistique de certains pays colonisateurs<small class=\"fine\">\u00a0<\/small>\u00bb,<\/i> affirme M.\u00a0Simb, dans un entretien \u00ab<small class=\"fine\">\u00a0<\/small>exclusif<small class=\"fine\">\u00a0<\/small>\u00bb accord\u00e9 au premier num\u00e9ro du magazine <i>RussAfrik<\/i> (\u00e9dit\u00e9 \u00e0 Moscou et publi\u00e9 en langue fran\u00e7aise, paru au premier trimestre\u00a02023). Il y annonce la cr\u00e9ation d\u2019antennes africaines de l\u2019universit\u00e9 russe de l\u2019Amiti\u00e9 des peuples\u00a0: <i>\u00ab<small class=\"fine\">\u00a0<\/small>Au lieu de faire une ann\u00e9e pr\u00e9paratoire en Russie pour \u00e9tudier la langue, vous pouvez d\u00e9sormais la faire en Afrique et obtenir un dipl\u00f4me sign\u00e9 par le minist\u00e8re de l\u2019\u00e9ducation de Russie.<small class=\"fine\">\u00a0<\/small>\u00bb<\/i> La premi\u00e8re antenne a \u00e9t\u00e9 mise en place cette ann\u00e9e au Cameroun.<\/p>\n<p>\u00c0 Bangui, l\u2019Organisation africaine de la russophonie vient s\u2019ajouter \u00e0 un centre culturel, appel\u00e9 \u00ab<small class=\"fine\">\u00a0<\/small>Maison russe<small class=\"fine\">\u00a0<\/small>\u00bb, ouvert \u00e0 l\u2019\u00e9t\u00e9\u00a02021, directement g\u00e9r\u00e9 par le groupe paramilitaire Wagner. Son directeur, M.\u00a0Dmitri Syty, titulaire d\u2019un master en gestion culturelle de l\u2019universit\u00e9 de Barcelone, est un proche de M.\u00a0Evgueni Prigojine, le fondateur de l\u2019organisation. Visage \u00ab<small class=\"fine\">\u00a0<\/small>civil<small class=\"fine\">\u00a0<\/small>\u00bb de Wagner, M.\u00a0Syty a \u00e9t\u00e9 bless\u00e9 en d\u00e9cembre dernier par un colis pi\u00e9g\u00e9. Le groupe russe a incrimin\u00e9 la France, cette derni\u00e8re rejetant <i>\u00ab<small class=\"fine\">\u00a0<\/small>des accusations fantaisistes<small class=\"fine\">\u00a0<\/small>\u00bb.<\/i> Rouverte rapidement apr\u00e8s l\u2019attaque, la Maison russe de Bangui a recommenc\u00e9 \u00e0 donner gratuitement des cours de langue et a aussi lanc\u00e9 en janvier la fabrication de sa propre bi\u00e8re. <i>\u00ab<small class=\"fine\">\u00a0<\/small>La Russie utilise la culture \u00e0 des seules fins de propagande,<\/i> constate M.\u00a0Fran\u00e7ois Wittersheim, qui a dirig\u00e9 l\u2019Alliance fran\u00e7aise de Bangui de 2020 \u00e0 2022. <i>La langue russe est d\u00e9sormais obligatoire dans les universit\u00e9s centrafricaines. La France doit jouer \u00e0 fond la carte de la coop\u00e9ration, sinon les Russes vont s\u2019engouffrer dans cette br\u00e8che.<small class=\"fine\">\u00a0<\/small>\u00bb<\/i><\/p>\n<h3 class=\"spip\">Une cha\u00eene prorusse suspendue sous pression de Paris<\/h3>\n<p>\u00c0 Yaound\u00e9, le Centre culturel russe occupe un b\u00e2timent modeste du quartier de Bastos, o\u00f9 l\u2019on trouve ambassades et organisations internationales. <i>\u00ab<small class=\"fine\">\u00a0<\/small>Nous proposons des cours d\u2019initiation \u00e0 la langue russe d\u00e8s l\u2019\u00e2ge de 4\u00a0ans, accompagnons les \u00e9tudiants dans leurs demandes de bourse, ou m\u00eame les hommes d\u2019affaires dans leurs formalit\u00e9s<small class=\"fine\">\u00a0<\/small>\u00bb,<\/i> explique Mme\u00a0Svetlana Agogho, sa fondatrice. Assise devant des photographies de la place Rouge et du Kremlin, elle nous glisse que <i>\u00ab<small class=\"fine\">\u00a0<\/small>des Camerounais ont contact\u00e9 le Centre culturel pour s\u2019engager aux c\u00f4t\u00e9s de la Russie dans la guerre en Ukraine. Mais ce n\u2019est pas notre mission<small class=\"fine\">\u00a0<\/small>\u00bb.<\/i><\/p>\n<p>Moscou sait aussi utiliser la culture pour s\u00e9duire la presse camerounaise. <i>\u00ab<small class=\"fine\">\u00a0<\/small>L\u2019ambassade de Russie offre des voyages aux journalistes pour d\u00e9couvrir la culture russe<small class=\"fine\">\u00a0<\/small>\u00bb,<\/i> constate M.\u00a0Denis Omgba Bomba, directeur de l\u2019Observatoire national des m\u00e9dias et de l\u2019opinion publique. C\u2019est \u00e0 Douala que se trouve Afrique M\u00e9dia, l\u2019une des cha\u00eenes de t\u00e9l\u00e9vision les plus prorusses du continent. Sa diffusion a r\u00e9cemment \u00e9t\u00e9 suspendue <i>\u00ab<small class=\"fine\">\u00a0<\/small>sous pression diplomatique de la France<small class=\"fine\">\u00a0<\/small>\u00bb,<\/i> nous dit-on au minist\u00e8re de la communication camerounais. La cha\u00eene est aujourd\u2019hui accessible sur l\u2019op\u00e9rateur chinois StarTimes mais ne l\u2019est plus sur Canal Satellite, propri\u00e9t\u00e9 de M.\u00a0Vincent Bollor\u00e9.<\/p>\n<p>Face \u00e0 ces multiples ing\u00e9rences culturelles, \u00e9tatiques comme priv\u00e9es, des artistes camerounais militent pour que leur pays se r\u00e9approprie sa culture. <i>\u00ab<small class=\"fine\">\u00a0<\/small>Les langues africaines sont consid\u00e9r\u00e9es comme de seconde zone. On les qualifie encore de patois. Il faut les remettre \u00e0 l\u2019honneur<small class=\"fine\">\u00a0<\/small>\u00bb,<\/i> pr\u00e9conise ainsi le pianiste Ruben Binam, qui se pr\u00e9sente en d\u00e9fenseur de la cause panafricaine. Un d\u00e9fi majeur en l\u2019absence de moyens financiers importants.<\/p>\n<\/p><\/div>\n<p><br \/>\n<br \/><a href=\"https:\/\/www.monde-diplomatique.fr\/2023\/06\/PECQUEUR\/65823\" target=\"_blank\"\">Source link <\/a><\/p>\n","protected":false},"excerpt":{"rendered":"<p>\u00c9mile Donna Nlend. \u2014 \u00ab\u00a0La Prairie 05 &#8211; Le mandat fran\u00e7ais\u00a0\u00bb, 2019 \u00a9 \u00c9mile Donna Nlend &#8211; @emiledonna Au Centre d\u2019\u00e9tudes turques, ouvert depuis un an au sein de l\u2019universit\u00e9&hellip; <\/p>\n","protected":false},"author":1,"featured_media":422,"comment_status":"open","ping_status":"open","sticky":false,"template":"","format":"standard","meta":{"footnotes":""},"categories":[1],"tags":[],"class_list":["post-421","post","type-post","status-publish","format-standard","has-post-thumbnail","hentry","category-non-classe"],"_links":{"self":[{"href":"https:\/\/monde25.info\/index.php\/wp-json\/wp\/v2\/posts\/421","targetHints":{"allow":["GET"]}}],"collection":[{"href":"https:\/\/monde25.info\/index.php\/wp-json\/wp\/v2\/posts"}],"about":[{"href":"https:\/\/monde25.info\/index.php\/wp-json\/wp\/v2\/types\/post"}],"author":[{"embeddable":true,"href":"https:\/\/monde25.info\/index.php\/wp-json\/wp\/v2\/users\/1"}],"replies":[{"embeddable":true,"href":"https:\/\/monde25.info\/index.php\/wp-json\/wp\/v2\/comments?post=421"}],"version-history":[{"count":0,"href":"https:\/\/monde25.info\/index.php\/wp-json\/wp\/v2\/posts\/421\/revisions"}],"wp:featuredmedia":[{"embeddable":true,"href":"https:\/\/monde25.info\/index.php\/wp-json\/wp\/v2\/media\/422"}],"wp:attachment":[{"href":"https:\/\/monde25.info\/index.php\/wp-json\/wp\/v2\/media?parent=421"}],"wp:term":[{"taxonomy":"category","embeddable":true,"href":"https:\/\/monde25.info\/index.php\/wp-json\/wp\/v2\/categories?post=421"},{"taxonomy":"post_tag","embeddable":true,"href":"https:\/\/monde25.info\/index.php\/wp-json\/wp\/v2\/tags?post=421"}],"curies":[{"name":"wp","href":"https:\/\/api.w.org\/{rel}","templated":true}]}}