{"id":4274,"date":"2025-03-12T08:53:51","date_gmt":"2025-03-12T07:53:51","guid":{"rendered":"https:\/\/monde25.info\/index.php\/2025\/03\/12\/les-francais-ne-travaillent-pas-assez-vraiment\/"},"modified":"2025-03-12T08:53:51","modified_gmt":"2025-03-12T07:53:51","slug":"les-francais-ne-travaillent-pas-assez-vraiment","status":"publish","type":"post","link":"https:\/\/monde25.info\/index.php\/2025\/03\/12\/les-francais-ne-travaillent-pas-assez-vraiment\/","title":{"rendered":"Les Fran\u00e7ais ne travaillent pas assez, vraiment ?"},"content":{"rendered":"<p> <br \/>\n<\/p>\n<div>\n<div class=\"td-post-featured-image\">\n<figure><img loading=\"lazy\" decoding=\"async\" width=\"696\" height=\"392\" class=\"entry-thumb\" src=\"https:\/\/mrmondialisation.org\/wp-content\/uploads\/2025\/03\/travail-1-696x392.jpg\" srcset=\"https:\/\/mrmondialisation.org\/wp-content\/uploads\/2025\/03\/travail-1-696x392.jpg 696w, https:\/\/mrmondialisation.org\/wp-content\/uploads\/2025\/03\/travail-1-1024x576.jpg 1024w, https:\/\/mrmondialisation.org\/wp-content\/uploads\/2025\/03\/travail-1-768x432.jpg 768w, https:\/\/mrmondialisation.org\/wp-content\/uploads\/2025\/03\/travail-1-1068x601.jpg 1068w, https:\/\/mrmondialisation.org\/wp-content\/uploads\/2025\/03\/travail-1-747x420.jpg 747w, https:\/\/mrmondialisation.org\/wp-content\/uploads\/2025\/03\/travail-1.jpg 1280w\" sizes=\"auto, (max-width: 696px) 100vw, 696px\" alt=\"Les Fran\u00e7ais ne travaillent pas assez, vraiment\u00a0?\" title=\"Les Fran\u00e7ais ne travaillent pas assez, vraiment\u00a0?\"\/><figcaption class=\"wp-caption-text\">Les Fran\u00e7ais ne travaillent pas assez, vraiment\u00a0?<\/figcaption><\/figure>\n<\/div>\n<div class=\"td-a-rec td-a-rec-id-content_top_mob \"><span class=\"td-adspot-title\">&#8211; Information &#8211;<\/span><a target=\"_blank\" href=\"https:\/\/fr.tipeee.com\/mr-mondialisation\" class=\"tipeee-project-small\">Soutenir Mr Japanization sur Tipeee<\/a>\n<\/div>\n<h4><strong>Depuis aussi longtemps que le patronat existe, ceux qui poss\u00e8dent les moyens de production pr\u00e9tendent que les travailleurs ne passent pas assez d\u2019heures \u00e0 la t\u00e2che. Pour apporter de l\u2019eau \u00e0 ce moulin, un argument revient souvent dans la bouche de la bourgeoisie et de ses relais : il y aurait un manque <\/strong><strong>fran\u00e7ais <\/strong><strong>de motivation, responsable des crises socio-\u00e9conomiques du pays. Debunk.<\/strong><\/h4>\n<p>Loin des poncifs v\u00e9hicul\u00e9s par les d\u00e9fenseurs de la croissance et des grandes entreprises, <strong>les Fran\u00e7ais travaillent en r\u00e9alit\u00e9 plus que la moyenne europ\u00e9enne et sont en outre bien moins pay\u00e9s dans bon nombre de secteurs.<\/strong> Affirmer le contraire est surtout une fa\u00e7on de <strong>diviser les Fran\u00e7ais tout en enrichissant toujours plus les d\u00e9tenteurs du capital.<\/strong> De plus, aller dans cette direction va \u00e9galement totalement \u00e0 l\u2019encontre du bien \u00eatre des citoyens, mais aussi de notre int\u00e9r\u00eat \u00e9cologique.<\/p>\n<h2><strong>Une vieille marotte de la droite et de l\u2019extr\u00eame droite<\/strong><\/h2>\n<p>Le sujet revient tr\u00e8s r\u00e9guli\u00e8rement sur la table par le biais de la droite de l\u2019\u00e9chiquier politique ; si la France a tant de difficult\u00e9s budg\u00e9taires, ce serait parce que les Fran\u00e7ais ne produisent pas assez par leur travail. <strong>En octobre dernier, c\u2019est l\u2019ex-ministre de l\u2019Int\u00e9rieur G\u00e9rald Darmanin (au <a target=\"_blank\" href=\"https:\/\/mrmondialisation.org\/repressif-menteur-abusif-les-casseroles-de-darmanin\/\">parcours plus que sinueux<\/a> et d\u2019ailleurs lui-m\u00eame <a target=\"_blank\" href=\"https:\/\/www.streetpress.com\/sujet\/1694091351-gerald-darmanin-emploi-fictif-parlement-europeen-stage-accusation\">accus\u00e9 d\u2019emploi fictif<\/a>)<\/strong>, qui a <a target=\"_blank\" href=\"https:\/\/www.francetvinfo.fr\/economie\/budget\/temps-de-travail-l-ancien-ministre-gerald-darmanin-veut-mettre-fin-definitivement-aux-35-heures-dans-le-secteur-prive_6822074.html\">remis une pi\u00e8ce<\/a> dans la machine, expliquant qu\u2019il fallait en finir avec les 35 heures et que l\u2019on devait envisager de supprimer un autre jour f\u00e9ri\u00e9.<\/p>\n<p><iframe loading=\"lazy\" title=\"RETRAITES, 35H, ETC : IL EST URGENT DE TRAVAILLER MOINS\" width=\"1110\" height=\"624\" src=\"https:\/\/www.youtube.com\/embed\/0XPRVXqK3S8?feature=oembed\" frameborder=\"0\" allow=\"accelerometer; autoplay; clipboard-write; encrypted-media; gyroscope; picture-in-picture; web-share\" referrerpolicy=\"strict-origin-when-cross-origin\" allowfullscreen><\/iframe><\/p>\n<p>Et il est loin d\u2019\u00eatre le premier \u00e0 tenir de tels raisonnements. <strong>Les 35 heures ont continuellement \u00e9t\u00e9 combattues par la droite et l\u2019extr\u00eame droite depuis leur installation sous la conduite de Lionel Jospin.<\/strong> Et m\u00eame si elles sont officiellement toujours en place, elles ont largement \u00e9t\u00e9 d\u00e9tricot\u00e9es par plusieurs dispositifs, successivement constitu\u00e9s par les gouvernements Sarkozy, Hollande et Macron. <a target=\"_blank\" href=\"https:\/\/www.liberation.fr\/checknews\/11-000-euros-ou-15-000-euros-quel-est-le-vrai-montant-de-la-retraite-de-francois-hollande-20230209_MDONB2HSNFGDZHZTVMNNB6LU64\/\">Il est d\u2019ailleurs int\u00e9ressant de noter que <strong>Hollande per\u00e7oit apr\u00e8s pr\u00e9l\u00e8vement <i>\u00ab10 973 euros\u00bb<\/i> de retraite par mois.<\/strong><\/a><\/p>\n<h2><strong>Macron et Le Pen, d\u2019accord sur l\u2019essentiel<\/strong><\/h2>\n<p><strong>Sarkosy, pr\u00e9sident de 2007 \u00e0 2012 (d\u00e9j\u00e0 responsable de la fin de la retraite \u00e0 60 ans) <a target=\"_blank\" href=\"https:\/\/www.europe1.fr\/economie\/nicolas-sarkozy-le-probleme-economique-de-la-france-est-simple-on-ne-travaille-pas-assez-4270275\">revient constamment<\/a> \u00e0 la charge,<\/strong> appuyant G\u00e9rald Darmanin le mois dernier sur l\u2019id\u00e9e que les Fran\u00e7ais ne travailleraient pas assez et qu\u2019il faudrait en finir avec les 35 heures.<\/p>\n<p><strong>Un point commun avec Marine Le Pen<\/strong> qui, en 2017, <a target=\"_blank\" href=\"https:\/\/www.youtube.com\/watch?v=04w8huVI7vw&amp;t\">affirmait clairement devant le MEDEF<\/a> que son parti avait \u00ab\u00a0<em>toujours \u00e9t\u00e9 oppos\u00e9 aux 35 heures<\/em>\u00a0\u00bb.<strong> Son homologue autrichien d\u2019extr\u00eame droite, lors de son passage au pouvoir, avait m\u00eame autoris\u00e9 le temps d\u2019activit\u00e9 hebdomadaire <a target=\"_blank\" href=\"https:\/\/www.lsa-conso.fr\/coronavirus-la-duree-du-travail-va-etre-portee-a-60h-par-semaine,344080\">jusqu\u2019\u00e0 60 heures<\/a> dans son pays.<\/strong><\/p>\n<p>Enfin, <strong>du c\u00f4t\u00e9 d\u2019Emmanuel Macron, le son de cloche est le m\u00eame<\/strong> puisque l\u2019actuel pr\u00e9sident a confirm\u00e9 \u00e0 plusieurs reprises son souhait de voir les Fran\u00e7ais consacrer plus d\u2019heures \u00e0 la t\u00e2che,<a target=\"_blank\" href=\"https:\/\/www.francetvinfo.fr\/internet\/reseaux-sociaux\/desintox-non-les-francais-ne-travaillent-pas-moins-que-leurs-voisins-europeens_4813247.html\"> assurant<\/a> qu\u2019ils \u00ab\u00a0<em>travaillaient moins que leurs voisins<\/em>\u00a0\u00bb. Une volont\u00e9 qu\u2019il n\u2019a d\u2019ailleurs pas h\u00e9sit\u00e9 \u00e0 concr\u00e9tiser dans la loi par le biais de la r\u00e9forme de retraites \u00e0 64 ans.<\/p>\n<h2><strong>La France travaille plus et mieux que la moyenne europ\u00e9enne<\/strong><\/h2>\n<p>Toutefois, dans les faits, les salari\u00e9s fran\u00e7ais sont \u00e0 la t\u00e2che largement aussi longtemps que ceux de leurs voisins europ\u00e9ens. <strong>Ainsi, si <a target=\"_blank\" href=\"https:\/\/www.lemonde.fr\/les-decodeurs\/article\/2019\/04\/29\/non-les-salaries-francais-ne-travaillent-pas-moins-que-leurs-voisins_5456229_4355770.html\">la moyenne continentale<\/a> s\u2019\u00e9levait en 2019 \u00e0 37,1 heures par semaine, celle de l\u2019hexagone grimpe \u00e0 37,3. <\/strong>C\u2019est plus que certaines autres pays d\u2019Europe, comme l\u2019Italie (37,2), le Royaume-Uni (36,5) et m\u00eame l\u2019Allemagne (34,9).<\/p>\n<p><strong>La France dispose \u00e9galement d\u2019un tr\u00e8s bon indice de productivit\u00e9<\/strong> puisqu\u2019elle se situe parmi les meilleurs \u00e9l\u00e8ves du continent, devant de nombreux pays comme l\u2019Allemagne, le Royaume-Uni, l\u2019Italie, l\u2019Espagne, ou le Portugal.<\/p>\n<h2><strong>Travailler plus pour r\u00e9mun\u00e9rer les actionnaires<\/strong><\/h2>\n<p>Au-del\u00e0 de ces absurdes comparaisons, cette volont\u00e9 de faire travailler plus r\u00e9pond en r\u00e9alit\u00e9 \u00e0 <strong>une seule intention : celle de faire la fortune de ceux qui ne produisent rien.<\/strong><\/p>\n<div class=\"td-a-rec td-a-rec-id-content_inline_mob \"><span class=\"td-adspot-title\">&#8211; Information &#8211;<\/span><a target=\"_blank\" href=\"https:\/\/fr.tipeee.com\/mr-mondialisation\" class=\"tipeee-project-small\">Soutenir Mr Japanization sur Tipeee<\/a>\n<\/div>\n<p>Autrement dit, les gouvernements successifs n\u00e9olib\u00e9raux demandent \u00e0 la population de <strong>se tuer \u00e0 la t\u00e2che plus durement pour conc\u00e9der \u00e0 une minorit\u00e9 poss\u00e9dante d\u2019accro\u00eetre chaque jour un peu plus son capital.<\/strong><\/p>\n<p><iframe loading=\"lazy\" title=\"LES ACTIONNAIRES NE SERVENT \u00c0 RIEN. ON VOUS LE PROUVE !\" width=\"1110\" height=\"624\" src=\"https:\/\/www.youtube.com\/embed\/c2cmK1di-t4?feature=oembed\" frameborder=\"0\" allow=\"accelerometer; autoplay; clipboard-write; encrypted-media; gyroscope; picture-in-picture; web-share\" referrerpolicy=\"strict-origin-when-cross-origin\" allowfullscreen><\/iframe><\/p>\n<p>Celui-ci progresse d\u2019une part parce que <strong>la valeur cr\u00e9\u00e9e par les salari\u00e9s ne cesse d\u2019augmenter,<\/strong> mais aussi, d\u2019autre part, parce que passer plus de temps \u00e0 l\u2019oeuvre permet d\u2019<strong>\u00e9viter de taxer davantage les personnes les mieux loties<\/strong>. Les chiffres parlent d\u2019ailleurs d\u2019eux-m\u00eames puisque <strong>la fortune des 500 familles les plus ais\u00e9es de France a r\u00e9cemment explos\u00e9 <a target=\"_blank\" href=\"https:\/\/www.lemonde.fr\/les-decodeurs\/article\/2019\/04\/29\/non-les-salaries-francais-ne-travaillent-pas-moins-que-leurs-voisins_5456229_4355770.html\">tous les records<\/a>.<\/strong><\/p>\n<p><strong>Au d\u00e9but des ann\u00e9es 80, la part de la richesse produite dans le pays revenant aux travailleurs \u00e9tait de 75 %<\/strong>\u00a0; elle s\u2019est \u00e0 l\u2019heure actuelle<a target=\"_blank\" href=\"https:\/\/linsoumission.fr\/2023\/04\/24\/casse-travail-capital-250-milliards\/\"> effondr\u00e9e<\/a> \u00e0 65 %. Ainsi \u00e0 l\u2019instar du <a target=\"_blank\" href=\"https:\/\/bonpote.com\/le-jour-du-depassement-definition-enjeux-et-limites\/\">jour du d\u00e9passement \u00e9cologique<\/a>, et de celui de <a target=\"_blank\" href=\"https:\/\/linsoumission.fr\/2023\/11\/06\/2023-6-novembre-11h25-femmes\/\">l\u2019\u00e9galit\u00e9 salariale<\/a> entre les hommes et les femmes, il a pu \u00eatre calcul\u00e9 <strong>une date th\u00e9orique \u00e0 partir de laquelle les employ\u00e9s triment uniquement pour <a target=\"_blank\" href=\"https:\/\/www.marianne.net\/economie\/jour-du-depassement-capitaliste-a-partir-de-ce-4-octobre-vous-travaillez-pour-remunerer-les-actionnaires\">r\u00e9mun\u00e9rer les actionnaires\u00a0<\/a>; en 2024, ce jour arrivait le 4 octobre.<\/strong><\/p>\n<h2><strong>Diviser pour mieux r\u00e9gner<\/strong><\/h2>\n<p>\u00c9videmment, demander aux Fran\u00e7ais plus de temps \u00e0 la t\u00e2che est loin d\u2019\u00eatre une sollicitation populaire. <strong>En 2016, un sondage d\u00e9montrait d\u2019ailleurs que deux tiers des interrog\u00e9s s\u2019opposaient \u00e0 <a target=\"_blank\" href=\"https:\/\/www.ouest-france.fr\/economie\/emploi\/droit-du-travail\/sondage-deux-tiers-des-salaries-opposes-la-suppression-des-35-heures-4685060\">la fin des 35 heures<\/a>.<\/strong> <a target=\"_blank\" href=\"https:\/\/mrmondialisation.org\/5-mensonges-macron-retraite\/\">D\u2019autres enqu\u00eates<\/a> avaient \u00e9galement affich\u00e9 en 2023 une obstruction massive des citoyens \u00e0 la r\u00e9forme des retraites et m\u00eame un souhait de partir \u00e0 60 ans.<\/p>\n<p>Pour tenter de faire passer cette id\u00e9e qu\u2019il faudrait travailler plus, les lib\u00e9raux s\u2019appuient donc sur des poncifs pointant du doigt les plus pauvres et une partie de la population. <strong>D\u00e9signant tant\u00f4t <a target=\"_blank\" href=\"https:\/\/mrmondialisation.org\/non-chomeurs-refus-travailler\/\">les ch\u00f4meurs<\/a>, les <a target=\"_blank\" href=\"https:\/\/mrmondialisation.org\/france-des-assistes-9-arguments-contre-ce-prejuge\/\">\u00ab\u00a0assist\u00e9s\u00a0\u00bb,<\/a> ou <a target=\"_blank\" href=\"https:\/\/mrmondialisation.org\/sortir-haine-5-prejuges-immigration\/\">les immigr\u00e9s<\/a>, comme les responsables de la d\u00e9liquescence de la nation, ils s\u2019attellent ainsi \u00e0 diviser les classes populaires<\/strong> entre elles afin de d\u00e9tourner leur attention des 1 % de privil\u00e9gi\u00e9s qui accaparent l\u2019essentiel des richesses du pays.<\/p>\n<h2><strong>Une n\u00e9cessit\u00e9 plan\u00e9taire<\/strong><\/h2>\n<p>Et pourtant bien au-del\u00e0 du sujet \u00e9conomique, <strong>la question du temps pass\u00e9 en emploi m\u00e9riterait au contraire d\u2019\u00eatre pos\u00e9e sous l\u2019angle du sens de l\u2019Histoire et du progr\u00e8s,<\/strong> c\u2019est-\u00e0-dire <a target=\"_blank\" href=\"https:\/\/mrmondialisation.org\/5-raisons-reduire-temps-travail\/\" target=\"_blank\" rel=\"noopener\">vers sa r\u00e9duction<\/a>.<\/p>\n<p>En effet, <strong>\u00e0 l\u2019heure o\u00f9 le ch\u00f4mage gangr\u00e8ne nos soci\u00e9t\u00e9s, il est totalement absurde de vouloir augmenter la dur\u00e9e de travail individuel\u00a0; il devrait \u00e0 l\u2019inverse \u00eatre diminu\u00e9 pour permettre de r\u00e9partir les postes entre tous.<\/strong> Une situation qui demanderait cependant un plus grand partage du fruit des richesses produites, ce qui est sans doute ce qui cr\u00e9e le plus de frayeurs \u00e0 la minorit\u00e9 poss\u00e9dante.<\/p>\n<p><iframe loading=\"lazy\" title=\"LA REDUCTION COLLECTIVE DU TEMPS DE TRAVAIL\" width=\"1110\" height=\"624\" src=\"https:\/\/www.youtube.com\/embed\/md30cDOlNTs?feature=oembed\" frameborder=\"0\" allow=\"accelerometer; autoplay; clipboard-write; encrypted-media; gyroscope; picture-in-picture; web-share\" referrerpolicy=\"strict-origin-when-cross-origin\" allowfullscreen><\/iframe><\/p>\n<p>En outre, il faudrait aussi <strong>sans aucun doute mettre sur la table la question de nos r\u00e9els besoins et de notre production.<\/strong> De ce point de vue, il est absolument indiscutable que l\u2019humanit\u00e9 fabrique beaucoup trop de choses par rapport \u00e0 ses n\u00e9cessit\u00e9s effectives.<\/p>\n<p>Un constat qui va de pair avec une autre \u00e9vidence\u00a0; <strong>\u00e0 vouloir cro\u00eetre toujours plus, une minorit\u00e9 de la plan\u00e8te consomme bien plus de ressources que ce que la terre ne peut lui en fournir.<\/strong> Et si les plus ais\u00e9s de la plan\u00e8te refusent encore longtemps d\u2019admettre ces donn\u00e9es, leur avidit\u00e9 finira sans aucun doute par se heurter \u00e0 <strong>un mur infranchissable\u00a0: celui de la r\u00e9alit\u00e9 et des limites de notre monde.<\/strong><\/p>\n<p style=\"text-align: right;\"><strong><em>\u2013 Simon Verdi\u00e8re<\/em><\/strong><\/p>\n<div class=\"td-a-rec td-a-rec-id-content_bottom_mob \"><span class=\"td-adspot-title\">&#8211; Information &#8211;<\/span><\/p>\n<div class=\"td-all-devices\">\n    <a target=\"_blank\" href=\"https:\/\/mrmondialisation.org\/donation\/\" title=\"Faire_un_don\"><img decoding=\"async\" class=\"donationArticle\" src=\"https:\/\/mrmondialisation.org\/wp-content\/uploads\/2022\/12\/220405-flikalicious-final.jpg\" alt=\"Donation\"\/><\/a>\n<\/div>\n<\/div><\/div>\n<p><br \/>\n<br \/><a href=\"https:\/\/mrmondialisation.org\/francais-travaillent-pas-assez\/\" target=\"_blank\"\">Source link <\/a><\/p>\n","protected":false},"excerpt":{"rendered":"<p>Les Fran\u00e7ais ne travaillent pas assez, vraiment\u00a0? &#8211; Information &#8211;Soutenir Mr Japanization sur Tipeee Depuis aussi longtemps que le patronat existe, ceux qui poss\u00e8dent les moyens de production pr\u00e9tendent que&hellip; <\/p>\n","protected":false},"author":1,"featured_media":4275,"comment_status":"open","ping_status":"open","sticky":false,"template":"","format":"standard","meta":{"footnotes":""},"categories":[1],"tags":[],"class_list":["post-4274","post","type-post","status-publish","format-standard","has-post-thumbnail","hentry","category-non-classe"],"_links":{"self":[{"href":"https:\/\/monde25.info\/index.php\/wp-json\/wp\/v2\/posts\/4274","targetHints":{"allow":["GET"]}}],"collection":[{"href":"https:\/\/monde25.info\/index.php\/wp-json\/wp\/v2\/posts"}],"about":[{"href":"https:\/\/monde25.info\/index.php\/wp-json\/wp\/v2\/types\/post"}],"author":[{"embeddable":true,"href":"https:\/\/monde25.info\/index.php\/wp-json\/wp\/v2\/users\/1"}],"replies":[{"embeddable":true,"href":"https:\/\/monde25.info\/index.php\/wp-json\/wp\/v2\/comments?post=4274"}],"version-history":[{"count":0,"href":"https:\/\/monde25.info\/index.php\/wp-json\/wp\/v2\/posts\/4274\/revisions"}],"wp:featuredmedia":[{"embeddable":true,"href":"https:\/\/monde25.info\/index.php\/wp-json\/wp\/v2\/media\/4275"}],"wp:attachment":[{"href":"https:\/\/monde25.info\/index.php\/wp-json\/wp\/v2\/media?parent=4274"}],"wp:term":[{"taxonomy":"category","embeddable":true,"href":"https:\/\/monde25.info\/index.php\/wp-json\/wp\/v2\/categories?post=4274"},{"taxonomy":"post_tag","embeddable":true,"href":"https:\/\/monde25.info\/index.php\/wp-json\/wp\/v2\/tags?post=4274"}],"curies":[{"name":"wp","href":"https:\/\/api.w.org\/{rel}","templated":true}]}}