{"id":4278,"date":"2025-03-12T10:03:08","date_gmt":"2025-03-12T09:03:08","guid":{"rendered":"https:\/\/monde25.info\/index.php\/2025\/03\/12\/voitures-thermiques-comptabilite-verte-des-entreprises-le-senat-assouplit-certains-objectifs-europeens\/"},"modified":"2025-03-12T10:03:08","modified_gmt":"2025-03-12T09:03:08","slug":"voitures-thermiques-comptabilite-verte-des-entreprises-le-senat-assouplit-certains-objectifs-europeens","status":"publish","type":"post","link":"https:\/\/monde25.info\/index.php\/2025\/03\/12\/voitures-thermiques-comptabilite-verte-des-entreprises-le-senat-assouplit-certains-objectifs-europeens\/","title":{"rendered":"Voitures thermiques, comptabilit\u00e9 verte des entreprises : le S\u00e9nat assouplit certains objectifs europ\u00e9ens"},"content":{"rendered":"<p> <br \/>\n<\/p>\n<div>\n<p><span data-contrast=\"auto\">Le S\u00e9nat a vot\u00e9 lundi soir pour assouplir certains objectifs europ\u00e9ens li\u00e9s au Pacte vert, en refusant d&rsquo;inscrire dans le droit fran\u00e7ais l&rsquo;interdiction de la vente de v\u00e9hicules thermiques neufs en 2035 et en repoussant de quatre ans les contraintes de comptabilit\u00e9 verte des entreprises.<\/span><span data-ccp-props=\"{&quot;134233117&quot;:false,&quot;134233118&quot;:false,&quot;335559738&quot;:300,&quot;335559739&quot;:300}\">\u00a0<\/span><\/p>\n<p><span data-contrast=\"auto\">Dans le cadre d&rsquo;un projet de loi d&rsquo;adaptation au droit de l&rsquo;Union europ\u00e9enne tr\u00e8s h\u00e9t\u00e9roclite et adopt\u00e9 dans la nuit de lundi \u00e0 mardi, les s\u00e9nateurs ont pris quelques positions fortes en faveur de la simplification des normes des entreprises.<\/span><span data-ccp-props=\"{&quot;134233117&quot;:false,&quot;134233118&quot;:false,&quot;335559738&quot;:300,&quot;335559739&quot;:300}\">\u00a0<\/span><\/p>\n<p><span data-contrast=\"auto\">Apr\u00e8s l&rsquo;Assembl\u00e9e nationale qui avait adopt\u00e9 ce texte en f\u00e9vrier, la chambre haute n&rsquo;a pas souhait\u00e9 non plus transposer la date de 2035, contre 2040 actuellement dans le droit fran\u00e7ais, pour l&rsquo;interdiction de la vente des voitures thermiques neuves.<\/span><span data-ccp-props=\"{&quot;134233117&quot;:false,&quot;134233118&quot;:false,&quot;335559738&quot;:300,&quot;335559739&quot;:300}\">\u00a0<\/span><\/p>\n<p><span data-contrast=\"auto\">La droite s\u00e9natoriale, premier groupe de l&rsquo;h\u00e9micycle, s&rsquo;est justifi\u00e9e en indiquant que cette transposition aurait \u00e9t\u00e9 \u00ab\u00a0d\u00e9pourvue de port\u00e9e normative\u00a0\u00bb, et risquait d&rsquo;\u00eatre \u00ab\u00a0rapidement frapp\u00e9e d&rsquo;obsolescence\u00a0\u00bb en raison d&rsquo;une \u00ab\u00a0clause de revoyure\u00a0\u00bb pr\u00e9vue par l&rsquo;Union europ\u00e9enne d\u00e8s 2026, selon le rapporteur LR Damien Michallet.<\/span><span data-ccp-props=\"{&quot;134233117&quot;:false,&quot;134233118&quot;:false,&quot;335559738&quot;:300,&quot;335559739&quot;:300}\">\u00a0<\/span><\/p>\n<p><span data-contrast=\"auto\">La gauche et le gouvernement ont regrett\u00e9 ce choix. \u00ab\u00a0La plupart des constructeurs et des \u00e9quipementiers ne remettent pas en cause l&rsquo;objectif de 2035, ils demandent juste de la souplesse\u00a0\u00bb, a expliqu\u00e9 le ministre de l&rsquo;Industrie Marc Ferracci.<\/span><span data-ccp-props=\"{&quot;134233117&quot;:false,&quot;134233118&quot;:false,&quot;335559738&quot;:300,&quot;335559739&quot;:300}\">\u00a0<\/span><\/p>\n<p><span data-contrast=\"auto\">Ce dernier ne s&rsquo;est en revanche pas oppos\u00e9 \u00e0 une autre proposition du S\u00e9nat : le report de quatre ans de l&rsquo;application de la directive sur la publication de donn\u00e9es de durabilit\u00e9 de certaines entreprises (CSRD).<\/span><span data-ccp-props=\"{&quot;134233117&quot;:false,&quot;134233118&quot;:false,&quot;335559738&quot;:300,&quot;335559739&quot;:300}\">\u00a0<\/span><\/p>\n<p><span data-contrast=\"auto\">Cette directive, qui impose aux entreprises de se plier \u00e0 une sorte de comptabilit\u00e9 verte, est critiqu\u00e9e par les lobbies patronaux.<\/span><span data-ccp-props=\"{&quot;134233117&quot;:false,&quot;134233118&quot;:false,&quot;335559738&quot;:300,&quot;335559739&quot;:300}\">\u00a0<\/span><\/p>\n<p><span data-contrast=\"auto\">Le S\u00e9nat devance ainsi en quelque sorte l&rsquo;adoption d&rsquo;une directive dite \u00ab\u00a0Omnibus\u00a0\u00bb, pr\u00e9sent\u00e9e fin f\u00e9vrier par la Commission europ\u00e9enne, qui entend d\u00e9j\u00e0 simplifier certains textes environnementaux dont cette directive \u00ab\u00a0durabilit\u00e9\u00a0\u00bb, en diminuant par exemple le nombre d&rsquo;entreprises concern\u00e9es.<\/span><span data-ccp-props=\"{&quot;134233117&quot;:false,&quot;134233118&quot;:false,&quot;335559738&quot;:300,&quot;335559739&quot;:300}\">\u00a0<\/span><\/p>\n<p><span data-contrast=\"auto\">Cela a suscit\u00e9 la col\u00e8re de la gauche, le s\u00e9nateur \u00e9cologiste Yannick Jadot estimant que la France se \u00ab\u00a0tir(ait) une balle dans le pied\u00a0\u00bb. Le socialiste Simon Uzenat a d\u00e9nonc\u00e9 une \u00ab\u00a0dramatique surtransposition d&rsquo;une sous-ambition\u00a0\u00bb.<\/span><span data-ccp-props=\"{&quot;134233117&quot;:false,&quot;134233118&quot;:false,&quot;335559738&quot;:300,&quot;335559739&quot;:300}\">\u00a0<\/span><\/p>\n<p><span data-contrast=\"auto\">Ferracci a lui, au contraire, reconnu qu&rsquo;il fallait \u00ab\u00a0trouver une voie de passage, qui tienne compte des contraintes que la directive CSRD fait peser sur les entreprises\u00a0\u00bb.<\/span><\/p>\n<p><span data-contrast=\"auto\">Le S\u00e9nat a par ailleurs supprim\u00e9 une mesure vot\u00e9e par l&rsquo;Assembl\u00e9e qui conditionnait l&rsquo;octroi des aides du programme France 2030 \u00e0 la publication des donn\u00e9es impos\u00e9es par la directive CSRD.<\/span><span data-ccp-props=\"{&quot;134233117&quot;:false,&quot;134233118&quot;:false,&quot;335559738&quot;:300,&quot;335559739&quot;:300}\">\u00a0<\/span><\/p>\n<p><span data-contrast=\"auto\">D\u00e9put\u00e9s et s\u00e9nateurs doivent d\u00e9sormais s&rsquo;accorder sur une version commune de ce texte, lors d&rsquo;une commission mixte paritaire.<\/span><span data-ccp-props=\"{&quot;134233117&quot;:false,&quot;134233118&quot;:false,&quot;335559738&quot;:300,&quot;335559739&quot;:300}\">\u00a0<\/span><\/p>\n<\/div>\n<p><script>(function(d, s, id) {  var js, fjs = d.getElementsByTagName(s)[0];  if (d.getElementById(id)) return;  js = d.createElement(s); js.id = id;  js.src = \"\/\/connect.facebook.net\/fr_FR\/sdk.js#xfbml=1&version=v2.3\";  fjs.parentNode.insertBefore(js, fjs);}(document, \"script\", \"facebook-jssdk\"));<\/script><br \/>\n<br \/><br \/>\n<br \/><a href=\"https:\/\/www.francesoir.fr\/politique-france\/voitures-thermiques-comptabilite-verte-des-entreprises-le-senat-assouplit-certains\" target=\"_blank\"\">Source link <\/a><\/p>\n","protected":false},"excerpt":{"rendered":"<p>Le S\u00e9nat a vot\u00e9 lundi soir pour assouplir certains objectifs europ\u00e9ens li\u00e9s au Pacte vert, en refusant d&rsquo;inscrire dans le droit fran\u00e7ais l&rsquo;interdiction de la vente de v\u00e9hicules thermiques neufs&hellip; <\/p>\n","protected":false},"author":1,"featured_media":4279,"comment_status":"open","ping_status":"open","sticky":false,"template":"","format":"standard","meta":{"footnotes":""},"categories":[1],"tags":[],"class_list":["post-4278","post","type-post","status-publish","format-standard","has-post-thumbnail","hentry","category-non-classe"],"_links":{"self":[{"href":"https:\/\/monde25.info\/index.php\/wp-json\/wp\/v2\/posts\/4278","targetHints":{"allow":["GET"]}}],"collection":[{"href":"https:\/\/monde25.info\/index.php\/wp-json\/wp\/v2\/posts"}],"about":[{"href":"https:\/\/monde25.info\/index.php\/wp-json\/wp\/v2\/types\/post"}],"author":[{"embeddable":true,"href":"https:\/\/monde25.info\/index.php\/wp-json\/wp\/v2\/users\/1"}],"replies":[{"embeddable":true,"href":"https:\/\/monde25.info\/index.php\/wp-json\/wp\/v2\/comments?post=4278"}],"version-history":[{"count":0,"href":"https:\/\/monde25.info\/index.php\/wp-json\/wp\/v2\/posts\/4278\/revisions"}],"wp:featuredmedia":[{"embeddable":true,"href":"https:\/\/monde25.info\/index.php\/wp-json\/wp\/v2\/media\/4279"}],"wp:attachment":[{"href":"https:\/\/monde25.info\/index.php\/wp-json\/wp\/v2\/media?parent=4278"}],"wp:term":[{"taxonomy":"category","embeddable":true,"href":"https:\/\/monde25.info\/index.php\/wp-json\/wp\/v2\/categories?post=4278"},{"taxonomy":"post_tag","embeddable":true,"href":"https:\/\/monde25.info\/index.php\/wp-json\/wp\/v2\/tags?post=4278"}],"curies":[{"name":"wp","href":"https:\/\/api.w.org\/{rel}","templated":true}]}}