{"id":4280,"date":"2025-03-12T10:35:51","date_gmt":"2025-03-12T09:35:51","guid":{"rendered":"https:\/\/monde25.info\/index.php\/2025\/03\/12\/ibrahim-traore-remet-du-materiel-agricole-au-ministere-specialise-en-soutien-a-la-production\/"},"modified":"2025-03-12T10:35:51","modified_gmt":"2025-03-12T09:35:51","slug":"ibrahim-traore-remet-du-materiel-agricole-au-ministere-specialise-en-soutien-a-la-production","status":"publish","type":"post","link":"https:\/\/monde25.info\/index.php\/2025\/03\/12\/ibrahim-traore-remet-du-materiel-agricole-au-ministere-specialise-en-soutien-a-la-production\/","title":{"rendered":"Ibrahim Traor\u00e9 remet du mat\u00e9riel agricole au minist\u00e8re sp\u00e9cialis\u00e9 en soutien \u00e0 la production"},"content":{"rendered":"<p> <br \/>\n<\/p>\n<div>\n<div class=\"article__meta\" itemscope=\"\" itemtype=\"https:\/\/schema.org\/Article\">\n<p>https:\/\/fr.sputniknews.africa\/20250312\/ibrahim-traore-remet-du-materiel-agricole-au-ministere-specialise-en-soutien-a-la-production-1071046802.html<\/p>\n<p><a target=\"_blank\" itemprop=\"url\" href=\"https:\/\/fr.sputniknews.africa\/20250312\/ibrahim-traore-remet-du-materiel-agricole-au-ministere-specialise-en-soutien-a-la-production-1071046802.html\" title=\"Ibrahim Traor\u00e9 remet du mat\u00e9riel agricole au minist\u00e8re sp\u00e9cialis\u00e9 en soutien \u00e0 la production\"\/><\/p>\n<p>Ibrahim Traor\u00e9 remet du mat\u00e9riel agricole au minist\u00e8re sp\u00e9cialis\u00e9 en soutien \u00e0 la production<\/p>\n<p>Ibrahim Traor\u00e9 remet du mat\u00e9riel agricole au minist\u00e8re sp\u00e9cialis\u00e9 en soutien \u00e0 la production<\/p>\n<p>Sputnik Afrique<\/p>\n<p>Ce lot, d&rsquo;une valeur de 13 milliards de FCFA, a \u00e9t\u00e9 livr\u00e9 le 11 mars par le Pr\u00e9sident burkinab\u00e8 suivant son engagement \u00e0 atteindre l&rsquo;autosuffisance&#8230; 12.03.2025, Sputnik Afrique<\/p>\n<p>2025-03-12T09:05+0100<\/p>\n<p>2025-03-12T09:05+0100<\/p>\n<p>2025-03-12T09:05+0100<\/p>\n<p>ibrahim traor\u00e9<\/p>\n<p>afrique subsaharienne<\/p>\n<p>burkina faso<\/p>\n<p>agriculture<\/p>\n<p>mat\u00e9riel roulant<\/p>\n<p>https:\/\/cdn1.img.sputniknews.africa\/img\/07e9\/03\/0c\/1071046636_0:0:1080:608_1920x0_80_0_0_1f3265642937810dfcb546ffa6782351.jpg<\/p>\n<p>Le mat\u00e9riel est destin\u00e9 \u00e0 des travaux d\u2019am\u00e9nagement permettant de disponibiliser les ressources en eau et les superficies n\u00e9cessaires, explique la direction de la communication de la pr\u00e9sidence du Faso.Y figurent:Le lot compte \u00e9galement divers camions et citernes.<\/p>\n<p>afrique subsaharienne<\/p>\n<p>burkina faso<\/p>\n<div itemprop=\"copyrightHolder\" itemscope=\"\" itemtype=\"http:\/\/schema.org\/Organization\">\n<p>Sputnik Afrique<\/p>\n<p><a target=\"_blank\" itemprop=\"url\" href=\"https:\/\/fr.sputniknews.africa\" title=\"Sputnik Afrique\"> <\/a><\/p>\n<p>feedback.fr@sputniknews.com<\/p>\n<p>+74956456601<\/p>\n<p>MIA \u201eRossiya Segodnya\u201c<\/p>\n<p><a target=\"_blank\" itemprop=\"sameAs\" href=\"https:\/\/t.me\/sputnik_afrique\"> <\/a><a target=\"_blank\" itemprop=\"sameAs\" href=\"https:\/\/t.me\/sputnik_africa\"> <\/a><a target=\"_blank\" itemprop=\"sameAs\" href=\"https:\/\/t.me\/sputnik_ethiopia\"> <\/a><a target=\"_blank\" itemprop=\"sameAs\" href=\"https:\/\/x.com\/sputnik_afrique\"> <\/a><a target=\"_blank\" itemprop=\"sameAs\" href=\"https:\/\/x.com\/sputnik_africa\"> <\/a><\/div>\n<p>2025<\/p>\n<div itemprop=\"creator\" itemscope=\"\" itemtype=\"http:\/\/schema.org\/Organization\">\n<p>Sputnik Afrique<\/p>\n<p><a target=\"_blank\" itemprop=\"url\" href=\"https:\/\/fr.sputniknews.africa\" title=\"Sputnik Afrique\"> <\/a><\/p>\n<p>feedback.fr@sputniknews.com<\/p>\n<p>+74956456601<\/p>\n<p>MIA \u201eRossiya Segodnya\u201c<\/p>\n<p><a target=\"_blank\" itemprop=\"sameAs\" href=\"https:\/\/t.me\/sputnik_afrique\"> <\/a><a target=\"_blank\" itemprop=\"sameAs\" href=\"https:\/\/t.me\/sputnik_africa\"> <\/a><a target=\"_blank\" itemprop=\"sameAs\" href=\"https:\/\/t.me\/sputnik_ethiopia\"> <\/a><a target=\"_blank\" itemprop=\"sameAs\" href=\"https:\/\/x.com\/sputnik_afrique\"> <\/a><a target=\"_blank\" itemprop=\"sameAs\" href=\"https:\/\/x.com\/sputnik_africa\"> <\/a><\/div>\n<p>Actus<\/p>\n<p>fr_FR<\/p>\n<div itemprop=\"sourceOrganization\" itemscope=\"\" itemtype=\"http:\/\/schema.org\/Organization\">\n<p>Sputnik Afrique<\/p>\n<p><a target=\"_blank\" itemprop=\"url\" href=\"https:\/\/fr.sputniknews.africa\" title=\"Sputnik Afrique\"> <\/a><\/p>\n<p>feedback.fr@sputniknews.com<\/p>\n<p>+74956456601<\/p>\n<p>MIA \u201eRossiya Segodnya\u201c<\/p>\n<p><a target=\"_blank\" itemprop=\"sameAs\" href=\"https:\/\/t.me\/sputnik_afrique\"> <\/a><a target=\"_blank\" itemprop=\"sameAs\" href=\"https:\/\/t.me\/sputnik_africa\"> <\/a><a target=\"_blank\" itemprop=\"sameAs\" href=\"https:\/\/t.me\/sputnik_ethiopia\"> <\/a><a target=\"_blank\" itemprop=\"sameAs\" href=\"https:\/\/x.com\/sputnik_afrique\"> <\/a><a target=\"_blank\" itemprop=\"sameAs\" href=\"https:\/\/x.com\/sputnik_africa\"> <\/a><\/div>\n<p><a target=\"_blank\" itemprop=\"thumbnailUrl\" href=\"https:\/\/cdn1.img.sputniknews.africa\/img\/07e9\/03\/0c\/1071046636_0:0:1080:608_1920x0_80_0_0_1f3265642937810dfcb546ffa6782351.jpg\"\/><a target=\"_blank\" itemprop=\"thumbnailUrl\" href=\"https:\/\/cdn1.img.sputniknews.africa\/img\/07e9\/03\/0c\/1071046636_120:0:1080:720_1920x0_80_0_0_03228e40a221bef132057d2bae8e72fc.jpg\">https:\/\/cdn1.img.sputniknews.africa\/img\/07e9\/03\/0c\/1071046636_120:0:1080:720_1920x0_80_0_0_03228e40a221bef132057d2bae8e72fc.jpg<\/a><a target=\"_blank\" itemprop=\"thumbnailUrl\" href=\"https:\/\/cdn1.img.sputniknews.africa\/img\/07e9\/03\/0c\/1071046636_287:0:1007:720_1920x0_80_0_0_8fc76c1e4dbf7f48e7b7eab72407916f.jpg\" title=\"Ibrahim Traor\u00e9\"\/><\/p>\n<div itemprop=\"publisher\" itemscope=\"\" itemtype=\"http:\/\/schema.org\/Organization\">\n<p>Sputnik Afrique<\/p>\n<p><a target=\"_blank\" itemprop=\"url\" href=\"https:\/\/fr.sputniknews.africa\" title=\"Sputnik Afrique\"> <\/a><\/p>\n<p>feedback.fr@sputniknews.com<\/p>\n<p>+74956456601<\/p>\n<p>MIA \u201eRossiya Segodnya\u201c<\/p>\n<p><a target=\"_blank\" itemprop=\"sameAs\" href=\"https:\/\/t.me\/sputnik_afrique\"> <\/a><a target=\"_blank\" itemprop=\"sameAs\" href=\"https:\/\/t.me\/sputnik_africa\"> <\/a><a target=\"_blank\" itemprop=\"sameAs\" href=\"https:\/\/t.me\/sputnik_ethiopia\"> <\/a><a target=\"_blank\" itemprop=\"sameAs\" href=\"https:\/\/x.com\/sputnik_afrique\"> <\/a><a target=\"_blank\" itemprop=\"sameAs\" href=\"https:\/\/x.com\/sputnik_africa\"> <\/a><\/div>\n<p>ibrahim traor\u00e9, afrique subsaharienne, burkina faso, agriculture, mat\u00e9riel roulant<\/p>\n<div itemprop=\"about\" itemscope=\"\" itemtype=\"https:\/\/schema.org\/Thing\">\n<p>ibrahim traor\u00e9, afrique subsaharienne, burkina faso, agriculture, mat\u00e9riel roulant<\/p>\n<\/div>\n<\/div>\n<div class=\"article__header\">\n<p>Ce lot, d&rsquo;une valeur de 13 milliards de FCFA, a \u00e9t\u00e9 livr\u00e9 le 11 mars par le Pr\u00e9sident burkinab\u00e8 suivant son engagement \u00e0 atteindre l&rsquo;autosuffisance alimentaire.<\/p>\n<\/div>\n<div class=\"article__body\">\n<div class=\"article__block\" data-type=\"text\">\n<p>Le mat\u00e9riel est destin\u00e9 \u00e0 des travaux d\u2019am\u00e9nagement permettant de disponibiliser les ressources en eau et les superficies n\u00e9cessaires, explique la direction de la communication de la pr\u00e9sidence du Faso.<\/p>\n<\/div>\n<div class=\"article__block\" data-type=\"list\">\n<div class=\"article__list\">\n<div class=\"article__list-item\">33 compacteurs pied de mouton,<\/div>\n<\/div>\n<\/div>\n<div class=\"article__block\" data-type=\"text\">\n<p>Le lot compte \u00e9galement divers camions et citernes.<\/p>\n<\/div>\n<\/div>\n<\/div>\n<p><script async=\"async\" type=\"text\/plain\" class=\"_iub_cs_activate\" data-iub-purposes=\"3\" data-suppressedsrc=\"https:\/\/connect.facebook.net\/en_US\/sdk.js#xfbml=1&amp;version=v3.2\"><\/script><br \/>\n<br \/><br \/>\n<br \/><a href=\"https:\/\/fr.sputniknews.africa\/20250312\/ibrahim-traore-remet-du-materiel-agricole-au-ministere-specialise-en-soutien-a-la-production-1071046802.html\" target=\"_blank\"\">Source link <\/a><\/p>\n","protected":false},"excerpt":{"rendered":"<p>https:\/\/fr.sputniknews.africa\/20250312\/ibrahim-traore-remet-du-materiel-agricole-au-ministere-specialise-en-soutien-a-la-production-1071046802.html Ibrahim Traor\u00e9 remet du mat\u00e9riel agricole au minist\u00e8re sp\u00e9cialis\u00e9 en soutien \u00e0 la production Ibrahim Traor\u00e9 remet du mat\u00e9riel agricole au minist\u00e8re sp\u00e9cialis\u00e9 en soutien \u00e0 la production Sputnik&hellip; <\/p>\n","protected":false},"author":1,"featured_media":4281,"comment_status":"open","ping_status":"open","sticky":false,"template":"","format":"standard","meta":{"footnotes":""},"categories":[1],"tags":[],"class_list":["post-4280","post","type-post","status-publish","format-standard","has-post-thumbnail","hentry","category-non-classe"],"_links":{"self":[{"href":"https:\/\/monde25.info\/index.php\/wp-json\/wp\/v2\/posts\/4280","targetHints":{"allow":["GET"]}}],"collection":[{"href":"https:\/\/monde25.info\/index.php\/wp-json\/wp\/v2\/posts"}],"about":[{"href":"https:\/\/monde25.info\/index.php\/wp-json\/wp\/v2\/types\/post"}],"author":[{"embeddable":true,"href":"https:\/\/monde25.info\/index.php\/wp-json\/wp\/v2\/users\/1"}],"replies":[{"embeddable":true,"href":"https:\/\/monde25.info\/index.php\/wp-json\/wp\/v2\/comments?post=4280"}],"version-history":[{"count":0,"href":"https:\/\/monde25.info\/index.php\/wp-json\/wp\/v2\/posts\/4280\/revisions"}],"wp:featuredmedia":[{"embeddable":true,"href":"https:\/\/monde25.info\/index.php\/wp-json\/wp\/v2\/media\/4281"}],"wp:attachment":[{"href":"https:\/\/monde25.info\/index.php\/wp-json\/wp\/v2\/media?parent=4280"}],"wp:term":[{"taxonomy":"category","embeddable":true,"href":"https:\/\/monde25.info\/index.php\/wp-json\/wp\/v2\/categories?post=4280"},{"taxonomy":"post_tag","embeddable":true,"href":"https:\/\/monde25.info\/index.php\/wp-json\/wp\/v2\/tags?post=4280"}],"curies":[{"name":"wp","href":"https:\/\/api.w.org\/{rel}","templated":true}]}}