{"id":4282,"date":"2025-03-12T11:09:02","date_gmt":"2025-03-12T10:09:02","guid":{"rendered":"https:\/\/monde25.info\/index.php\/2025\/03\/12\/son-avocat-saisit-lonu-rt-en-francais\/"},"modified":"2025-03-12T11:09:02","modified_gmt":"2025-03-12T10:09:02","slug":"son-avocat-saisit-lonu-rt-en-francais","status":"publish","type":"post","link":"https:\/\/monde25.info\/index.php\/2025\/03\/12\/son-avocat-saisit-lonu-rt-en-francais\/","title":{"rendered":"son avocat saisit l&rsquo;ONU \u2014 RT en fran\u00e7ais"},"content":{"rendered":"<p> <br \/>\n<br \/><img decoding=\"async\" src=\"https:\/\/mf.b37mrtl.ru\/french\/images\/2025.03\/thumbnail\/67d1503e6f7ccc2f2b502780.jpg\" \/><\/p>\n<div>\n<p class=\"text__summary\">\n                                        L&rsquo;\u00e9crivain franco-alg\u00e9rien Boualem Sansal, incarc\u00e9r\u00e9 en Alg\u00e9rie depuis la mi-novembre, n\u2019est pas en mesure de consulter son avocat, Fran\u00e7ois Zimeray. Face \u00e0 cette situation, ce dernier a d\u00e9cid\u00e9 de passer \u00e0 l\u2019attaque et de saisir l&rsquo;ONU.\n                                    <\/p>\n<p>Le 11 mars, Fran\u00e7ois Zimeray, l&rsquo;avocat de Boualem, s\u2019est dit pr\u00eat \u00e0 saisir l&rsquo;ONU pour d\u00e9noncer les agissements du r\u00e9gime alg\u00e9rien \u00e0 l&rsquo;encontre de l&rsquo;\u00e9crivain.<\/p>\n<p>Ce nouveau rebondissement dans l&rsquo;affaire, r\u00e9v\u00e9l\u00e9 par l&rsquo;hebdomadaire <em>Marianne<\/em>, marque une \u00e9tape importante dans la lutte judiciaire pour la lib\u00e9ration de Boualem Sansal. Son avocat, d\u00e9termin\u00e9 \u00e0 d\u00e9fendre les droits de son client, a mis en lumi\u00e8re la situation pr\u00e9occupante de l&rsquo;\u00e9crivain afin de mobiliser la communaut\u00e9 internationale contre ce qu&rsquo;il consid\u00e8re comme une violation des droits fondamentaux.<\/p>\n<p>\u00abJe fais le constat d\u2019une d\u00e9fense impossible. Or, sans d\u00e9fense, il ne peut y avoir de proc\u00e8s \u00e9quitable. La d\u00e9tention devient donc arbitraire\u00bb, a-t-il d\u00e9plor\u00e9.<\/p>\n<h2>Fran\u00e7ois Zimeray saisira les Nations unies<\/h2>\n<p>Exprimant son refus de l\u00e2cher l\u2019affaire, Fran\u00e7ois Zimeray a pris la d\u00e9cision de passer \u00e0 l\u2019offensive.<\/p>\n<p>\u00abJe saisis les proc\u00e9dures sp\u00e9ciales de l\u2019ONU : d\u2019une part, le rapporteur sp\u00e9cial sur l\u2019ind\u00e9pendance des juges et des avocats, puisqu&rsquo;il n\u2019y a pas d\u2019ind\u00e9pendance dans un pays o\u00f9 le pr\u00e9sident se permet d\u2019insulter le pr\u00e9venu en le traitant d\u2019imposteur, au m\u00e9pris de la pr\u00e9somption d\u2019innocence et de la s\u00e9paration des pouvoirs ; d\u2019autre part, le commissaire des droits de l\u2019homme qui comprend un groupe de travail sur la d\u00e9tention arbitraire\u00bb, rapporte\u00a0<em>Marianne<\/em> citant les propos de l\u2019ancien diplomate.<\/p>\n<p>Il y a quelques semaines, des \u00e9missaires du r\u00e9gime alg\u00e9rien ont vivement conseill\u00e9 \u00e0 Boualem Sansal de remplacer son avocat fran\u00e7ais par un conseiller \u00abnon juif\u00bb.<\/p>\n<p>Le b\u00e2tonnier d&rsquo;Alger avait m\u00eame affirm\u00e9 que le romancier de 80 ans avait rompu ses liens avec tous ses avocats, alg\u00e9riens et fran\u00e7ais, pour d\u00e9sormais \u00abse d\u00e9fendre seul\u00bb. Toutefois, \u00e0 ce jour, Fran\u00e7ois Zimeray n&rsquo;a re\u00e7u aucune notification de r\u00e9vocation de la part de son client.<\/p>\n<p>Pour rappel, l&rsquo;auteur Boualem Sansal a \u00e9t\u00e9 arr\u00eat\u00e9 \u00e0 l&rsquo;a\u00e9roport d&rsquo;Alger \u00e0 la mi-novembre. Les autorit\u00e9s l&rsquo;accusent, en raison de ses critiques envers le pouvoir alg\u00e9rien, \u00abd\u2019acte terroriste ou subversif visant \u00e0 la s\u00e9curit\u00e9 de l\u2019\u00c9tat, l\u2019int\u00e9grit\u00e9 du territoire, la stabilit\u00e9 et le fonctionnement normal des institutions\u00bb. D\u00e9j\u00e0 affaibli par des probl\u00e8mes de sant\u00e9, Boualem Sansal a d\u00fb \u00eatre hospitalis\u00e9 \u00e0 plusieurs reprises depuis son arrestation. Mi-f\u00e9vrier, Me Fran\u00e7ois Zimeray avait r\u00e9v\u00e9l\u00e9 que l&rsquo;\u00e9crivain souffrait d&rsquo;un cancer.<\/p>\n<\/div>\n<p><br \/>\n<br \/><a href=\"https:\/\/francais.rt.com\/france\/117884-detention-boualem-sansal-algerie-avocat-onu\" target=\"_blank\"\">Source link <\/a><\/p>\n","protected":false},"excerpt":{"rendered":"<p>L&rsquo;\u00e9crivain franco-alg\u00e9rien Boualem Sansal, incarc\u00e9r\u00e9 en Alg\u00e9rie depuis la mi-novembre, n\u2019est pas en mesure de consulter son avocat, Fran\u00e7ois Zimeray. Face \u00e0 cette situation, ce dernier a d\u00e9cid\u00e9 de passer&hellip; <\/p>\n","protected":false},"author":1,"featured_media":4283,"comment_status":"open","ping_status":"open","sticky":false,"template":"","format":"standard","meta":{"footnotes":""},"categories":[1],"tags":[],"class_list":["post-4282","post","type-post","status-publish","format-standard","has-post-thumbnail","hentry","category-non-classe"],"_links":{"self":[{"href":"https:\/\/monde25.info\/index.php\/wp-json\/wp\/v2\/posts\/4282","targetHints":{"allow":["GET"]}}],"collection":[{"href":"https:\/\/monde25.info\/index.php\/wp-json\/wp\/v2\/posts"}],"about":[{"href":"https:\/\/monde25.info\/index.php\/wp-json\/wp\/v2\/types\/post"}],"author":[{"embeddable":true,"href":"https:\/\/monde25.info\/index.php\/wp-json\/wp\/v2\/users\/1"}],"replies":[{"embeddable":true,"href":"https:\/\/monde25.info\/index.php\/wp-json\/wp\/v2\/comments?post=4282"}],"version-history":[{"count":0,"href":"https:\/\/monde25.info\/index.php\/wp-json\/wp\/v2\/posts\/4282\/revisions"}],"wp:featuredmedia":[{"embeddable":true,"href":"https:\/\/monde25.info\/index.php\/wp-json\/wp\/v2\/media\/4283"}],"wp:attachment":[{"href":"https:\/\/monde25.info\/index.php\/wp-json\/wp\/v2\/media?parent=4282"}],"wp:term":[{"taxonomy":"category","embeddable":true,"href":"https:\/\/monde25.info\/index.php\/wp-json\/wp\/v2\/categories?post=4282"},{"taxonomy":"post_tag","embeddable":true,"href":"https:\/\/monde25.info\/index.php\/wp-json\/wp\/v2\/tags?post=4282"}],"curies":[{"name":"wp","href":"https:\/\/api.w.org\/{rel}","templated":true}]}}