{"id":4286,"date":"2025-03-12T12:48:35","date_gmt":"2025-03-12T11:48:35","guid":{"rendered":"https:\/\/monde25.info\/index.php\/2025\/03\/12\/raphael-glucksmann-ces-socialistes-passes-de-pacifistes-a-bellicistes-et-qui-veulent-plus-de-guerre-et-plus-darmes-les-moutons-enrages\/"},"modified":"2025-03-12T12:48:35","modified_gmt":"2025-03-12T11:48:35","slug":"raphael-glucksmann-ces-socialistes-passes-de-pacifistes-a-bellicistes-et-qui-veulent-plus-de-guerre-et-plus-darmes-les-moutons-enrages","status":"publish","type":"post","link":"https:\/\/monde25.info\/index.php\/2025\/03\/12\/raphael-glucksmann-ces-socialistes-passes-de-pacifistes-a-bellicistes-et-qui-veulent-plus-de-guerre-et-plus-darmes-les-moutons-enrages\/","title":{"rendered":"Rapha\u00ebl Glucksmann, ces socialistes pass\u00e9s de pacifistes \u00e0 bellicistes et qui veulent plus de guerre et plus d\u2019armes \u2013 Les moutons enrag\u00e9s"},"content":{"rendered":"<p> <br \/>\n<\/p>\n<div>\n<p>Source <a target=\"_blank\" href=\"https:\/\/insolentiae.com\/raphael-glucksmann-ces-socialistes-passes-de-pacifistes-a-bellicistes-et-qui-veulent-plus-de-guerre-et-plus-darmes\/\" data-type=\"link\" data-id=\"https:\/\/insolentiae.com\/raphael-glucksmann-ces-socialistes-passes-de-pacifistes-a-bellicistes-et-qui-veulent-plus-de-guerre-et-plus-darmes\/\">INSOLENTIAE<\/a><\/p>\n<div class=\"wp-block-image\">\n<figure class=\"aligncenter size-large\"><img fetchpriority=\"high\" decoding=\"async\" width=\"484\" height=\"330\" src=\"https:\/\/lesmoutonsenrages.fr\/wp-content\/uploads\/2025\/03\/image-50-484x330.png\" alt=\"\" class=\"wp-image-165856\" srcset=\"https:\/\/lesmoutonsenrages.fr\/wp-content\/uploads\/2025\/03\/image-50-484x330.png 484w, https:\/\/lesmoutonsenrages.fr\/wp-content\/uploads\/2025\/03\/image-50-250x170.png 250w, https:\/\/lesmoutonsenrages.fr\/wp-content\/uploads\/2025\/03\/image-50-150x102.png 150w, https:\/\/lesmoutonsenrages.fr\/wp-content\/uploads\/2025\/03\/image-50.png 738w\" sizes=\"(max-width: 484px) 100vw, 484px\"\/><\/figure>\n<\/div>\n<p>Je suis \u00e9bahi.<\/p>\n<p>Par un m\u00e9canisme intellectuel difficilement compr\u00e9hensible, toutes nos bonnes \u00e2mes bien-pensantes de gauche, larmoyantes et pacifistes, vomissant sur le patriotisme et le drapeau depuis des d\u00e9cennies sont devenues subitement et depuis l\u2019\u00e9lection de Donald Trump des acharn\u00e9s de la guerre.<\/p>\n<p>Ils veulent prolonger un conflit qui est une v\u00e9ritable boucherie.<\/p>\n<p><span id=\"more-165855\"\/><\/p>\n<p>Ils veulent tout faire pour torpiller tout processus de paix.<\/p>\n<p>Ils veulent augmenter les d\u00e9penses de l\u2019arm\u00e9e.<\/p>\n<p>Ils veulent plus d\u2019armements, plus de d\u00e9penses militaires et enrichir les marchands de canons.<\/p>\n<p>Enfin, ils veulent plus de patriotisme et de nationalisme\u2026<\/p>\n<p>Bref, ils veulent tout ce qu\u2019un homme de gauche refusait toutes ces derni\u00e8res ann\u00e9es.<\/p>\n<p>Fran\u00e7ois Hollande et Rapha\u00ebl Glucksmann sont les deux \u00e9g\u00e9ries de cette nouvelle socialisterie belliqueuse et pro-guerre.<\/p>\n<p><a target=\"_blank\" href=\"https:\/\/twitter.com\/BFMTV\/status\/1898786577247072468?ref_src=twsrc%5Etfw%7Ctwcamp%5Etweetembed%7Ctwterm%5E1898786577247072468%7Ctwgr%5E83842cb7db49e29c425f4308959184356bb40147%7Ctwcon%5Es1_c10&amp;ref_url=https%3A%2F%2Finsolentiae.com%2Fraphael-glucksmann-ces-socialistes-passes-de-pacifistes-a-bellicistes-et-qui-veulent-plus-de-guerre-et-plus-darmes%2F\">https:\/\/twitter.com\/BFMTV\/status\/1898786577247072468?<\/a><\/p>\n<p>Je ne me lasse pas de ce spectacle ind\u00e9cent.<\/p>\n<p>Il y a donc une question essentielle que personne n\u2019ose poser dans les m\u00e9dias.<\/p>\n<p>Par quel tour de magie ces pacifistes d\u2019hier sont-ils devenus des pro guerre d\u2019aujourd\u2019hui ?<\/p>\n<p>Par quel tour de magie (propagande et m\u00e9dia et manipulation) r\u00e9ussissent-ils \u00e0 vous faire aimer la guerre dans laquelle vous allez mourir ou sacrifier vos enfants au lieu d\u2019aimer la paix dans laquelle vous pourriez vivre et vous \u00e9panouir ?<\/p>\n<p>Jadis ils vous ont fait aimer la piq\u00fbre Pfizer 3 doses que 80 % des Fran\u00e7ais refusaient\u2026 avant d\u2019\u00eatre vaccin\u00e9s \u00e0 80 %.<\/p>\n<p>Charles SANNAT<\/p>\n<p>Tous les articles, la tribune libre et commentaires sont sous la responsabilit\u00e9 de leurs auteurs. Les Moutons Enrag\u00e9s ne sauraient \u00eatre tenus responsables de leur contenu ou orientation.<\/p>\n<\/p><\/div>\n<p><script async src=\"\/\/platform.twitter.com\/widgets.js\" charset=\"utf-8\"><\/script><br \/>\n<br \/><br \/>\n<br \/><a href=\"https:\/\/lesmoutonsenrages.fr\/2025\/03\/12\/raphael-glucksmann-ces-socialistes-passes-de-pacifistes-a-bellicistes-et-qui-veulent-plus-de-guerre-et-plus-darmes\/\" target=\"_blank\"\">Source link <\/a><\/p>\n","protected":false},"excerpt":{"rendered":"<p>Source INSOLENTIAE Je suis \u00e9bahi. Par un m\u00e9canisme intellectuel difficilement compr\u00e9hensible, toutes nos bonnes \u00e2mes bien-pensantes de gauche, larmoyantes et pacifistes, vomissant sur le patriotisme et le drapeau depuis des&hellip; <\/p>\n","protected":false},"author":1,"featured_media":4287,"comment_status":"open","ping_status":"open","sticky":false,"template":"","format":"standard","meta":{"footnotes":""},"categories":[1],"tags":[],"class_list":["post-4286","post","type-post","status-publish","format-standard","has-post-thumbnail","hentry","category-non-classe"],"_links":{"self":[{"href":"https:\/\/monde25.info\/index.php\/wp-json\/wp\/v2\/posts\/4286","targetHints":{"allow":["GET"]}}],"collection":[{"href":"https:\/\/monde25.info\/index.php\/wp-json\/wp\/v2\/posts"}],"about":[{"href":"https:\/\/monde25.info\/index.php\/wp-json\/wp\/v2\/types\/post"}],"author":[{"embeddable":true,"href":"https:\/\/monde25.info\/index.php\/wp-json\/wp\/v2\/users\/1"}],"replies":[{"embeddable":true,"href":"https:\/\/monde25.info\/index.php\/wp-json\/wp\/v2\/comments?post=4286"}],"version-history":[{"count":0,"href":"https:\/\/monde25.info\/index.php\/wp-json\/wp\/v2\/posts\/4286\/revisions"}],"wp:featuredmedia":[{"embeddable":true,"href":"https:\/\/monde25.info\/index.php\/wp-json\/wp\/v2\/media\/4287"}],"wp:attachment":[{"href":"https:\/\/monde25.info\/index.php\/wp-json\/wp\/v2\/media?parent=4286"}],"wp:term":[{"taxonomy":"category","embeddable":true,"href":"https:\/\/monde25.info\/index.php\/wp-json\/wp\/v2\/categories?post=4286"},{"taxonomy":"post_tag","embeddable":true,"href":"https:\/\/monde25.info\/index.php\/wp-json\/wp\/v2\/tags?post=4286"}],"curies":[{"name":"wp","href":"https:\/\/api.w.org\/{rel}","templated":true}]}}