{"id":4288,"date":"2025-03-12T14:31:44","date_gmt":"2025-03-12T13:31:44","guid":{"rendered":"https:\/\/monde25.info\/index.php\/2025\/03\/12\/les-deux-visages-du-rwanda-par-erik-kennes-nina-wilen-le-monde-diplomatique-mars-2025\/"},"modified":"2025-03-12T14:31:44","modified_gmt":"2025-03-12T13:31:44","slug":"les-deux-visages-du-rwanda-par-erik-kennes-nina-wilen-le-monde-diplomatique-mars-2025","status":"publish","type":"post","link":"https:\/\/monde25.info\/index.php\/2025\/03\/12\/les-deux-visages-du-rwanda-par-erik-kennes-nina-wilen-le-monde-diplomatique-mars-2025\/","title":{"rendered":"Les deux visages du Rwanda, par Erik Kennes &#038; Nina Wil\u00e9n (Le Monde diplomatique, mars 2025)"},"content":{"rendered":"<p> <br \/>\n<\/p>\n<div>\n<p class=\"crayon article-surtitre-68099 surtitre\">Mod\u00e8le pour l\u2019Occident, menace pour ses voisins<\/p>\n<div class=\"crayon article-chapo-68099 chapo\">\n<p>Malgr\u00e9 les protestations de Kinshasa et de Bujumbura, l\u2019Union africaine, r\u00e9unie en sommet le 16\u00a0janvier dernier, n\u2019a pas condamn\u00e9 les ing\u00e9rences meurtri\u00e8res du Rwanda en R\u00e9publique d\u00e9mocratique du Congo (RDC). Comme le Conseil de s\u00e9curit\u00e9 des Nations unies, elle s\u2019est content\u00e9e d\u2019appeler au dialogue sans nommer Kigali. Comment le pr\u00e9sident Paul Kagam\u00e9 tient-il la drag\u00e9e haute \u00e0 la \u00ab<small class=\"fine\">\u00a0<\/small>communaut\u00e9 internationale<small class=\"fine\">\u00a0<\/small>\u00bb<small class=\"fine\">\u00a0<\/small>?<\/p>\n<\/div><\/div>\n<div couleurfade=\"e5e6e6\" couleurclaire=\"e3e6e7\" couleurpale=\"bad4dd\" couleurmi=\"5c6a6f\" couleurfoncee=\"3c525c\" couleursombre=\"171a1b\" couleurfond=\"4c4e4f\" couleurtexte=\"ffffff\">\n<div class=\"enapercu\">\n<figure class=\"spip_document_34206 spip_documents spip_documents_center xl\" style=\"width:890px;\">\n<div class=\"limage\">\n<p>\t\t\t<img loading=\"lazy\" decoding=\"async\" src=\"https:\/\/www.monde-diplomatique.fr\/\/local\/cache-vignettes\/L890xH919\/img010-59-2bfcf.jpg?1740499434\" width=\"890\" height=\"919\" class=\"spip_logos\" alt=\"JPEG - 305.1\u00a0ko\"\/><\/p><\/div><figcaption>\n<p>Amani Bodo. \u2013 \u00ab<small class=\"fine\">\u00a0<\/small>Avenir eza flou<small class=\"fine\">\u00a0<\/small>\u00bb (L\u2019avenir est flou), 2022 <\/p>\n<p>\u00a9 Amani Bodo &#8211; Galerie Angalia, Paris\n<\/p>\n<\/figcaption><\/figure>\n<p><span class=\"mot-lettrine\"><span class=\"lettrine\">M<\/span>i<\/span>-janvier dernier, le Mouvement du 23\u00a0mars (M23), groupe rebelle soutenu par le Rwanda, a de nouveau pris le contr\u00f4le de Goma, dans l\u2019est de la R\u00e9publique d\u00e9mocratique du Congo (RDC). Moins d\u2019un mois plus tard, poursuivant sa progression, il s\u2019empare de Bukavu, dans le Sud-Kivu. Ce n\u2019est pas la premi\u00e8re fois que Goma tombe entre ses mains\u00a0: en novembre\u00a02012, il avait alors accept\u00e9 de se retirer de la grande ville du lac Kivu au bout de deux semaines. En novembre\u00a02013, apr\u00e8s une ann\u00e9e de combats ininterrompus, de n\u00e9gociations et de pressions internationales sur Kigali, le groupe rebelle avait d\u00e9pos\u00e9 les armes.<\/p>\n<p>Cette fois-ci, la situation est diff\u00e9rente\u00a0: le M23 tient sa position \u00e0 Goma mais il poursuit son avanc\u00e9e, soutenu par plus de quatre mille soldats des forces rwandaises de d\u00e9fense et un arsenal militaire lourd, comprenant des chars blind\u00e9s, des drones et des missiles antia\u00e9riens. Tandis que le pr\u00e9sident Paul Kagam\u00e9 pr\u00e9tend <i>\u00ab<small class=\"fine\">\u00a0<\/small>ne pas savoir<small class=\"fine\">\u00a0<\/small>\u00bb<\/i> (CNN, 3\u00a0f\u00e9vrier\u00a02025) si ses troupes op\u00e8rent sur le territoire de son voisin, le Groupe d\u2019experts de l\u2019Organisation des Nations unies (ONU) sur la RDC a \u00e9tabli cette implication dans six rapports publi\u00e9s entre 2022 et 2024. N\u00e9anmoins, jusqu\u2019\u00e0 nouvel ordre, les men\u00e9es de Kigali ne lui ont valu que des r\u00e9probations verbales sur la sc\u00e8ne internationale. Le 25\u00a0janvier, l\u2019Union europ\u00e9enne exhorte le M23 \u00e0 battre en retraite en mentionnant le soutien du Rwanda. R\u00e9uni en urgence le lendemain, le Conseil de s\u00e9curit\u00e9 de l\u2019ONU s\u2019est content\u00e9 de r\u00e9clamer le retrait <i>\u00ab<small class=\"fine\">\u00a0<\/small>des forces ext\u00e9rieures<small class=\"fine\">\u00a0<\/small>\u00bb<\/i> sans les nommer explicitement tout en enjoignant \u00e0 Kigali et Kinshasa de n\u00e9gocier. Seuls la Belgique et le Royaume-Uni ont condamn\u00e9 la prise de Bukavu et publiquement d\u00e9sign\u00e9 Kigali. Le Rwanda peut ainsi continuer \u00e0 violer les normes internationales qui garantissent l\u2019int\u00e9grit\u00e9 et la souverainet\u00e9 de la RDC.<\/p>\n<p>La pusillanimit\u00e9 occidentale ne fait qu\u2019aggraver la crise humanitaire qui ravage le Kivu \u2014 quatre millions de personnes d\u00e9plac\u00e9es depuis mars 2022 et\u00a0(&#8230;)<\/p>\n<\/p><\/div>\n<p>Taille de l\u2019article complet\u00a0:\u00a0<span>2\u00a0334<\/span>\u00a0mots.<\/p>\n<div class=\"promo_dispo_article\">\n<h2 class=\"avantbloc\">\n\tCet article est r\u00e9serv\u00e9 aux\u00a0abonn\u00e9s<\/p>\n<\/h2>\n<div class=\"abo_inst\">\n\t<strong>Lyc\u00e9es, biblioth\u00e8ques, administrations, entreprises,<\/strong><br \/>\n\tacc\u00e9dez \u00e0 la base de donn\u00e9es en ligne de tous les articles du <i>Monde diplomatique<\/i> de 1954 \u00e0 nos\u00a0jours.<br \/>\n\t<a target=\"_blank\" id=\"pw-institutions\" class=\"suivi\" href=\"https:\/\/www.monde-diplomatique.fr\/archives\/institutions\">Retrouvez cette\u00a0offre sp\u00e9cifique<\/a>.\n<\/div>\n<\/div><\/div>\n<p><br \/>\n<br \/><a href=\"https:\/\/www.monde-diplomatique.fr\/2025\/03\/KENNES\/68099\" target=\"_blank\"\">Source link <\/a><\/p>\n","protected":false},"excerpt":{"rendered":"<p>Mod\u00e8le pour l\u2019Occident, menace pour ses voisins Malgr\u00e9 les protestations de Kinshasa et de Bujumbura, l\u2019Union africaine, r\u00e9unie en sommet le 16\u00a0janvier dernier, n\u2019a pas condamn\u00e9 les ing\u00e9rences meurtri\u00e8res du&hellip; <\/p>\n","protected":false},"author":1,"featured_media":4289,"comment_status":"open","ping_status":"open","sticky":false,"template":"","format":"standard","meta":{"footnotes":""},"categories":[1],"tags":[],"class_list":["post-4288","post","type-post","status-publish","format-standard","has-post-thumbnail","hentry","category-non-classe"],"_links":{"self":[{"href":"https:\/\/monde25.info\/index.php\/wp-json\/wp\/v2\/posts\/4288","targetHints":{"allow":["GET"]}}],"collection":[{"href":"https:\/\/monde25.info\/index.php\/wp-json\/wp\/v2\/posts"}],"about":[{"href":"https:\/\/monde25.info\/index.php\/wp-json\/wp\/v2\/types\/post"}],"author":[{"embeddable":true,"href":"https:\/\/monde25.info\/index.php\/wp-json\/wp\/v2\/users\/1"}],"replies":[{"embeddable":true,"href":"https:\/\/monde25.info\/index.php\/wp-json\/wp\/v2\/comments?post=4288"}],"version-history":[{"count":0,"href":"https:\/\/monde25.info\/index.php\/wp-json\/wp\/v2\/posts\/4288\/revisions"}],"wp:featuredmedia":[{"embeddable":true,"href":"https:\/\/monde25.info\/index.php\/wp-json\/wp\/v2\/media\/4289"}],"wp:attachment":[{"href":"https:\/\/monde25.info\/index.php\/wp-json\/wp\/v2\/media?parent=4288"}],"wp:term":[{"taxonomy":"category","embeddable":true,"href":"https:\/\/monde25.info\/index.php\/wp-json\/wp\/v2\/categories?post=4288"},{"taxonomy":"post_tag","embeddable":true,"href":"https:\/\/monde25.info\/index.php\/wp-json\/wp\/v2\/tags?post=4288"}],"curies":[{"name":"wp","href":"https:\/\/api.w.org\/{rel}","templated":true}]}}