{"id":43,"date":"2024-11-14T00:17:42","date_gmt":"2024-11-13T23:17:42","guid":{"rendered":"https:\/\/monde25.info\/index.php\/2024\/11\/14\/contre-le-climatoscepticisme-dans-les-medias-des-deputes-proposent-une-loi\/"},"modified":"2024-11-14T00:17:42","modified_gmt":"2024-11-13T23:17:42","slug":"contre-le-climatoscepticisme-dans-les-medias-des-deputes-proposent-une-loi","status":"publish","type":"post","link":"https:\/\/monde25.info\/index.php\/2024\/11\/14\/contre-le-climatoscepticisme-dans-les-medias-des-deputes-proposent-une-loi\/","title":{"rendered":"Contre le climatoscepticisme dans les m\u00e9dias, des d\u00e9put\u00e9s proposent une loi"},"content":{"rendered":"<p> <br \/>\n<\/p>\n<div style=\"position:relative;\">\n        <picture><source type=\"image\/webp\" srcset=\"https:\/\/reporterre.net\/local\/cache-gd2\/e8\/ef9257a6272dd9aaf6c08dc37d62ef.jpg@.webp?1731514206\"><img loading=\"lazy\" decoding=\"async\" src=\"https:\/\/reporterre.net\/local\/cache-gd2\/e8\/ef9257a6272dd9aaf6c08dc37d62ef.jpg?1731514206\" width=\"720\" height=\"480\" alt=\"Contre le climatoscepticisme dans les m\u00e9dias, des d\u00e9put\u00e9s proposent une loi\" class=\"image_logo voir_logo\"\/><\/p>\n<p><\/source><\/picture>\n<p class=\"legende_logo\">Le d\u00e9put\u00e9 St\u00e9phane Delautrette (PS) propose notamment de cr\u00e9er un observatoire de la couverture m\u00e9diatique des enjeux \u00e9cologiques.  <span class=\"copyright_logo\">&#8211; \u00a9 Artur Widak \/ NurPhoto \/ NurPhoto via AFP<\/span><\/p>\n<p class=\"legende_logo_480\">Le d\u00e9put\u00e9 St\u00e9phane Delautrette (PS) propose notamment de cr\u00e9er un observatoire de la couverture m\u00e9diatique des enjeux \u00e9cologiques.  <span class=\"copyright_logo\">&#8211; \u00a9 Artur Widak \/ NurPhoto \/ NurPhoto via AFP<\/span><\/p>\n<\/p><\/div>\n<div>\n        <span class=\"date\">13 novembre 2024  \u00e0 17h09<\/span><\/p>\n<p class=\"duree_lecture\">\n        Dur\u00e9e de lecture : 2 minutes\n      <\/p>\n<\/p><\/div>\n<div>\n<p>Y aura-t-il bient\u00f4t une loi pour sanctionner le climatoscepticisme dans les m\u00e9dias<small class=\"fine d-inline\">\u00a0<\/small>? <a target=\"_blank\" href=\"https:\/\/reporterre.net\/Climatoscepticisme-dans-les-medias-des-deputes-planchent-sur-une-loi\">Plus d\u2019un an apr\u00e8s<\/a> l\u2019\u00e9mergence de cette id\u00e9e, des d\u00e9put\u00e9s issus de huit groupes politiques ont d\u00e9pos\u00e9 mercredi 13\u00a0novembre une <a target=\"_blank\" href=\"https:\/\/reporterre.net\/IMG\/pdf\/ppl_v1_medias_et_excologie.pdf\">proposition de loi<\/a> <i>\u00ab<small class=\"fine d-inline\">\u00a0<\/small>visant \u00e0 garantir le droit d\u2019acc\u00e8s du public aux informations relatives aux enjeux environnementaux<small class=\"fine d-inline\">\u00a0<\/small>\u00bb<\/i>.<\/p>\n<p>Pour l\u2019association QuotaClimat, \u00e0 l\u2019origine de cette r\u00e9flexion, <i>\u00ab<small class=\"fine d-inline\">\u00a0<\/small>un changement des r\u00e8gles du jeu est n\u00e9cessaire pour encourager et permettre \u00e0 l\u2019\u00e9cosyst\u00e8me m\u00e9diatique de jouer le r\u00f4le essentiel et attendu face \u00e0 l\u2019urgence \u00e9cologique<small class=\"fine d-inline\">\u00a0<\/small>\u00bb<\/i>. En effet, la couverture m\u00e9diatique des enjeux environnementaux reste trop faible. En 2024, ann\u00e9e noire sur le plan climatique, le temps d\u2019antenne d\u00e9di\u00e9 aux enjeux environnementaux a diminu\u00e9 de 30<small class=\"fine d-inline\">\u00a0<\/small>% par rapport \u00e0 2023, <a target=\"_blank\" href=\"https:\/\/observatoiremediaecologie.fr\/\" class=\"spip_out\" rel=\"external\">selon l\u2019Observatoire des m\u00e9dias pour l\u2019\u00e9cologie<\/a>.<\/p>\n<p>Port\u00e9e par le d\u00e9put\u00e9 St\u00e9phane Delautrette (<span class=\"caps\">PS<\/span>), la proposition de loi pr\u00e9voit entre autres\u00a0:<\/p>\n<ul class=\"spip\" role=\"list\">\n<li> de renforcer les pr\u00e9rogatives de l\u2019Arcom (Autorit\u00e9 de r\u00e9gulation de la communication) en mati\u00e8re de protection de l\u2019environnement. Le texte propose notamment d\u2019inclure dans les conventions que les cha\u00eenes de t\u00e9l\u00e9vision et les radios concluent avec l\u2019Arcom des volumes horaires d\u00e9di\u00e9s aux enjeux environnementaux<small class=\"fine d-inline\">\u00a0<\/small>;<\/li>\n<li> de cr\u00e9er un observatoire de la couverture m\u00e9diatique des enjeux \u00e9cologiques<small class=\"fine d-inline\">\u00a0<\/small>;<\/li>\n<li> d\u2019instaurer des r\u00e8gles, voire des quotas, en p\u00e9riode \u00e9lectorale afin d\u2019assurer une prise en compte des enjeux environnementaux<small class=\"fine d-inline\">\u00a0<\/small>;<\/li>\n<li> de renforcer la mission du service public de l\u2019audiovisuel concernant l\u2019information sur la crise \u00e9cologique.<\/li>\n<\/ul>\n<p>Le texte entend aussi rendre obligatoires les contrats climat, qui visent \u00e0 r\u00e9duire le volume de publicit\u00e9s relatives \u00e0 des produits ou des services ayant des effets n\u00e9gatifs sur l\u2019environnement. Pour Quota Climat, <i>\u00ab<small class=\"fine d-inline\">\u00a0<\/small>l\u2019am\u00e9lioration de la couverture m\u00e9diatique des enjeux environnementaux est \u00e0 port\u00e9e de loi<small class=\"fine d-inline\">\u00a0<\/small>\u00bb<\/i>. L\u2019association esp\u00e8re une adoption du texte courant 2025.<\/p>\n<p>La n\u00e9cessit\u00e9 d\u2019une telle loi ne fait cependant pas l\u2019unanimit\u00e9 parmi les experts. En juillet 2023, Laurent Cordonier, le directeur de la Fondation Descartes indiquait qu\u2019<i>\u00ab<small class=\"fine d-inline\">\u00a0<\/small>[il] ne pense pas que la loi soit une bonne id\u00e9e<small class=\"fine d-inline\">\u00a0<\/small>\u00bb<\/i>. <i>\u00ab<small class=\"fine d-inline\">\u00a0<\/small>Ce n\u2019est pas en imposant le climat aux r\u00e9dactions qu\u2019on aura un effet positif<\/i>, pr\u00e9cisait-il. <i>La profession commence \u00e0 s\u2019autor\u00e9guler, il ne faut pas endommager la libert\u00e9 d\u00e9mocratique.<small class=\"fine d-inline\">\u00a0<\/small>\u00bb<\/i><\/p>\n<p>La journaliste Anne-Sophie Novel avait pour sa part rappel\u00e9 les principaux freins \u00e0 une couverture m\u00e9diatique \u00e0 la hauteur de l\u2019urgence \u00e9cologique\u00a0: les cas d\u2019intimidation ou les menaces physiques contre les journalistes traitant d\u2019environnement, les poursuites-b\u00e2illons ou les poursuites juridiques. Et surtout le probl\u00e8me de la d\u00e9pendance de nombre de m\u00e9dias envers des actionnaires r\u00e9actionnaires et parfois climatosceptiques.<\/p>\n<aside class=\"boite_encarts\">\n<div class=\"encart encart_gris noprint\">\n<p><strong>Il est de retour.<\/strong><\/p>\n<p>Dans quelques semaines, Donald Trump se r\u00e9-installera \u00e0 la Maison Blanche.<\/p>\n<p>Un milliardaire, pour qui le r\u00e9chauffement climatique est \u00ab<small class=\"fine d-inline\">\u00a0<\/small>un canular<small class=\"fine d-inline\">\u00a0<\/small>\u00bb, sera \u00e0 la t\u00eate de la plus grande puissance mondiale.<\/p>\n<p>Dans une d\u00e9cennie cruciale pour l\u2019\u00e9cologie, nous ne pouvons pas nous permettre de perdre plus de temps.<\/p>\n<p>La soci\u00e9t\u00e9 civile doit continuer de se soulever, de se mobiliser et de faire pression sur les puissants.<\/p>\n<p>Mais pour agir, il faut savoir.<\/p>\n<p><strong>Depuis 11 ans, nous publions des articles de qualit\u00e9 sur l\u2019\u00e9cologie, en acc\u00e8s libre et sans publicit\u00e9, pour tous.<\/strong><\/p>\n<p>Nous avons la conviction que l\u2019urgence \u00e9cologique est l\u2019enjeu majeur de notre \u00e9poque.<br class=\"autobr\"\/><br \/>\n Et comme plus de 2 millions de lectrices et lecteurs chaque mois, vous partagez sans doute cette conviction&#8230;<\/p>\n<p>Alors si vous en avez les moyens, sachez qu\u2019un don, m\u00eame d\u20191\u20ac, est un acte de soutien fort pour l\u2019\u00e9cologie et le journalisme ind\u00e9pendant.<br class=\"autobr\"\/><br \/>\n (Et \u00e7a vous prendra moins de temps que la lecture de ce texte).<\/p>\n<p><strong>Si vous le pouvez, choisissez un soutien mensuel. Merci.<\/strong><\/p>\n<p><a target=\"_blank\" href=\"https:\/\/reporterre.net\/dons\" class=\"bt_soutenir\">Je soutiens <i>Reporterre<\/i><\/a><\/p>\n<\/p><\/div>\n<div class=\"encart encart_vert noprint montre_1023\">\n<div class=\"infolettre-form-container noprint\">\n<p>Abonnez-vous \u00e0 la lettre d\u2019info de Reporterre<\/p>\n<\/div><\/div>\n<\/aside>\n<aside class=\"boite_apresarticle encart_note\">\n<h4>Apr\u00e8s cet article<\/h4>\n<p>      <a target=\"_blank\" href=\"https:\/\/reporterre.net\/Deni-de-realite-pourquoi-le-climatoscepticisme-progresse\" class=\"lien_article\">\n      <picture class=\"vignette_gauche\"><source type=\"image\/webp\" srcset=\"https:\/\/reporterre.net\/local\/cache-gd2\/8d\/46cdcbf1c63e25f478e7213c4bd2e1.jpg@.webp?1730136348\"><img decoding=\"async\" src=\"https:\/\/reporterre.net\/local\/cache-gd2\/8d\/46cdcbf1c63e25f478e7213c4bd2e1.jpg?1730136348\" width=\"450\" height=\"300\" alt=\"\" class=\"marge12\" loading=\"lazy\"\/><br \/>\n<\/source><\/picture>\n<p class=\"libelle\">\n<p>          Tribune \u2014<\/p>\n<p>      Climat\n    <\/p>\n<p class=\"titre pol20\">D\u00e9ni de r\u00e9alit\u00e9\u00a0: pourquoi le climatoscepticisme progresse<\/p>\n<p>      <\/a><br \/>\n    <\/aside>\n<aside class=\"boite_complement texte\">\n<p>      <!-- zone_forum --><br \/>\n          <\/aside>\n<aside class=\"boite_lireaussi noprint\">\n<\/aside>\n<aside class=\"colonne\">\n<div class=\"article_info cache_1023 noprint\">\n        <span class=\"date\">13 novembre 2024  \u00e0 17h09<\/span><\/p>\n<p class=\"duree_lecture\">\n        Dur\u00e9e de lecture : 2 minutes\n      <\/p>\n<\/p><\/div>\n<div class=\"bloc_infolettre\">\n<div class=\"infolettre-form-container noprint\">\n<p>Abonnez-vous \u00e0 la lettre d\u2019info de Reporterre<\/p>\n<\/div><\/div>\n<\/aside>\n<div id=\"galerie\">\n  <img decoding=\"async\" src=\"\" class=\"principale\" id=\"principale\"\/><\/p>\n<p id=\"legende\">legende<\/p>\n<\/div>\n<footer class=\"noprint\">\n<\/footer>\n<\/div>\n<p><br \/>\n<br \/><a href=\"https:\/\/reporterre.net\/Contre-le-climatoscepticisme-dans-les-medias-des-deputes-proposent-une-loi\" target=\"_blank\"\">Source link <\/a><\/p>\n","protected":false},"excerpt":{"rendered":"<p>Le d\u00e9put\u00e9 St\u00e9phane Delautrette (PS) propose notamment de cr\u00e9er un observatoire de la couverture m\u00e9diatique des enjeux \u00e9cologiques. &#8211; \u00a9 Artur Widak \/ NurPhoto \/ NurPhoto via AFP Le d\u00e9put\u00e9&hellip; <\/p>\n","protected":false},"author":1,"featured_media":44,"comment_status":"open","ping_status":"open","sticky":false,"template":"","format":"standard","meta":{"footnotes":""},"categories":[1],"tags":[],"class_list":["post-43","post","type-post","status-publish","format-standard","has-post-thumbnail","hentry","category-non-classe"],"_links":{"self":[{"href":"https:\/\/monde25.info\/index.php\/wp-json\/wp\/v2\/posts\/43","targetHints":{"allow":["GET"]}}],"collection":[{"href":"https:\/\/monde25.info\/index.php\/wp-json\/wp\/v2\/posts"}],"about":[{"href":"https:\/\/monde25.info\/index.php\/wp-json\/wp\/v2\/types\/post"}],"author":[{"embeddable":true,"href":"https:\/\/monde25.info\/index.php\/wp-json\/wp\/v2\/users\/1"}],"replies":[{"embeddable":true,"href":"https:\/\/monde25.info\/index.php\/wp-json\/wp\/v2\/comments?post=43"}],"version-history":[{"count":0,"href":"https:\/\/monde25.info\/index.php\/wp-json\/wp\/v2\/posts\/43\/revisions"}],"wp:featuredmedia":[{"embeddable":true,"href":"https:\/\/monde25.info\/index.php\/wp-json\/wp\/v2\/media\/44"}],"wp:attachment":[{"href":"https:\/\/monde25.info\/index.php\/wp-json\/wp\/v2\/media?parent=43"}],"wp:term":[{"taxonomy":"category","embeddable":true,"href":"https:\/\/monde25.info\/index.php\/wp-json\/wp\/v2\/categories?post=43"},{"taxonomy":"post_tag","embeddable":true,"href":"https:\/\/monde25.info\/index.php\/wp-json\/wp\/v2\/tags?post=43"}],"curies":[{"name":"wp","href":"https:\/\/api.w.org\/{rel}","templated":true}]}}