{"id":4302,"date":"2025-03-12T19:00:02","date_gmt":"2025-03-12T18:00:02","guid":{"rendered":"https:\/\/monde25.info\/index.php\/2025\/03\/12\/macron-vers-lenfer-les-moutons-enrages\/"},"modified":"2025-03-12T19:00:02","modified_gmt":"2025-03-12T18:00:02","slug":"macron-vers-lenfer-les-moutons-enrages","status":"publish","type":"post","link":"https:\/\/monde25.info\/index.php\/2025\/03\/12\/macron-vers-lenfer-les-moutons-enrages\/","title":{"rendered":"Macron vers l\u2019enfer ? \u2013 Les moutons enrag\u00e9s"},"content":{"rendered":"<p> <br \/>\n<\/p>\n<div>\n<div class=\"wp-block-image\">\n<figure class=\"alignleft size-full is-resized\"><img fetchpriority=\"high\" decoding=\"async\" width=\"263\" height=\"330\" src=\"https:\/\/lesmoutonsenrages.fr\/wp-content\/uploads\/2025\/03\/image-49.png\" alt=\"\" class=\"wp-image-165853\" style=\"width:263px;height:auto\" srcset=\"https:\/\/lesmoutonsenrages.fr\/wp-content\/uploads\/2025\/03\/image-49.png 263w, https:\/\/lesmoutonsenrages.fr\/wp-content\/uploads\/2025\/03\/image-49-239x300.png 239w, https:\/\/lesmoutonsenrages.fr\/wp-content\/uploads\/2025\/03\/image-49-120x150.png 120w\" sizes=\"(max-width: 263px) 100vw, 263px\"\/><\/figure>\n<\/div>\n<p>Est-ce une frustration venue de l\u2019enfance ou bien a-t-il \u00e9t\u00e9 arrach\u00e9 trop t\u00f4t \u00e0 son adolescence\u00a0? Difficile \u00e0 dire mais Emmanuel Macron reste un myst\u00e8re en ce qui concerne son comportement. Certains n\u2019h\u00e9sitent pas \u00e0 le qualifier de pervers narcissique qui \u00ab\u00a0embrouille pour nuire et nuit en embrouillant\u00a0\u00bb. Pour le sociologue Marc Joly, \u00ab\u202f<em>il a l\u2019\u00e2ge mental d\u2019un premier de la classe docte et volontiers moralisateur, persuad\u00e9 d\u2019incarner la seule voie du juste, du vrai et de la r\u00e9ussite<\/em>\u202f\u00bb. Comme le titre du livre du sociologue, il s\u2019agit bien l\u00e0 n\u00e9anmoins d\u2019une pens\u00e9e perverse.<\/p>\n<p>Le num\u00e9ro deux du Gouvernement italien a d\u2019ailleurs qualifi\u00e9 de \u00ab\u00a0fou\u00a0\u00bb Emmanuel Macron, certes sans grande \u00e9l\u00e9gance, mais cela est sans doute un raccourci trop facile. Notre Pr\u00e9sident est une sorte de va-t-en-guerre provocateur mais qui, en dehors d\u2019arborer un tee-shirt kaki au fort de Br\u00e9gan\u00e7on \u00e0 la mode Zelenski, ne cherche qu\u2019\u00e0 essayer d\u2019asseoir une autorit\u00e9 qui lui fait d\u00e9faut. Mais n\u2019oublions pas qu\u2019il y a aussi de la perversit\u00e9 dans ses actions.<\/p>\n<p><span id=\"more-165847\"\/><\/p>\n<p>La Russie et Poutine sont-ils une menace existentielle pour la France ? Difficile \u00e0 croire en d\u00e9pit d\u2019une situation tendue que notre chef d\u2019Etat n\u2019a de cesse d\u2019envenimer. La Russie de Poutine a certes annex\u00e9 la Crim\u00e9e mais apr\u00e8s des \u00e9lections et une volont\u00e9 du peuple, russophone, de vouloir rejoindre la Russie. Des \u00e9lections d\u00e9mocratiques ? Possiblement m\u00eame si l\u2019ing\u00e9rence Russe est toujours soup\u00e7onn\u00e9e de vouloir charger les r\u00e9sultats des urnes. Au moins essaye-t-elle de le faire discr\u00e8tement au contraire de l\u2019Europe.<\/p>\n<p>L\u2019Ukraine ? Apr\u00e8s les bombardements des provinces du Donbass et du Donetsk depuis 2014, russophones elles aussi, Poutine a dit stop. Evidemment attaquer un pays souverain laisse entrevoir la dangerosit\u00e9 de ce pr\u00e9sident form\u00e9 au KGB, mais la France ? Certes, les dirigeants russes s\u2019offusquent de nos faiblesses, de notre laxisme sur l\u2019immigration et d\u2019un wokisme affich\u00e9 en dogme, mais de l\u00e0 \u00e0 vouloir entrer en France avec des chars, il y a plus qu\u2019un pas. Et ce n\u2019est pas parce qu\u2019un avion russe fr\u00f4le l\u2019un de nos drones dans l\u2019espace international au-dessus de la M\u00e9diterran\u00e9e orientale que Poutine va nous larguer une bombe demain matin. Il est par ailleurs int\u00e9ressant de voir combien les membres du Gouvernement se d\u00e9m\u00e8nent pour nous prouver la volont\u00e9 h\u00e9g\u00e9monique et guerri\u00e8re de Poutine.<\/p>\n<p>Donald Trump rebat les cartes et tout ce petit monde europ\u00e9en bien-pensant se met \u00e0 trembler. L\u2019Europe devait nous unir dans des coop\u00e9rations fortes mais au lieu de cela, elle nous contraint en retirant la souverainet\u00e9 des Etats. Le constat d\u2019\u00e9chec devient cuisant et surtout tr\u00e8s visible aux yeux du monde, alors ces \u00ab\u00a0young leaders\u00a0\u00bb se rebiffent et nous pr\u00e9parent \u00e0 la guerre, Macron et la Pr\u00e9sidente, non \u00e9lue, de la commission europ\u00e9enne en t\u00eate. Leur monde bascule et il n\u2019est plus envisageable, pour eux, de se rapprocher des Etats-Unis. Le pays de l\u2019Oncle Sam \u00e9tant devenu aussit\u00f4t un ennemi suppl\u00e9mentaire.<\/p>\n<p>Faire peur et faire croire que la Russie nous menace directement permet d\u2019abord d\u2019allumer un contre feu qui ferait oublier la crise \u00e9conomique majeure et la crise migratoire, sujets favoris de l\u2019extr\u00eame gauche et de l\u2019extr\u00eame droite. Maintenant l\u2019on ne parle plus que de guerre, d\u2019\u00e9conomie de guerre, d\u2019effort de guerre. Tout le reste est oubli\u00e9 comme par magie. Derri\u00e8re cette mise en sc\u00e8ne, le Pr\u00e9sident esp\u00e8re aussi un sursaut de patriotisme que lui seul pourrait incarner.<\/p>\n<p>Mais en cas de guerre ou de menace imminente, les pouvoirs du Pr\u00e9sident seraient aussi \u00e9tendus et son mandat pourrait l\u2019\u00eatre \u00e9galement. Semer le trouble, la peur, puis se poser en seul sauveur sont de bons marqueurs du pervers narcissique. Cette volont\u00e9 absurde de vouloir poursuivre une guerre qui s\u2019enlise et co\u00fbte certes des milliards mais surtout des vies (plusieurs centaines de milliers), est absurde et Trump l\u2019a bien compris. Les europ\u00e9ens veulent poursuivre la guerre, alors faisons la paix et \u00e9cartons les du jeu. Terriblement simple.<\/p>\n<p>Macron joue son va-tout et risque tout. En provocant inutilement Vladimir Poutine, il tente, et cela n\u2019est pas sans risque, de le rendre dangereux aux yeux du public pour servir sa propre cause et son propre camp \u00e0 Bruxelles. Les sauveurs de l\u2019Europe pourraient bien en \u00eatre les fossoyeurs, tout cela pour tenter de garder le pouvoir et voir install\u00e9e ad vitam leur vision du monde. Ceci peut m\u00eame se faire contre les peuples, comme en Roumanie, ou comme cela aurait pu se faire en Allemagne et comme cela s\u2019\u00e9tait produit en France au moment du r\u00e9f\u00e9rendum du trait\u00e9 de Maastricht.<\/p>\n<p>C\u2019est un ordre mondial (Europe et Etats Unis avec Biden) qui s\u2019effondre avec l\u2019arriv\u00e9e de Trump et la pouss\u00e9e de la droite en Europe. Le plus consternant c\u2019est la propension des gens de gauche, d\u00e9tenteurs de la bien-pensance et de la v\u00e9rit\u00e9 vraie, \u00e0 devenir autoritaires et belliqueux, n\u2019h\u00e9sitant \u00e0 fouler au pied la d\u00e9mocratie si les r\u00e9sultats ne leur conviennent pas ou \u00e0 vouloir entrer en guerre \u00e0 tout prix pour leur cause qui n\u2019est en rien une d\u00e9fense de nos valeurs et de notre d\u00e9mocratie, tout au plus de leur id\u00e9ologie. Ajoutez un pervers narcissique aux commandes et vous obtenez le m\u00e9lange le plus explosif du moment.<\/p>\n<p>Sylvain Devaux<\/p>\n<p>Tous les articles, la tribune libre et commentaires sont sous la responsabilit\u00e9 de leurs auteurs. Les Moutons Enrag\u00e9s ne sauraient \u00eatre tenus responsables de leur contenu ou orientation.<\/p>\n<p>\u00a0<\/p>\n<\/p><\/div>\n<div id=\"entry-author-info\">\n<div id=\"author-avatar\">\n\t\t\t\t\t\t\t<img loading=\"lazy\" alt=\"\" src=\"https:\/\/secure.gravatar.com\/avatar\/fc4714faaa486126c07878db39a05991?s=80&amp;d=identicon&amp;r=g\" srcset=\"https:\/\/secure.gravatar.com\/avatar\/fc4714faaa486126c07878db39a05991?s=160&amp;d=identicon&amp;r=g 2x\" class=\"avatar avatar-80 photo\" height=\"80\" width=\"80\" decoding=\"async\"\/>\t\t\t\t\t\t<\/div>\n<p><!-- #author-avatar --><\/p>\n<div id=\"author-description\">\n<h2>A propos Sylvain Devaux<\/h2>\n<p>\t\t\t\t\t\t\tUniversitaire de formation (G\u00e9ographie et histoire), responsable d&rsquo;archives apr\u00e8s une carri\u00e8re dans le tourisme, mais aussi correspondant de presse et ancien r\u00e9dacteur en chef de la Robolution (Insolentiae).\t\t\t\t\t\t\t<!-- #author-link\t-->\n\t\t\t\t\t\t<\/div>\n<p><!-- #author-description -->\n\t\t\t\t\t<\/div>\n<p><br \/>\n<br \/><a href=\"https:\/\/lesmoutonsenrages.fr\/2025\/03\/12\/macron-vers-lenfer\/\" target=\"_blank\"\">Source link <\/a><\/p>\n","protected":false},"excerpt":{"rendered":"<p>Est-ce une frustration venue de l\u2019enfance ou bien a-t-il \u00e9t\u00e9 arrach\u00e9 trop t\u00f4t \u00e0 son adolescence\u00a0? Difficile \u00e0 dire mais Emmanuel Macron reste un myst\u00e8re en ce qui concerne son&hellip; <\/p>\n","protected":false},"author":1,"featured_media":4303,"comment_status":"open","ping_status":"open","sticky":false,"template":"","format":"standard","meta":{"footnotes":""},"categories":[1],"tags":[],"class_list":["post-4302","post","type-post","status-publish","format-standard","has-post-thumbnail","hentry","category-non-classe"],"_links":{"self":[{"href":"https:\/\/monde25.info\/index.php\/wp-json\/wp\/v2\/posts\/4302","targetHints":{"allow":["GET"]}}],"collection":[{"href":"https:\/\/monde25.info\/index.php\/wp-json\/wp\/v2\/posts"}],"about":[{"href":"https:\/\/monde25.info\/index.php\/wp-json\/wp\/v2\/types\/post"}],"author":[{"embeddable":true,"href":"https:\/\/monde25.info\/index.php\/wp-json\/wp\/v2\/users\/1"}],"replies":[{"embeddable":true,"href":"https:\/\/monde25.info\/index.php\/wp-json\/wp\/v2\/comments?post=4302"}],"version-history":[{"count":0,"href":"https:\/\/monde25.info\/index.php\/wp-json\/wp\/v2\/posts\/4302\/revisions"}],"wp:featuredmedia":[{"embeddable":true,"href":"https:\/\/monde25.info\/index.php\/wp-json\/wp\/v2\/media\/4303"}],"wp:attachment":[{"href":"https:\/\/monde25.info\/index.php\/wp-json\/wp\/v2\/media?parent=4302"}],"wp:term":[{"taxonomy":"category","embeddable":true,"href":"https:\/\/monde25.info\/index.php\/wp-json\/wp\/v2\/categories?post=4302"},{"taxonomy":"post_tag","embeddable":true,"href":"https:\/\/monde25.info\/index.php\/wp-json\/wp\/v2\/tags?post=4302"}],"curies":[{"name":"wp","href":"https:\/\/api.w.org\/{rel}","templated":true}]}}