{"id":4335,"date":"2025-03-13T07:36:46","date_gmt":"2025-03-13T06:36:46","guid":{"rendered":"https:\/\/monde25.info\/index.php\/2025\/03\/13\/lue-complice-silencieuse-dal-jolani-les-maitres-du-monde-sott-net\/"},"modified":"2025-03-13T07:36:46","modified_gmt":"2025-03-13T06:36:46","slug":"lue-complice-silencieuse-dal-jolani-les-maitres-du-monde-sott-net","status":"publish","type":"post","link":"https:\/\/monde25.info\/index.php\/2025\/03\/13\/lue-complice-silencieuse-dal-jolani-les-maitres-du-monde-sott-net\/","title":{"rendered":"l&rsquo;UE, complice silencieuse d&rsquo;Al Jolani \u2014 Les Ma\u00eetres du Monde \u2014 Sott.net"},"content":{"rendered":"<p> <br \/>\n<\/p>\n<div>\n      Cela fait \u00e0 peine quelques semaines que le Conseil de l&rsquo;Union europ\u00e9enne a d\u00e9cid\u00e9 de suspendre une s\u00e9rie de sanctions \u00e9conomiques contre la Syrie. En effet, apr\u00e8s la chute du r\u00e9gime alaouite de Bashar al-Assad, les dirigeants europ\u00e9ens et occidentaux se sont pr\u00e9cipit\u00e9s pour accueillir dans la \u00ab communaut\u00e9 internationale \u00bb son successeur, le pr\u00e9sident int\u00e9rimaire Ahmed Husayn al-Sharaa, mieux connu sous le nom d&rsquo;Abu Muhammad Al Jolani, leader du groupe jihadiste Hayat Tahrir al-Sham (HTS), avatar de Jabhat al-Nusrah ou \u00ab Front al-Nusra \u00bb, l&rsquo;ancienne branche d&rsquo;Al-Qa\u00efda en Syrie.<br \/>\n<\/p>\n<div class=\"article-image-super to-center\"><a target=\"_blank\" href=\"https:\/\/fr.sott.net\/image\/s36\/724629\/full\/Screenshot_19_.jpg\" target=\"_blank\"><img decoding=\"async\" src=\"https:\/\/fr.sott.net\/image\/s36\/724629\/super\/Screenshot_19_.jpg\" alt=\"juyhg\" title=\"Cliquer pour agrandir\"\/><\/a><\/div>\n<p>En fait, l&rsquo;Europe a accueilli positivement le changement de r\u00e9gime survenu \u00e0 la fin de 2024, c\u00e9l\u00e9brant la chute du \u00ab tyran \u00bb Assad, coupable, entre autres choses, d&rsquo;\u00eatre un ami et un alli\u00e9 de Vladimir Poutine.<\/p>\n<p><span class=\"BoldGrey\">L&rsquo;UE a salu\u00e9 l&rsquo;ascension d&rsquo;un terroriste islamiste<\/span><\/p>\n<p>Pour c\u00e9l\u00e9brer comme il se doit l&rsquo;ascension d&rsquo;Al Jolani et du HTS, l&rsquo;Union europ\u00e9enne a d\u00e9clar\u00e9, le 25 f\u00e9vrier dernier, vouloir suspendre les sanctions afin de \u00ab faciliter le dialogue avec la Syrie, son peuple et ses entreprises dans les secteurs cl\u00e9s de l&rsquo;\u00e9nergie et des transports \u00bb, ainsi que \u00ab faciliter les op\u00e9rations financi\u00e8res et bancaires li\u00e9es \u00e0 ces secteurs et celles n\u00e9cessaires \u00e0 des fins humanitaires et de reconstruction \u00bb. La d\u00e9cision visait \u00e9galement \u00e0 \u00ab soutenir la transition politique inclusive \u00bb, la \u00ab reprise \u00e9conomique et la stabilisation du pays, avec des mesures qui all\u00e8gent les restrictions dans les secteurs de l&rsquo;\u00e9nergie et des transports, en favorisant \u00e9galement les op\u00e9rations financi\u00e8res \u00e0 des fins humanitaires et de reconstruction \u00bb. Parmi les nouveaut\u00e9s, la \u00ab suppression de cinq entit\u00e9s, dont <em>Syrian Arab Airlines,<\/em> de la liste des sanctions et l&rsquo;introduction d&rsquo;exemptions bancaires \u00bb.<\/p>\n<p><span class=\"BoldGrey\">Ex\u00e9cutions sommaires dans le silence complice de l&rsquo;Occident<\/span><\/p>\n<p>Au cours des derniers mois, plusieurs dirigeants et repr\u00e9sentants politiques occidentaux ont \u00e9galement \u00e9t\u00e9 re\u00e7us par Ahmed Husayn al-Sharaa, dont Jean-No\u00ebl Barrot, ministre des Affaires \u00e9trang\u00e8res fran\u00e7ais \u2014 qui a visit\u00e9 Damas en janvier \u2014 et Annalena Baerbock \u2014 ministre des Affaires \u00e9trang\u00e8res allemande \u2014 qui \u00e9tait \u00e9galement \u00e0 Damas en janvier et y a rencontr\u00e9 al-Sharaa, qui a refus\u00e9 de lui serrer la main. Nous ne parlons pas ici d&rsquo;un saint (Assad), mais il ne fallait pas \u00eatre devin pour comprendre qu&rsquo;un ancien terroriste d&rsquo;Al-Qa\u00efda, responsable de massacres brutaux, finirait par d\u00e9voiler son vrai visage, comme cela est malheureusement en train de se produire en ce moment.<\/p>\n<p>Selon le <em>Syrian Observatory for Human Rights<\/em> (qui n&rsquo;est certainement pas pro-Assad), depuis jeudi dernier, les forces de s\u00e9curit\u00e9 et leurs alli\u00e9s, affili\u00e9s au gouvernement d&rsquo;Al Jolani, <strong>ont tu\u00e9 340 civils alaouites suite \u00e0 des ex\u00e9cutions sommaires, accompagn\u00e9es de pillages de maisons et de biens, dans les zones de Lattaqui\u00e9 et alentours.<\/strong> L&rsquo;agence d&rsquo;\u00c9tat Sana a rapport\u00e9 une attaque commise par des \u00ab\u00a0restes du r\u00e9gime d\u00e9chu\u00a0\u00bb contre l&rsquo;h\u00f4pital national de Lattaqui\u00e9, repouss\u00e9e par les forces de s\u00e9curit\u00e9. Al-Sharaa, dans un discours sur Telegram, a invit\u00e9 les insurg\u00e9s \u00e0 se rendre, qualifiant leur attaque d&rsquo;une erreur impardonnable.<\/p>\n<p>Les dirigeants europ\u00e9ens, qui ont salu\u00e9 l&rsquo;ascension d&rsquo;Ahmed al-Sharaa (alias Abu Mohammed al-Jolani) comme un tournant pour la Syrie post-Assad, se taisent face aux atrocit\u00e9s qui ont \u00e9t\u00e9 perp\u00e9tr\u00e9es ces derniers jours. Comment peuvent-ils justifier leur enthousiasme initial face aux ex\u00e9cutions sommaires de centaines de civils alaouites, aux pillages et aux massacres document\u00e9s par le <em>Syrian Observatory for Human Rights,<\/em> avec des femmes et des enfants parmi les victimes ? En fait, l&rsquo;UE ne le fait pas et, comme le note Glenn Diesen, en r\u00e9ponse aux meurtres de masse et aux ex\u00e9cutions de civils par Al Jolani, l&rsquo;UE condamne les \u00ab\u00a0\u00e9l\u00e9ments pro-Assad\u00a0\u00bb. Sans vergogne.\n\t\t<\/p>\n<\/div>\n<p><br \/>\n<br \/><a href=\"https:\/\/fr.sott.net\/article\/44267-Alaouites-massacres-en-Syrie-l-UE-complice-silencieuse-d-Al-Jolani\" target=\"_blank\"\">Source link <\/a><\/p>\n","protected":false},"excerpt":{"rendered":"<p>Cela fait \u00e0 peine quelques semaines que le Conseil de l&rsquo;Union europ\u00e9enne a d\u00e9cid\u00e9 de suspendre une s\u00e9rie de sanctions \u00e9conomiques contre la Syrie. En effet, apr\u00e8s la chute du&hellip; <\/p>\n","protected":false},"author":1,"featured_media":4336,"comment_status":"open","ping_status":"open","sticky":false,"template":"","format":"standard","meta":{"footnotes":""},"categories":[1],"tags":[],"class_list":["post-4335","post","type-post","status-publish","format-standard","has-post-thumbnail","hentry","category-non-classe"],"_links":{"self":[{"href":"https:\/\/monde25.info\/index.php\/wp-json\/wp\/v2\/posts\/4335","targetHints":{"allow":["GET"]}}],"collection":[{"href":"https:\/\/monde25.info\/index.php\/wp-json\/wp\/v2\/posts"}],"about":[{"href":"https:\/\/monde25.info\/index.php\/wp-json\/wp\/v2\/types\/post"}],"author":[{"embeddable":true,"href":"https:\/\/monde25.info\/index.php\/wp-json\/wp\/v2\/users\/1"}],"replies":[{"embeddable":true,"href":"https:\/\/monde25.info\/index.php\/wp-json\/wp\/v2\/comments?post=4335"}],"version-history":[{"count":0,"href":"https:\/\/monde25.info\/index.php\/wp-json\/wp\/v2\/posts\/4335\/revisions"}],"wp:featuredmedia":[{"embeddable":true,"href":"https:\/\/monde25.info\/index.php\/wp-json\/wp\/v2\/media\/4336"}],"wp:attachment":[{"href":"https:\/\/monde25.info\/index.php\/wp-json\/wp\/v2\/media?parent=4335"}],"wp:term":[{"taxonomy":"category","embeddable":true,"href":"https:\/\/monde25.info\/index.php\/wp-json\/wp\/v2\/categories?post=4335"},{"taxonomy":"post_tag","embeddable":true,"href":"https:\/\/monde25.info\/index.php\/wp-json\/wp\/v2\/tags?post=4335"}],"curies":[{"name":"wp","href":"https:\/\/api.w.org\/{rel}","templated":true}]}}