{"id":4337,"date":"2025-03-13T09:18:10","date_gmt":"2025-03-13T08:18:10","guid":{"rendered":"https:\/\/monde25.info\/index.php\/2025\/03\/13\/la-droite-veut-alleger-les-contraintes-de-lobjectif-zero-artificialisation-nette\/"},"modified":"2025-03-13T09:18:10","modified_gmt":"2025-03-13T08:18:10","slug":"la-droite-veut-alleger-les-contraintes-de-lobjectif-zero-artificialisation-nette","status":"publish","type":"post","link":"https:\/\/monde25.info\/index.php\/2025\/03\/13\/la-droite-veut-alleger-les-contraintes-de-lobjectif-zero-artificialisation-nette\/","title":{"rendered":"La droite veut all\u00e9ger les \u00ab\u00a0contraintes\u00a0\u00bb de l\u2019objectif z\u00e9ro artificialisation nette"},"content":{"rendered":"<p> <br \/>\n<\/p>\n<div>\n<p>La loi <a target=\"_blank\" href=\"https:\/\/reporterre.net\/Stopper-la-destruction-des-sols-un-casse-tete\">z\u00e9ro artificialisation nette<\/a> (<span class=\"caps\">ZAN<\/span>) ne sera-t-elle plus que l\u2019ombre d\u2019elle-m\u00eame<small class=\"fine d-inline\">\u00a0<\/small>? En quatre ans, voici d\u00e9j\u00e0 la troisi\u00e8me proposition de loi \u00e0 ce sujet. Malgr\u00e9 les enjeux majeurs qu\u2019elle repr\u00e9sente en termes de lutte contre le <a target=\"_blank\" href=\"Qu-est-ce-que-le-rechauffement-climatique\">changement climatique<\/a>, une proposition de loi inqui\u00e8te les \u00e9cologistes. Examin\u00e9e \u00e0 partir du 12\u00a0mars et jusqu\u2019au 13\u00a0mars au S\u00e9nat, et port\u00e9e par la droite, elle vise \u00e0 d\u00e9tricoter les contours de la loi <span class=\"caps\">ZAN<\/span>.<\/p>\n<p>En 2021, via la loi Climat, la France s\u2019\u00e9tait engag\u00e9e \u00e0 diminuer de moiti\u00e9 sa consommation d\u2019espaces naturels, agricoles et forestiers d\u2019ici 2031, en passant ainsi de 250\u00a0000 \u00e0 125\u00a0000 hectares en dix ans, jusqu\u2019\u00e0 atteindre la neutralit\u00e9 en mati\u00e8re d\u2019artificialisation nette des sols en 2050. \u00c0 partir de cette date, toute nouvelle surface b\u00e9tonn\u00e9e devrait \u00eatre compens\u00e9e par la renaturation d\u2019une surface de taille \u00e9quivalente. En filigrane, il s\u2019agit aussi de restreindre le ruissellement des eaux de pluie et les inondations.<\/p>\n<p>Mais en novembre dernier, en conclusion d\u2019un rapport de la droite sur la mise en place de la strat\u00e9gie de r\u00e9duction des sols artificialis\u00e9s, les s\u00e9nateurs Guislain Cambier (<span class=\"caps\">UDI<\/span>) et Jean-Baptiste Blanc (<span class=\"caps\">LR<\/span>) ont d\u00e9pos\u00e9 <a target=\"_blank\" href=\"https:\/\/www.assemblee-nationale.fr\/dyn\/17\/dossiers\/DLR5L17N50850\" class=\"spip_out\" rel=\"external\">une proposition de loi<\/a> de <i>\u00ab<small class=\"fine d-inline\">\u00a0<\/small>trajectoire de r\u00e9duction de l\u2019artificialisation concert\u00e9e avec les \u00e9lus locaux<small class=\"fine d-inline\">\u00a0<\/small>\u00bb<\/i> (Trace), visant notamment \u00e0 abroger cet objectif fix\u00e9 \u00e0 2031, tout en maintenant le cap de la neutralit\u00e9 pour 2050.<\/p>\n<p>En amont des discussions autour des 154 amendements retenus, le 12\u00a0mars au matin, les rapporteurs Jean-Marc Boyer (<span class=\"caps\">LR<\/span>) et Amel Gacquerre (Union centriste) ont r\u00e9sum\u00e9 les enjeux lors d\u2019une conf\u00e9rence de presse.<\/p>\n<p>Malgr\u00e9 les assouplissements d\u00e9j\u00e0 apport\u00e9s par la loi du 20\u00a0juillet 2023, <i>\u00ab<small class=\"fine d-inline\">\u00a0<\/small>la loi <span class=\"caps\">ZAN<\/span> \u00e9tait per\u00e7ue comme un v\u00e9ritable casse-t\u00eate pour les \u00e9lus, voire m\u00eame pire, comme un repoussoir<small class=\"fine d-inline\">\u00a0<\/small>\u00bb<\/i>, estime la s\u00e9natrice Dominique Estrosi-Sassone (<span class=\"caps\">LR<\/span>) en pr\u00e9ambule. Au motif que <i>\u00ab<small class=\"fine d-inline\">\u00a0<\/small>les conditions d\u2019urbanisation ne sont pas les m\u00eames partout<small class=\"fine d-inline\">\u00a0<\/small>\u00bb<\/i>, la proposition de loi vise \u00e0 all\u00e9ger les contraintes qui p\u00e8seraient sur les \u00e9lus locaux, en leur donnant davantage voix au chapitre et en leur laissant davantage de marges de man\u0153uvre pour mener \u00e0 bien leurs projets de d\u00e9veloppement.<\/p>\n<p><a target=\"_blank\" href=\"https:\/\/reporterre.net\/Les-senateurs-de-droite-veulent-redonner-des-droits-a-betonner\" class=\"lien_lireaussi\"><strong>Lire aussi : <\/strong> <span>Les s\u00e9nateurs de droite veulent laisser les communes b\u00e9tonner en paix<\/span><\/a><\/p>\n<p>Dans le d\u00e9tail, les s\u00e9nateurs entendent repousser les diff\u00e9rentes dates butoirs pr\u00e9vues par la loi, pour int\u00e9grer ces objectifs de sobri\u00e9t\u00e9 fonci\u00e8re dans leurs documents d\u2019urbanisme. Parmi les textes importants, adopt\u00e9s par le conseil r\u00e9gional, le sch\u00e9ma r\u00e9gional d\u2019am\u00e9nagement aussi appel\u00e9 <i>\u00ab<small class=\"fine d-inline\">\u00a0<\/small>Sraddet<small class=\"fine d-inline\">\u00a0<\/small>\u00bb<\/i> fixe et impose des objectifs \u00e0 atteindre en mati\u00e8re de planification territoriale. Mais les s\u00e9nateurs souhaitent faire sauter son verrou, en lui \u00f4tant son caract\u00e8re <i>\u00ab<small class=\"fine d-inline\">\u00a0<\/small>prescriptif<small class=\"fine d-inline\">\u00a0<\/small>\u00bb<\/i> et en le rempla\u00e7ant par une <i>\u00ab<small class=\"fine d-inline\">\u00a0<\/small>simple prise en compte au niveau local<small class=\"fine d-inline\">\u00a0<\/small>\u00bb<\/i>.<\/p>\n<p>Les s\u00e9nateurs entendent aussi soumettre l\u2019ensemble des d\u00e9cisions prises autour de ces Sraddet \u00e0 l\u2019approbation d\u2019une <i>\u00ab<small class=\"fine d-inline\">\u00a0<\/small>conf\u00e9rence \u00e9largie<small class=\"fine d-inline\">\u00a0<\/small>\u00bb<\/i> compos\u00e9e de repr\u00e9sentants des communes et des intercommunalit\u00e9s, des r\u00e9gions et de l\u2019\u00c9tat.<\/p>\n<p>La proposition de loi pr\u00e9voit d\u2019int\u00e9grer de nombreuses exceptions aux quotas d\u2019artificialisation des sols. Les projets d\u2019envergure nationale ou europ\u00e9enne (Pene), les projets industriels, les infrastructures li\u00e9es aux \u00e9nergies renouvelables, et la construction de logements sociaux ne compteraient ainsi plus parmi les d\u00e9comptes.<\/p>\n<h2 class=\"spip\">\u00ab<small class=\"fine d-inline\">\u00a0<\/small>Une \u201ctrumpisation\u201d qui ne s\u2019assume pas<small class=\"fine d-inline\">\u00a0<\/small>\u00bb<\/h2>\n<p>Autant de chamboulements qui inqui\u00e8tent le groupe \u00e9cologiste, qui n\u2019a pas manqu\u00e9 de d\u00e9noncer une <i>\u00ab<small class=\"fine d-inline\">\u00a0<\/small>loi de d\u00e9tricotage complet du <span class=\"caps\">ZAN<\/span><small class=\"fine d-inline\">\u00a0<\/small>\u00bb<\/i> lors d\u2019une conf\u00e9rence de presse organis\u00e9e le 11\u00a0mars. <i>\u00ab<small class=\"fine d-inline\">\u00a0<\/small>Quand vous supprimez l\u2019objectif interm\u00e9diaire, la r\u00e9alit\u00e9 c\u2019est que vous abrogez la loi<\/i>, a fustig\u00e9 le s\u00e9nateur de Paris Yannick Jadot. <i>C\u2019est une forme de \u201ctrumpisation\u201d qui ne s\u2019assume pas.<small class=\"fine d-inline\">\u00a0<\/small>\u00bb<\/i> Et de filer la m\u00e9taphore\u00a0: <i>\u00ab<small class=\"fine d-inline\">\u00a0<\/small>C\u2019est comme si, \u00e0 propos de la r\u00e9duction du d\u00e9ficit de la France, le gouvernement disait \u201cEn 2029, on sera \u00e0 3<small class=\"fine d-inline\">\u00a0<\/small>%\u201d, sans imposer d\u2019objectifs de r\u00e9duction d\u2019ici l\u00e0.<small class=\"fine d-inline\">\u00a0<\/small>\u00bb <\/i><\/p>\n<p>Conscients des attaques sur ce point, sans donner de chiffre ni de date, les s\u00e9nateurs de droite font uniquement \u00e9tat d\u2019un <i>\u00ab<small class=\"fine d-inline\">\u00a0<\/small>objectif cr\u00e9dible<small class=\"fine d-inline\">\u00a0<\/small>\u00bb<\/i> que les r\u00e9gions devront s\u2019imposer afin de respecter la loi z\u00e9ro artificialisation nette en 2050.<\/p>\n<p><a target=\"_blank\" href=\"https:\/\/reporterre.net\/La-fin-des-sols-artificialises-un-objectif-lointain\" class=\"lien_lireaussi\"><strong>Lire aussi : <\/strong> <span>La fin des sols artificialis\u00e9s, un objectif lointain<\/span><\/a><\/p>\n<p>De son c\u00f4t\u00e9, le s\u00e9nateur de Loire-Atlantique Ronan Dantec voit dans la loi Trace une op\u00e9ration orchestr\u00e9e par certains des barons de la droite, notamment Laurent Wauquiez. En 2023, devant le congr\u00e8s de l\u2019Association des maires ruraux \u00e0 l\u2019Alpe d\u2019Huez (Is\u00e8re), alors pr\u00e9sident de la R\u00e9gion Auvergne-Rh\u00f4ne-Alpes, il s\u2019en \u00e9tait violemment pris \u00e0 la <span class=\"caps\">ZAN<\/span>, selon lui symbole <i>\u00ab<small class=\"fine d-inline\">\u00a0<\/small>des d\u00e9cisions administratives hors sol<small class=\"fine d-inline\">\u00a0<\/small>\u00bb<\/i>, et avait laiss\u00e9 entendre qu\u2019il ne respecterait pas les objectifs impos\u00e9s par la loi.<\/p>\n<p><i>\u00ab<small class=\"fine d-inline\">\u00a0<\/small>On esp\u00e8re que le gouvernement restera ferme contre cette loi de posture qui s\u2019oppose au monde agricole, aux \u00e9lus locaux et \u00e0 la transition \u00e9cologique<small class=\"fine d-inline\">\u00a0<\/small>\u00bb<\/i>, a martel\u00e9 le s\u00e9nateur Ronan Dantec. L\u2019attitude de l\u2019ex\u00e9cutif n\u2019a pas de quoi rassurer le groupe \u00e9cologiste\u00a0: pour l\u2019heure, difficile de d\u00e9terminer de quel c\u00f4t\u00e9 pencheront les votes.<\/p>\n<p>Quelques \u00e9l\u00e9ments permettent en tout cas d\u2019y voir plus clair. Le 24\u00a0f\u00e9vrier dernier, lors d\u2019une r\u00e9union interminist\u00e9rielle, le ministre de l\u2019Am\u00e9nagement Fran\u00e7ois Rebsamen avait d\u00e9j\u00e0 affirm\u00e9 sa volont\u00e9 de d\u00e9caler l\u2019objectif de r\u00e9duction de moiti\u00e9 de l\u2019artificialisation de 2031 \u00e0 2034. Un amendement allant dans ce sens a d\u2019ailleurs \u00e9t\u00e9 d\u00e9pos\u00e9. Bloquant le syst\u00e8me de navette parlementaire, la proc\u00e9dure acc\u00e9l\u00e9r\u00e9e d\u2019examen du texte a \u00e9t\u00e9 activ\u00e9e par le gouvernement \u2014 autrement dit, il devrait aboutir raidement.<\/p>\n<h2 class=\"spip\">Freiner ce retour en arri\u00e8re<\/h2>\n<p>De leur c\u00f4t\u00e9, certaines <span class=\"caps\">ONG<\/span> ne voient toujours pas comment ces assouplissements successifs r\u00e9gleront les pr\u00e9occupations des maires. Le Fonds mondial pour la nature (<span class=\"caps\">WWF<\/span>) a publi\u00e9 un rapport dessinant les contours d\u2019<a target=\"_blank\" href=\"https:\/\/www.wwf.fr\/sites\/default\/files\/doc-2025-02\/WWF_RapportZAN_WORD%20def.pdf\" class=\"spip_out\" rel=\"external\">un grand plan de r\u00e9forme de la fiscalit\u00e9<\/a> pour tenter de r\u00e9gler la question, encore trop peu abord\u00e9e, des moyens.<\/p>\n<p>D\u2019apr\u00e8s ses calculs, r\u00e9former la taxe sur la plus-value des terrains nus devenus constructibles, la taxe d\u2019am\u00e9nagement ou encore la cotisation fonci\u00e8re des entreprises, permettrait ainsi de d\u00e9gager 2 \u00e0 5 milliards d\u2019euros suppl\u00e9mentaires, et de les r\u00e9injecter dans des projets de renaturation ou de pr\u00e9servation de la biodiversit\u00e9.<\/p>\n<p><i>\u00ab<small class=\"fine d-inline\">\u00a0<\/small>Tant que cela co\u00fbtera moins cher aux \u00e9lus locaux de d\u00e9sartificialiser que de densifier l\u2019occupation des terrains existants ou de les r\u00e9habiliter, rien ne les incitera \u00e0 la sobri\u00e9t\u00e9 fonci\u00e8re<small class=\"fine d-inline\">\u00a0<\/small>\u00bb<\/i>, insiste aupr\u00e8s de <i>Reporterre<\/i> Jean Burkard, charg\u00e9 de plaidoyer chez <span class=\"caps\">WWF<\/span> France.<\/p>\n<p>Le s\u00e9nateur \u00e9cologiste Ronan Dantec le certifie\u00a0: <i>\u00ab<small class=\"fine d-inline\">\u00a0<\/small>Nous allons tout faire pour freiner ce retour en arri\u00e8re que le pays ne souhaite pas.<small class=\"fine d-inline\">\u00a0<\/small>\u00bb<\/i><\/p>\n<aside class=\"boite_encarts\">\n<div class=\"encart encart_gris noprint\">\n<p><strong>Puisque vous \u00eates l\u00e0&#8230;<\/strong><\/p>\n<p>&#8230; nous avons un petit service \u00e0 vous demander.<br class=\"autobr\"\/><br \/>\nEntre la pr\u00e9sence d\u2019un climatosceptique \u00e0 la t\u00eate de la premi\u00e8re puissance mondiale, un gouvernement fran\u00e7ais qui flirte avec l\u2019extr\u00eame-droite, et les catastrophes climatiques qui s\u2019enchainent&#8230; Faire vivre l\u2019\u00e9cologie dans le d\u00e9bat public est un enjeu crucial.<\/p>\n<p>Personne ne modifie ce que nous publions. Nous n\u2019avons ni actionnaire, ni propri\u00e9taire milliardaire \u2014 seulement une \u00e9quipe d\u2019irr\u00e9ductibles journalistes, pleine de d\u00e9termination.<\/p>\n<p>Nous avons la conviction que l\u2019urgence \u00e9cologique est l\u2019enjeu majeur de notre \u00e9poque. Et comme plus de 2 millions de lectrices et lecteurs chaque mois, vous partagez sans doute cette conviction&#8230;<\/p>\n<p><strong>Depuis 12 ans, nous publions des articles de qualit\u00e9 sur l\u2019\u00e9cologie, en acc\u00e8s libre et sans publicit\u00e9, pour tous.<\/strong><br class=\"autobr\"\/><br \/>\nMais ce travail demande beaucoup de temps et de ressources.<\/p>\n<p>Alors, si vous en avez les moyens, sachez qu\u2019un don, m\u00eame d\u20191\u20ac, est un acte de soutien fort pour l\u2019\u00e9cologie et le journalisme ind\u00e9pendant.<br class=\"autobr\"\/><br \/>\n(Et \u00e7a vous prendra moins de temps que la lecture de ce texte).<\/p>\n<p><strong>Si vous le pouvez, choisissez un soutien mensuel. Merci.<\/strong><\/p>\n<p><a target=\"_blank\" href=\"https:\/\/reporterre.net\/dons\" class=\"bt_soutenir\">Je soutiens <i>Reporterre<\/i><\/a><\/p>\n<\/p><\/div>\n<div class=\"encart encart_vert noprint montre_1023\">\n<div class=\"infolettre-form-container noprint\">\n<p>Abonnez-vous \u00e0 la lettre d\u2019info de Reporterre<\/p>\n<\/div><\/div>\n<\/aside>\n<aside class=\"boite_apresarticle encart_note\">\n<h4>Apr\u00e8s cet article<\/h4>\n<p>      <a target=\"_blank\" href=\"https:\/\/reporterre.net\/Les-senateurs-de-droite-veulent-redonner-des-droits-a-betonner\" class=\"lien_article\">\n      <picture class=\"vignette_gauche\"><source type=\"image\/webp\" srcset=\"https:\/\/reporterre.net\/local\/cache-vignettes\/L450xH300\/afp__20240919__hl_pbatard_2515124__v1__highres__francea69motorwayactivistzadecology-47c04.jpg@.webp?1737377736\"><img decoding=\"async\" src=\"https:\/\/reporterre.net\/local\/cache-vignettes\/L450xH300\/afp__20240919__hl_pbatard_2515124__v1__highres__francea69motorwayactivistzadecology-47c04.jpg?1737377736\" width=\"450\" height=\"300\" alt=\"\" class=\"marge12\" loading=\"lazy\"\/><br \/>\n<\/source><\/picture>\n<p class=\"libelle\">\n<p>      Politique\n    <\/p>\n<p class=\"titre pol20\">Les s\u00e9nateurs de droite veulent laisser les communes b\u00e9tonner en paix<\/p>\n<p>      <\/a><br \/>\n    <\/aside>\n<aside class=\"boite_complement texte\">\n<p>      <!-- zone_forum --><br \/>\n          <\/aside>\n<aside class=\"boite_lireaussi noprint\">\n<\/aside>\n<aside class=\"colonne\">\n<div class=\"article_info cache_1023 noprint\">\n<p>    <span class=\"date\">12 mars 2025  \u00e0 18h05<\/span><\/p>\n<p>    <span class=\"date_modif\">Mis \u00e0 jour le 12 mars 2025 \u00e0 18h24<\/span>      <\/p>\n<p class=\"duree_lecture\">\n        Dur\u00e9e de lecture : 6 minutes\n      <\/p>\n<\/p><\/div>\n<div class=\"bloc_infolettre\">\n<div class=\"infolettre-form-container noprint\">\n<p>Abonnez-vous \u00e0 la lettre d\u2019info de Reporterre<\/p>\n<\/div><\/div>\n<\/aside>\n<div id=\"galerie\">\n  <img decoding=\"async\" src=\"\" class=\"principale\" id=\"principale\"\/><\/p>\n<p id=\"legende\">legende<\/p>\n<\/div>\n<footer class=\"noprint\">\n<\/footer>\n<\/div>\n<p><br \/>\n<br \/><a href=\"https:\/\/reporterre.net\/Zero-artificialisation-nette-la-droite-veut-alleger-les-contraintes\" target=\"_blank\"\">Source link <\/a><\/p>\n","protected":false},"excerpt":{"rendered":"<p>La loi z\u00e9ro artificialisation nette (ZAN) ne sera-t-elle plus que l\u2019ombre d\u2019elle-m\u00eame\u00a0? En quatre ans, voici d\u00e9j\u00e0 la troisi\u00e8me proposition de loi \u00e0 ce sujet. Malgr\u00e9 les enjeux majeurs qu\u2019elle&hellip; <\/p>\n","protected":false},"author":1,"featured_media":4338,"comment_status":"open","ping_status":"open","sticky":false,"template":"","format":"standard","meta":{"footnotes":""},"categories":[1],"tags":[],"class_list":["post-4337","post","type-post","status-publish","format-standard","has-post-thumbnail","hentry","category-non-classe"],"_links":{"self":[{"href":"https:\/\/monde25.info\/index.php\/wp-json\/wp\/v2\/posts\/4337","targetHints":{"allow":["GET"]}}],"collection":[{"href":"https:\/\/monde25.info\/index.php\/wp-json\/wp\/v2\/posts"}],"about":[{"href":"https:\/\/monde25.info\/index.php\/wp-json\/wp\/v2\/types\/post"}],"author":[{"embeddable":true,"href":"https:\/\/monde25.info\/index.php\/wp-json\/wp\/v2\/users\/1"}],"replies":[{"embeddable":true,"href":"https:\/\/monde25.info\/index.php\/wp-json\/wp\/v2\/comments?post=4337"}],"version-history":[{"count":0,"href":"https:\/\/monde25.info\/index.php\/wp-json\/wp\/v2\/posts\/4337\/revisions"}],"wp:featuredmedia":[{"embeddable":true,"href":"https:\/\/monde25.info\/index.php\/wp-json\/wp\/v2\/media\/4338"}],"wp:attachment":[{"href":"https:\/\/monde25.info\/index.php\/wp-json\/wp\/v2\/media?parent=4337"}],"wp:term":[{"taxonomy":"category","embeddable":true,"href":"https:\/\/monde25.info\/index.php\/wp-json\/wp\/v2\/categories?post=4337"},{"taxonomy":"post_tag","embeddable":true,"href":"https:\/\/monde25.info\/index.php\/wp-json\/wp\/v2\/tags?post=4337"}],"curies":[{"name":"wp","href":"https:\/\/api.w.org\/{rel}","templated":true}]}}