{"id":4343,"date":"2025-03-13T10:56:38","date_gmt":"2025-03-13T09:56:38","guid":{"rendered":"https:\/\/monde25.info\/index.php\/2025\/03\/13\/le-togo-envisage-de-rejoindre-lalliance-des-etats-du-sahel-repete-le-chef-de-sa-diplomatie\/"},"modified":"2025-03-13T10:56:38","modified_gmt":"2025-03-13T09:56:38","slug":"le-togo-envisage-de-rejoindre-lalliance-des-etats-du-sahel-repete-le-chef-de-sa-diplomatie","status":"publish","type":"post","link":"https:\/\/monde25.info\/index.php\/2025\/03\/13\/le-togo-envisage-de-rejoindre-lalliance-des-etats-du-sahel-repete-le-chef-de-sa-diplomatie\/","title":{"rendered":"\u00ab\u00a0Le Togo envisage de rejoindre l\u2019Alliance des \u00c9tats du Sahel\u00a0\u00bb, r\u00e9p\u00e8te le chef de sa diplomatie"},"content":{"rendered":"<p> <br \/>\n<\/p>\n<div>\n<div class=\"article__meta\" itemscope=\"\" itemtype=\"https:\/\/schema.org\/Article\">\n<p>https:\/\/fr.sputniknews.africa\/20250313\/le-togo-envisage-de-rejoindre-lalliance-des-etats-du-sahel-repete-le-chef-de-sa-diplomatie-1071061564.html<\/p>\n<p><a target=\"_blank\" itemprop=\"url\" href=\"https:\/\/fr.sputniknews.africa\/20250313\/le-togo-envisage-de-rejoindre-lalliance-des-etats-du-sahel-repete-le-chef-de-sa-diplomatie-1071061564.html\" title=\"\" le=\"\" togo=\"\" envisage=\"\" de=\"\" rejoindre=\"\" l=\"\" des=\"\" du=\"\" sahel=\"\" r=\"\" chef=\"\" sa=\"\" diplomatie=\"\"\/><\/p>\n<p>\u00ab\u00a0Le Togo envisage de rejoindre l\u2019Alliance des \u00c9tats du Sahel\u00a0\u00bb, r\u00e9p\u00e8te le chef de sa diplomatie<\/p>\n<p>\u00ab\u00a0Le Togo envisage de rejoindre l\u2019Alliance des \u00c9tats du Sahel\u00a0\u00bb, r\u00e9p\u00e8te le chef de sa diplomatie<\/p>\n<p>Sputnik Afrique<\/p>\n<p>Robert Dussey avait d\u00e9j\u00e0 \u00e9voqu\u00e9 une telle possibilit\u00e9 dans une interview en janvier dernier. Il a alors pr\u00e9cis\u00e9 que la d\u00e9cision appartenait au chef d&rsquo;\u00c9tat et&#8230; 13.03.2025, Sputnik Afrique<\/p>\n<p>2025-03-13T10:52+0100<\/p>\n<p>2025-03-13T10:52+0100<\/p>\n<p>2025-03-13T10:52+0100<\/p>\n<p>togo<\/p>\n<p>alliance des \u00e9tats du sahel (aes)<\/p>\n<p>afrique subsaharienne<\/p>\n<p>robert dussey<\/p>\n<p>souverainet\u00e9<\/p>\n<p>https:\/\/cdn1.img.sputniknews.africa\/img\/07e8\/07\/13\/1067548637_0:0:2938:1652_1920x0_80_0_0_7844dd6288d14d372a371bf8b8a8c3ba.jpg<\/p>\n<p>C&rsquo;est une \u00ab\u00a0d\u00e9cision strat\u00e9gique qui pourrait renforcer la coop\u00e9ration r\u00e9gionale et offrir un acc\u00e8s \u00e0 la mer aux pays membres\u00a0\u00bb, a soulign\u00e9 le ministre togolais des Affaires \u00e9trang\u00e8res dans un message sur ses r\u00e9seaux sociaux le 11 mars.   Selon lui, plusieurs avantages se d\u00e9gagent:   <\/p>\n<p>togo<\/p>\n<p>afrique subsaharienne<\/p>\n<div itemprop=\"copyrightHolder\" itemscope=\"\" itemtype=\"http:\/\/schema.org\/Organization\">\n<p>Sputnik Afrique<\/p>\n<p><a target=\"_blank\" itemprop=\"url\" href=\"https:\/\/fr.sputniknews.africa\" title=\"Sputnik Afrique\"> <\/a><\/p>\n<p>feedback.fr@sputniknews.com<\/p>\n<p>+74956456601<\/p>\n<p>MIA \u201eRossiya Segodnya\u201c<\/p>\n<p><a target=\"_blank\" itemprop=\"sameAs\" href=\"https:\/\/t.me\/sputnik_afrique\"> <\/a><a target=\"_blank\" itemprop=\"sameAs\" href=\"https:\/\/t.me\/sputnik_africa\"> <\/a><a target=\"_blank\" itemprop=\"sameAs\" href=\"https:\/\/t.me\/sputnik_ethiopia\"> <\/a><a target=\"_blank\" itemprop=\"sameAs\" href=\"https:\/\/x.com\/sputnik_afrique\"> <\/a><a target=\"_blank\" itemprop=\"sameAs\" href=\"https:\/\/x.com\/sputnik_africa\"> <\/a><\/div>\n<p>2025<\/p>\n<div itemprop=\"creator\" itemscope=\"\" itemtype=\"http:\/\/schema.org\/Organization\">\n<p>Sputnik Afrique<\/p>\n<p><a target=\"_blank\" itemprop=\"url\" href=\"https:\/\/fr.sputniknews.africa\" title=\"Sputnik Afrique\"> <\/a><\/p>\n<p>feedback.fr@sputniknews.com<\/p>\n<p>+74956456601<\/p>\n<p>MIA \u201eRossiya Segodnya\u201c<\/p>\n<p><a target=\"_blank\" itemprop=\"sameAs\" href=\"https:\/\/t.me\/sputnik_afrique\"> <\/a><a target=\"_blank\" itemprop=\"sameAs\" href=\"https:\/\/t.me\/sputnik_africa\"> <\/a><a target=\"_blank\" itemprop=\"sameAs\" href=\"https:\/\/t.me\/sputnik_ethiopia\"> <\/a><a target=\"_blank\" itemprop=\"sameAs\" href=\"https:\/\/x.com\/sputnik_afrique\"> <\/a><a target=\"_blank\" itemprop=\"sameAs\" href=\"https:\/\/x.com\/sputnik_africa\"> <\/a><\/div>\n<p>Actus<\/p>\n<p>fr_FR<\/p>\n<div itemprop=\"sourceOrganization\" itemscope=\"\" itemtype=\"http:\/\/schema.org\/Organization\">\n<p>Sputnik Afrique<\/p>\n<p><a target=\"_blank\" itemprop=\"url\" href=\"https:\/\/fr.sputniknews.africa\" title=\"Sputnik Afrique\"> <\/a><\/p>\n<p>feedback.fr@sputniknews.com<\/p>\n<p>+74956456601<\/p>\n<p>MIA \u201eRossiya Segodnya\u201c<\/p>\n<p><a target=\"_blank\" itemprop=\"sameAs\" href=\"https:\/\/t.me\/sputnik_afrique\"> <\/a><a target=\"_blank\" itemprop=\"sameAs\" href=\"https:\/\/t.me\/sputnik_africa\"> <\/a><a target=\"_blank\" itemprop=\"sameAs\" href=\"https:\/\/t.me\/sputnik_ethiopia\"> <\/a><a target=\"_blank\" itemprop=\"sameAs\" href=\"https:\/\/x.com\/sputnik_afrique\"> <\/a><a target=\"_blank\" itemprop=\"sameAs\" href=\"https:\/\/x.com\/sputnik_africa\"> <\/a><\/div>\n<p><a target=\"_blank\" itemprop=\"thumbnailUrl\" href=\"https:\/\/cdn1.img.sputniknews.africa\/img\/07e8\/07\/13\/1067548637_0:0:2938:1652_1920x0_80_0_0_7844dd6288d14d372a371bf8b8a8c3ba.jpg\"\/><a target=\"_blank\" itemprop=\"thumbnailUrl\" href=\"https:\/\/cdn1.img.sputniknews.africa\/img\/07e8\/07\/13\/1067548637_71:0:2802:2048_1920x0_80_0_0_17f58532da6f15331881a5ba0ff25274.jpg\">https:\/\/cdn1.img.sputniknews.africa\/img\/07e8\/07\/13\/1067548637_71:0:2802:2048_1920x0_80_0_0_17f58532da6f15331881a5ba0ff25274.jpg<\/a><a target=\"_blank\" itemprop=\"thumbnailUrl\" href=\"https:\/\/cdn1.img.sputniknews.africa\/img\/07e8\/07\/13\/1067548637_412:0:2460:2048_1920x0_80_0_0_428b66ea425a6e4caeab32fe75df3469.jpg\" title=\"Togo's Foreign Minister Robert Dussey\"\/><\/p>\n<div itemprop=\"publisher\" itemscope=\"\" itemtype=\"http:\/\/schema.org\/Organization\">\n<p>Sputnik Afrique<\/p>\n<p><a target=\"_blank\" itemprop=\"url\" href=\"https:\/\/fr.sputniknews.africa\" title=\"Sputnik Afrique\"> <\/a><\/p>\n<p>feedback.fr@sputniknews.com<\/p>\n<p>+74956456601<\/p>\n<p>MIA \u201eRossiya Segodnya\u201c<\/p>\n<p><a target=\"_blank\" itemprop=\"sameAs\" href=\"https:\/\/t.me\/sputnik_afrique\"> <\/a><a target=\"_blank\" itemprop=\"sameAs\" href=\"https:\/\/t.me\/sputnik_africa\"> <\/a><a target=\"_blank\" itemprop=\"sameAs\" href=\"https:\/\/t.me\/sputnik_ethiopia\"> <\/a><a target=\"_blank\" itemprop=\"sameAs\" href=\"https:\/\/x.com\/sputnik_afrique\"> <\/a><a target=\"_blank\" itemprop=\"sameAs\" href=\"https:\/\/x.com\/sputnik_africa\"> <\/a><\/div>\n<p>togo, alliance des \u00e9tats du sahel (aes), afrique subsaharienne, robert dussey, souverainet\u00e9<\/p>\n<div itemprop=\"about\" itemscope=\"\" itemtype=\"https:\/\/schema.org\/Thing\">\n<p>togo, alliance des \u00e9tats du sahel (aes), afrique subsaharienne, robert dussey, souverainet\u00e9<\/p>\n<\/div>\n<\/div>\n<div class=\"article__header\">\n<p>Robert Dussey avait d\u00e9j\u00e0 \u00e9voqu\u00e9 une telle possibilit\u00e9 dans une interview en janvier dernier. Il a alors pr\u00e9cis\u00e9 que la d\u00e9cision appartenait au chef d&rsquo;\u00c9tat et que les populations seraient favorables \u00e0 cette adh\u00e9sion.<\/p>\n<\/div>\n<div class=\"article__body\">\n<div class=\"article__block\" data-type=\"text\">\n<p>C&rsquo;est une \u00ab\u00a0d\u00e9cision strat\u00e9gique qui pourrait renforcer la coop\u00e9ration r\u00e9gionale et offrir un acc\u00e8s \u00e0 la mer aux pays membres\u00a0\u00bb, a soulign\u00e9 le ministre togolais des Affaires \u00e9trang\u00e8res dans un message sur ses r\u00e9seaux sociaux le 11 mars.   <\/p>\n<\/div>\n<div class=\"article__block\" data-type=\"text\">\n<p>Selon lui, plusieurs avantages se d\u00e9gagent:   <\/p>\n<\/div>\n<div class=\"article__block\" data-type=\"list\">\n<div class=\"article__list\">\n<div class=\"article__list-item\">un acc\u00e8s strat\u00e9gique maritime, <\/div>\n<div class=\"article__list-item\">une unit\u00e9 politique renforc\u00e9e, <\/div>\n<div class=\"article__list-item\">une souverainet\u00e9 africaine affirm\u00e9e.  <\/div>\n<\/div>\n<\/div>\n<div class=\"article__block\" data-type=\"quote\">\n<div class=\"article__quote\">\n<p>\u00ab\u00a0Une d\u00e9marche qui suscite l\u2019int\u00e9r\u00eat et marque un tournant dans la politique africaine\u00a0\u00bb, a r\u00e9sum\u00e9 le diplomate.<\/p>\n<\/div>\n<\/div>\n<\/div>\n<\/div>\n<p><script async=\"async\" type=\"text\/plain\" class=\"_iub_cs_activate\" data-iub-purposes=\"3\" data-suppressedsrc=\"https:\/\/connect.facebook.net\/en_US\/sdk.js#xfbml=1&amp;version=v3.2\"><\/script><br \/>\n<br \/><br \/>\n<br \/><a href=\"https:\/\/fr.sputniknews.africa\/20250313\/le-togo-envisage-de-rejoindre-lalliance-des-etats-du-sahel-repete-le-chef-de-sa-diplomatie-1071061564.html\" target=\"_blank\"\">Source link <\/a><\/p>\n","protected":false},"excerpt":{"rendered":"<p>https:\/\/fr.sputniknews.africa\/20250313\/le-togo-envisage-de-rejoindre-lalliance-des-etats-du-sahel-repete-le-chef-de-sa-diplomatie-1071061564.html \u00ab\u00a0Le Togo envisage de rejoindre l\u2019Alliance des \u00c9tats du Sahel\u00a0\u00bb, r\u00e9p\u00e8te le chef de sa diplomatie \u00ab\u00a0Le Togo envisage de rejoindre l\u2019Alliance des \u00c9tats du Sahel\u00a0\u00bb, r\u00e9p\u00e8te le chef&hellip; <\/p>\n","protected":false},"author":1,"featured_media":4344,"comment_status":"open","ping_status":"open","sticky":false,"template":"","format":"standard","meta":{"footnotes":""},"categories":[1],"tags":[],"class_list":["post-4343","post","type-post","status-publish","format-standard","has-post-thumbnail","hentry","category-non-classe"],"_links":{"self":[{"href":"https:\/\/monde25.info\/index.php\/wp-json\/wp\/v2\/posts\/4343","targetHints":{"allow":["GET"]}}],"collection":[{"href":"https:\/\/monde25.info\/index.php\/wp-json\/wp\/v2\/posts"}],"about":[{"href":"https:\/\/monde25.info\/index.php\/wp-json\/wp\/v2\/types\/post"}],"author":[{"embeddable":true,"href":"https:\/\/monde25.info\/index.php\/wp-json\/wp\/v2\/users\/1"}],"replies":[{"embeddable":true,"href":"https:\/\/monde25.info\/index.php\/wp-json\/wp\/v2\/comments?post=4343"}],"version-history":[{"count":0,"href":"https:\/\/monde25.info\/index.php\/wp-json\/wp\/v2\/posts\/4343\/revisions"}],"wp:featuredmedia":[{"embeddable":true,"href":"https:\/\/monde25.info\/index.php\/wp-json\/wp\/v2\/media\/4344"}],"wp:attachment":[{"href":"https:\/\/monde25.info\/index.php\/wp-json\/wp\/v2\/media?parent=4343"}],"wp:term":[{"taxonomy":"category","embeddable":true,"href":"https:\/\/monde25.info\/index.php\/wp-json\/wp\/v2\/categories?post=4343"},{"taxonomy":"post_tag","embeddable":true,"href":"https:\/\/monde25.info\/index.php\/wp-json\/wp\/v2\/tags?post=4343"}],"curies":[{"name":"wp","href":"https:\/\/api.w.org\/{rel}","templated":true}]}}