{"id":4358,"date":"2025-03-13T17:05:27","date_gmt":"2025-03-13T16:05:27","guid":{"rendered":"https:\/\/monde25.info\/index.php\/2025\/03\/13\/le-retour-de-la-vaisselle-en-plastique-a-lecole\/"},"modified":"2025-03-13T17:05:27","modified_gmt":"2025-03-13T16:05:27","slug":"le-retour-de-la-vaisselle-en-plastique-a-lecole","status":"publish","type":"post","link":"https:\/\/monde25.info\/index.php\/2025\/03\/13\/le-retour-de-la-vaisselle-en-plastique-a-lecole\/","title":{"rendered":"Le retour de la vaisselle en plastique \u00e0 l&rsquo;\u00e9cole"},"content":{"rendered":"<p> <br \/>\n<\/p>\n<div>\n<p><strong>Un projet de d\u00e9cret pourrait autoriser de nouveau les couverts et assiettes en plastique r\u00e9utilisables dans les cantines scolaires. Une d\u00e9cision controvers\u00e9e, pr\u00e9sent\u00e9e comme une correction l\u00e9gislative, qui soul\u00e8ve des inqui\u00e9tudes \u00e9cologiques. Pourquoi ce revirement ?<\/strong><\/p>\n<p>Alors que la loi Egalim interdisait depuis 2025 les contenants en plastique pour les repas scolaires, cette nouvelle initiative vise \u00e0 lever cette interdiction pour les couverts et assiettes r\u00e9utilisables. Le minist\u00e8re assure qu&rsquo;il s&rsquo;agit d&rsquo;une mise \u00e0 jour technique pour contourner une faiblesse juridique, expliquant que les assiettes et couverts ne sont pas des \u00ab\u00a0contenants de r\u00e9chauffe\u00a0\u00bb, comme pr\u00e9cis\u00e9 dans la loi. Selon le minist\u00e8re de la Transition \u00e9cologique, cette r\u00e9vision n&rsquo;impacte en rien la s\u00e9curit\u00e9 sanitaire. En effet, \u00ab\u00a0les couverts et assiettes ne relarguent pas de substances chimiques lorsqu&rsquo;ils sont chauff\u00e9s\u00a0\u00bb, contrairement aux contenants en plastique jetables.<\/p>\n<p>Pourtant, comme le rapporte l&rsquo;<em>AFP<\/em>, ce projet a d\u00e9j\u00e0 suscit\u00e9 de vives r\u00e9actions. Certains critiques voient dans cette d\u00e9cision un recul flagrant face \u00e0 l&rsquo;engagement \u00e9cologique des derni\u00e8res ann\u00e9es. Un retour en arri\u00e8re \u00ab\u00a0ahurissant\u00a0\u00bb, voire \u00ab\u00a0scandaleux\u00a0\u00bb, jugent certains internautes, comparant cette mesure \u00e0 la r\u00e9introduction des pailles en plastique sous Donald Trump. Tout est bon pour la comparaison&#8230; L&rsquo;argument du minist\u00e8re, ax\u00e9 sur la s\u00e9curit\u00e9 juridique plut\u00f4t que sur l&rsquo;\u00e9cologie, n&rsquo;enraye pas l&rsquo;inqui\u00e9tude d&rsquo;un retour en force du lobby du plastique. Les \u00e9co-activistes, eux, d\u00e9noncent une fuite en avan.<\/p>\n<p>Au-del\u00e0 de l&rsquo;inqui\u00e9tude imm\u00e9diate, ce d\u00e9cret interroge sur la coh\u00e9rence des politiques publiques. Faut-il vraiment r\u00e9\u00e9valuer des d\u00e9cisions pourtant largement soutenues par la soci\u00e9t\u00e9 pour plaire \u00e0 certains industriels ? Les plastiques r\u00e9utilisables ne sont-ils pas, en d\u00e9finitive, un pi\u00e8ge d\u00e9guis\u00e9 ?<\/p>\n<\/div>\n<p><script>(function(d, s, id) {  var js, fjs = d.getElementsByTagName(s)[0];  if (d.getElementById(id)) return;  js = d.createElement(s); js.id = id;  js.src = \"\/\/connect.facebook.net\/fr_FR\/sdk.js#xfbml=1&version=v2.3\";  fjs.parentNode.insertBefore(js, fjs);}(document, \"script\", \"facebook-jssdk\"));<\/script><br \/>\n<br \/><br \/>\n<br \/><a href=\"https:\/\/www.francesoir.fr\/politique-france\/le-retour-de-la-vaisselle-en-plastique-l-ecole\" target=\"_blank\"\">Source link <\/a><\/p>\n","protected":false},"excerpt":{"rendered":"<p>Un projet de d\u00e9cret pourrait autoriser de nouveau les couverts et assiettes en plastique r\u00e9utilisables dans les cantines scolaires. Une d\u00e9cision controvers\u00e9e, pr\u00e9sent\u00e9e comme une correction l\u00e9gislative, qui soul\u00e8ve des&hellip; <\/p>\n","protected":false},"author":1,"featured_media":4359,"comment_status":"open","ping_status":"open","sticky":false,"template":"","format":"standard","meta":{"footnotes":""},"categories":[1],"tags":[],"class_list":["post-4358","post","type-post","status-publish","format-standard","has-post-thumbnail","hentry","category-non-classe"],"_links":{"self":[{"href":"https:\/\/monde25.info\/index.php\/wp-json\/wp\/v2\/posts\/4358","targetHints":{"allow":["GET"]}}],"collection":[{"href":"https:\/\/monde25.info\/index.php\/wp-json\/wp\/v2\/posts"}],"about":[{"href":"https:\/\/monde25.info\/index.php\/wp-json\/wp\/v2\/types\/post"}],"author":[{"embeddable":true,"href":"https:\/\/monde25.info\/index.php\/wp-json\/wp\/v2\/users\/1"}],"replies":[{"embeddable":true,"href":"https:\/\/monde25.info\/index.php\/wp-json\/wp\/v2\/comments?post=4358"}],"version-history":[{"count":0,"href":"https:\/\/monde25.info\/index.php\/wp-json\/wp\/v2\/posts\/4358\/revisions"}],"wp:featuredmedia":[{"embeddable":true,"href":"https:\/\/monde25.info\/index.php\/wp-json\/wp\/v2\/media\/4359"}],"wp:attachment":[{"href":"https:\/\/monde25.info\/index.php\/wp-json\/wp\/v2\/media?parent=4358"}],"wp:term":[{"taxonomy":"category","embeddable":true,"href":"https:\/\/monde25.info\/index.php\/wp-json\/wp\/v2\/categories?post=4358"},{"taxonomy":"post_tag","embeddable":true,"href":"https:\/\/monde25.info\/index.php\/wp-json\/wp\/v2\/tags?post=4358"}],"curies":[{"name":"wp","href":"https:\/\/api.w.org\/{rel}","templated":true}]}}