{"id":4371,"date":"2025-03-13T22:03:43","date_gmt":"2025-03-13T21:03:43","guid":{"rendered":"https:\/\/monde25.info\/index.php\/2025\/03\/13\/imaginaires-de-lavenir-par-evelyne-pieiller-le-monde-diplomatique-fevrier-2023\/"},"modified":"2025-03-13T22:03:43","modified_gmt":"2025-03-13T21:03:43","slug":"imaginaires-de-lavenir-par-evelyne-pieiller-le-monde-diplomatique-fevrier-2023","status":"publish","type":"post","link":"https:\/\/monde25.info\/index.php\/2025\/03\/13\/imaginaires-de-lavenir-par-evelyne-pieiller-le-monde-diplomatique-fevrier-2023\/","title":{"rendered":"Imaginaires de l\u2019avenir, par Evelyne Pieiller (Le Monde diplomatique, f\u00e9vrier 2023)"},"content":{"rendered":"<p> <br \/>\n<\/p>\n<div>\n<figure class=\"spip_document_30997 spip_documents spip_documents_center xl\" style=\"width:890px;\">\n<div class=\"limage\">\n<p>\t\t\t<img loading=\"lazy\" decoding=\"async\" src=\"https:\/\/www.monde-diplomatique.fr\/\/local\/cache-vignettes\/L890xH520\/img003-55-6f19a.jpg?1675175477\" width=\"890\" height=\"520\" class=\"spip_logos\" alt=\"JPEG - 117.9\u00a0ko\"\/><\/p><\/div><figcaption>\n<p>Min Jung-Yeon. \u2014 \u00ab<small class=\"fine\">\u00a0<\/small>L\u2019Escalier<small class=\"fine\">\u00a0<\/small>\u00bb, 2017<\/p>\n<p>\u00a9 Min Jung-Yeon &#8211; Galerie Maria Lund, Paris\n<\/p>\n<\/figcaption><\/figure>\n<p><i><span class=\"mot-lettrine\"><span class=\"lettrine\"><span class=\"guillemet\">\u00ab<\/span>L\u2019<\/span>avenir<\/span> arrivera-t-il<small class=\"fine\">\u00a0<\/small>? Il semble qu\u2019on peut presque se faire cette question quand on voit tant d\u2019ombre terrible. Sombre face-\u00e0-face des \u00e9go\u00efstes et des mis\u00e9rables<\/i>.<i><small class=\"fine\">\u00a0<\/small>\u00bb<\/i> L\u2019interrogation de Victor Hugo n\u2019est pas sans actualit\u00e9. Le pr\u00e9sent se chargeant de nous procurer avec constance une succession de crises et les lendemains \u2014 nous l\u2019a-t-on assez r\u00e9p\u00e9t\u00e9 \u2014 ne chantant plus, dans un \u00ab<small class=\"fine\">\u00a0<\/small>monde d\u2019apr\u00e8s<small class=\"fine\">\u00a0<\/small>\u00bb qui semble programm\u00e9 pour un jour sans fin, entre fatalisme, peurs g\u00e9n\u00e9ralis\u00e9es et d\u00e9pression, l\u2019horizon ne peut gu\u00e8re ressembler qu\u2019\u00e0 un mur gris, et l\u2019\u00e9tat d\u2019esprit commun s\u2019engluer dans une r\u00e9signation pi\u00e9tinante.<\/p>\n<p>Et pourtant\u2026 Il semble bien que ce qui travaille l\u2019imaginaire collectif, c\u2019est d\u2019inventer la suite, de sortir de l\u2019impasse, d\u2019une fa\u00e7on ou d\u2019une autre. Y r\u00eaver para\u00eet soudain plus n\u00e9cessaire qu\u2019hier, et le champ du futur est \u00e0 nouveau arpent\u00e9. L\u2019\u00e9lan vers l\u2019utopie se r\u00e9veille, et la science-fiction (SF) op\u00e8re son grand retour. Les essayistes y contribuent. Les d\u00e9cideurs l\u2019\u00e9voquent. Le box-office le confirme. \u00c9tonnante conjonction du divertissement populaire, de la r\u00e9flexion philosophique, des propos politiques, des courants d\u2019opinion se manifestant dans la soci\u00e9t\u00e9. \u00c7a remue dans l\u2019air du temps.<\/p>\n<p>Parmi les sept films qui ont connu en France le plus grand succ\u00e8s public en\u00a02022, cinq rel\u00e8vent de la SF, et le palmar\u00e8s mondial est quasi identique. Le plus triomphant (plus de dix millions d\u2019entr\u00e9es en trois semaines), le plus marquant (objet de nombreux commentaires, y compris savants), c\u2019est <i>Avatar\u00a02. La voie de l\u2019eau,<\/i> de James Cameron. Sur une plan\u00e8te lointaine, cette fable, qu\u2019il faut regarder avec des lunettes\u00a03D, met en sc\u00e8ne notamment des humains, des c\u00e9tac\u00e9s et des humano\u00efdes, les Na\u2019vis, dot\u00e9s de singuliers pouvoirs psychiques et en communication avec d\u2019autres formes de vie. Difficile de r\u00e9sumer ce film, sinon pour son message. Selon Cameron, <i>\u00ab<small class=\"fine\">\u00a0<\/small>les Na\u2019vis sont la m\u00e9taphore de notre conscience de la nature, ils sont le bon en nous. Et les humains du film repr\u00e9sentent le mauvais en\u00a0(&#8230;)<\/i><\/p>\n<\/p><\/div>\n<p>Taille de l\u2019article complet\u00a0:\u00a0<span>2\u00a0571<\/span>\u00a0mots.<\/p>\n<p><br \/>\n<br \/><a href=\"https:\/\/www.monde-diplomatique.fr\/2023\/02\/PIEILLER\/65510\" target=\"_blank\"\">Source link <\/a><\/p>\n","protected":false},"excerpt":{"rendered":"<p>Min Jung-Yeon. \u2014 \u00ab\u00a0L\u2019Escalier\u00a0\u00bb, 2017 \u00a9 Min Jung-Yeon &#8211; Galerie Maria Lund, Paris \u00abL\u2019avenir arrivera-t-il\u00a0? Il semble qu\u2019on peut presque se faire cette question quand on voit tant d\u2019ombre terrible.&hellip; <\/p>\n","protected":false},"author":1,"featured_media":4372,"comment_status":"open","ping_status":"open","sticky":false,"template":"","format":"standard","meta":{"footnotes":""},"categories":[1],"tags":[],"class_list":["post-4371","post","type-post","status-publish","format-standard","has-post-thumbnail","hentry","category-non-classe"],"_links":{"self":[{"href":"https:\/\/monde25.info\/index.php\/wp-json\/wp\/v2\/posts\/4371","targetHints":{"allow":["GET"]}}],"collection":[{"href":"https:\/\/monde25.info\/index.php\/wp-json\/wp\/v2\/posts"}],"about":[{"href":"https:\/\/monde25.info\/index.php\/wp-json\/wp\/v2\/types\/post"}],"author":[{"embeddable":true,"href":"https:\/\/monde25.info\/index.php\/wp-json\/wp\/v2\/users\/1"}],"replies":[{"embeddable":true,"href":"https:\/\/monde25.info\/index.php\/wp-json\/wp\/v2\/comments?post=4371"}],"version-history":[{"count":0,"href":"https:\/\/monde25.info\/index.php\/wp-json\/wp\/v2\/posts\/4371\/revisions"}],"wp:featuredmedia":[{"embeddable":true,"href":"https:\/\/monde25.info\/index.php\/wp-json\/wp\/v2\/media\/4372"}],"wp:attachment":[{"href":"https:\/\/monde25.info\/index.php\/wp-json\/wp\/v2\/media?parent=4371"}],"wp:term":[{"taxonomy":"category","embeddable":true,"href":"https:\/\/monde25.info\/index.php\/wp-json\/wp\/v2\/categories?post=4371"},{"taxonomy":"post_tag","embeddable":true,"href":"https:\/\/monde25.info\/index.php\/wp-json\/wp\/v2\/tags?post=4371"}],"curies":[{"name":"wp","href":"https:\/\/api.w.org\/{rel}","templated":true}]}}