{"id":4373,"date":"2025-03-13T22:36:46","date_gmt":"2025-03-13T21:36:46","guid":{"rendered":"https:\/\/monde25.info\/index.php\/2025\/03\/13\/lindustrie-miniere-sera-affectee-par-le-manque-deau\/"},"modified":"2025-03-13T22:36:46","modified_gmt":"2025-03-13T21:36:46","slug":"lindustrie-miniere-sera-affectee-par-le-manque-deau","status":"publish","type":"post","link":"https:\/\/monde25.info\/index.php\/2025\/03\/13\/lindustrie-miniere-sera-affectee-par-le-manque-deau\/","title":{"rendered":"L\u2019industrie mini\u00e8re sera affect\u00e9e par le manque d\u2019eau"},"content":{"rendered":"<p> <br \/>\n<\/p>\n<div style=\"position:relative;\">\n        <picture><source type=\"image\/webp\" srcset=\"https:\/\/reporterre.net\/local\/cache-vignettes\/L720xH480\/open-pit_copper_mine_mission_complex__17015286671_1_-e5849.jpg@.webp?1741884948\"><img loading=\"lazy\" decoding=\"async\" src=\"https:\/\/reporterre.net\/local\/cache-vignettes\/L720xH480\/open-pit_copper_mine_mission_complex__17015286671_1_-e5849.jpg?1741884948\" width=\"720\" height=\"480\" alt=\"L'industrie mini\u00e8re sera affect\u00e9e par le manque d'eau\" class=\"image_logo voir_logo\"\/><\/p>\n<p><\/source><\/picture>\n<p class=\"legende_logo\">Mine de cuivre en Arizona, aux \u00c9tats-Unis, en 2015. <span class=\"copyright_logo\">&#8211; Wikimedia Commons\/CC BY 2.0\/Joyce Cory <\/span><\/p>\n<p class=\"legende_logo_480\">Mine de cuivre en Arizona, aux \u00c9tats-Unis, en 2015. <span class=\"copyright_logo\">&#8211; Wikimedia Commons\/CC BY 2.0\/Joyce Cory <\/span><\/p>\n<\/p><\/div>\n<div>\n        <span class=\"date\">13 mars 2025  \u00e0 19h00<\/span><\/p>\n<p class=\"duree_lecture\">\n        Dur\u00e9e de lecture : 1 minute\n      <\/p>\n<\/p><\/div>\n<div>\n<p>L\u2019exploitation mondiale de m\u00e9taux et min\u00e9raux est contrainte par le manque d\u2019eau. C\u2019est ce que met en lumi\u00e8re <a target=\"_blank\" href=\"https:\/\/dx.doi.org\/10.1126\/science.adk5318\" class=\"spip_out\" rel=\"external\">une \u00e9tude<\/a> publi\u00e9e le 13\u00a0mars dans la revue <i>Science<\/i>.<\/p>\n<p>L\u2019\u00e9quipe internationale de chercheurs a estim\u00e9 la consommation d\u2019eau associ\u00e9e \u00e0 la production de 32 ressources g\u00e9ologiques cl\u00e9s au sein de 3\u00a0300 mines \u00e0 travers le monde. Leurs r\u00e9sultats r\u00e9v\u00e8lent que l\u2019utilisation de l\u2019eau pour la production de 25 de ces ressources d\u00e9passe les limites durables de la disponibilit\u00e9 en eau.<\/p>\n<p>C\u2019est notamment le cas pour le <a target=\"_blank\" href=\"https:\/\/www.lemonde.fr\/economie\/article\/2024\/03\/11\/ruee-sur-le-cuivre-matiere-premiere-de-la-transition-energetique_6221323_3234.html\" class=\"spip_out\" rel=\"external\">cuivre<\/a>, mati\u00e8re essentielle \u00e0 la production d\u2019\u00e9oliennes, de batteries, de panneaux solaires, de c\u00e2bles sous-marins et de voitures \u00e9lectriques, produit en grande partie en Afrique, aux \u00c9tats-Unis, en Am\u00e9rique latine et en Chine. Selon l\u2019Agence internationale de l\u2019\u00e9nergie (<span class=\"caps\">AIE<\/span>), la demande mondiale en cuivre devrait bondir de 40<small class=\"fine d-inline\">\u00a0<\/small>% d\u2019ici 2040. Probl\u00e8me\u00a0: 37<small class=\"fine d-inline\">\u00a0<\/small>% de sa production actuelle d\u00e9passe la limite durable de disponibilit\u00e9 en eau, montrent les scientifiques.<\/p>\n<p>Le d\u00e9placement de la production vers des r\u00e9gions o\u00f9 le stress hydrique est moindre pourrait selon eux att\u00e9nuer certaines de ces pressions. Dans de nombreux cas, il n\u2019est toutefois pas possible de d\u00e9placer la production vers des r\u00e9gions o\u00f9 l\u2019eau est abondante en raison de probl\u00e8mes logistiques, \u00e9conomiques et d\u2019infrastructures, ainsi que de la g\u00e9ologie de l\u2019endroit o\u00f9 se trouvent les ressources.<\/p>\n<p><i>\u00ab<small class=\"fine d-inline\">\u00a0<\/small>Les r\u00e9sultats de ce projet permettront d\u2019anticiper les perturbations potentielles de l\u2019approvisionnement en m\u00e9taux et autres mat\u00e9riaux qui sont essentiels pour les technologies vertes modernes telles que les \u00e9nergies renouvelables et le stockage de l\u2019\u00e9nergie<small class=\"fine d-inline\">\u00a0<\/small>\u00bb<\/i>, esp\u00e8re Masaharu Motoshita, auteur principal de l\u2019\u00e9tude.<\/p>\n<aside class=\"boite_encarts\">\n<div class=\"encart encart_gris noprint\">\n<p><strong>Puisque vous \u00eates l\u00e0&#8230;<\/strong><\/p>\n<p>&#8230; nous avons un petit service \u00e0 vous demander.<br class=\"autobr\"\/><br \/>\nEntre la pr\u00e9sence d\u2019un climatosceptique \u00e0 la t\u00eate de la premi\u00e8re puissance mondiale, un gouvernement fran\u00e7ais qui flirte avec l\u2019extr\u00eame-droite, et les catastrophes climatiques qui s\u2019enchainent&#8230; Faire vivre l\u2019\u00e9cologie dans le d\u00e9bat public est un enjeu crucial.<\/p>\n<p>Personne ne modifie ce que nous publions. Nous n\u2019avons ni actionnaire, ni propri\u00e9taire milliardaire \u2014 seulement une \u00e9quipe d\u2019irr\u00e9ductibles journalistes, pleine de d\u00e9termination.<\/p>\n<p>Nous avons la conviction que l\u2019urgence \u00e9cologique est l\u2019enjeu majeur de notre \u00e9poque. Et comme plus de 2 millions de lectrices et lecteurs chaque mois, vous partagez sans doute cette conviction&#8230;<\/p>\n<p><strong>Depuis 12 ans, nous publions des articles de qualit\u00e9 sur l\u2019\u00e9cologie, en acc\u00e8s libre et sans publicit\u00e9, pour tous.<\/strong><br class=\"autobr\"\/><br \/>\nMais ce travail demande beaucoup de temps et de ressources.<\/p>\n<p>Alors, si vous en avez les moyens, sachez qu\u2019un don, m\u00eame d\u20191\u20ac, est un acte de soutien fort pour l\u2019\u00e9cologie et le journalisme ind\u00e9pendant.<br class=\"autobr\"\/><br \/>\n(Et \u00e7a vous prendra moins de temps que la lecture de ce texte).<\/p>\n<p><strong>Si vous le pouvez, choisissez un soutien mensuel. Merci.<\/strong><\/p>\n<p><a target=\"_blank\" href=\"https:\/\/reporterre.net\/dons\" class=\"bt_soutenir\">Je soutiens <i>Reporterre<\/i><\/a><\/p>\n<\/p><\/div>\n<div class=\"encart encart_vert noprint montre_1023\">\n<div class=\"infolettre-form-container noprint\">\n<p>Abonnez-vous \u00e0 la lettre d\u2019info de Reporterre<\/p>\n<\/div><\/div>\n<\/aside>\n<aside class=\"boite_apresarticle encart_note\">\n<h4>Apr\u00e8s cet article<\/h4>\n<p>      <a target=\"_blank\" href=\"https:\/\/reporterre.net\/En-Bretagne-une-mine-d-Imerys-accapare-et-pollue-la-ressource-en-eau\" class=\"lien_article\">\n      <picture class=\"vignette_gauche\"><source type=\"image\/webp\" srcset=\"https:\/\/reporterre.net\/local\/cache-vignettes\/L450xH300\/arton31745d-83aab.jpg@.webp?1737375219\"><img decoding=\"async\" src=\"https:\/\/reporterre.net\/local\/cache-vignettes\/L450xH300\/arton31745d-83aab.jpg?1737375219\" width=\"450\" height=\"300\" alt=\"\" class=\"marge12\" loading=\"lazy\"\/><br \/>\n<\/source><\/picture>\n<p class=\"libelle\">\n<p>          Reportage \u2014<\/p>\n<p>      Mines et m\u00e9taux\n    <\/p>\n<p class=\"titre pol20\">En Bretagne, une mine d\u2019Imerys accapare et pollue la ressource en eau<\/p>\n<p>      <\/a><br \/>\n    <\/aside>\n<aside class=\"boite_complement texte\">\n<p>      <!-- zone_forum --><br \/>\n          <\/aside>\n<aside class=\"boite_lireaussi noprint\">\n<\/aside>\n<aside class=\"colonne\">\n<div class=\"article_info cache_1023 noprint\">\n        <span class=\"date\">13 mars 2025  \u00e0 19h00<\/span><\/p>\n<p class=\"duree_lecture\">\n        Dur\u00e9e de lecture : 1 minute\n      <\/p>\n<\/p><\/div>\n<div class=\"bloc_infolettre\">\n<div class=\"infolettre-form-container noprint\">\n<p>Abonnez-vous \u00e0 la lettre d\u2019info de Reporterre<\/p>\n<\/div><\/div>\n<\/aside>\n<div id=\"galerie\">\n  <img decoding=\"async\" src=\"\" class=\"principale\" id=\"principale\"\/><\/p>\n<p id=\"legende\">legende<\/p>\n<\/div>\n<footer class=\"noprint\">\n<\/footer>\n<\/div>\n<p><br \/>\n<br \/><a href=\"https:\/\/reporterre.net\/L-industrie-miniere-sera-affectee-par-le-manque-d-eau\" target=\"_blank\"\">Source link <\/a><\/p>\n","protected":false},"excerpt":{"rendered":"<p>Mine de cuivre en Arizona, aux \u00c9tats-Unis, en 2015. &#8211; Wikimedia Commons\/CC BY 2.0\/Joyce Cory Mine de cuivre en Arizona, aux \u00c9tats-Unis, en 2015. &#8211; Wikimedia Commons\/CC BY 2.0\/Joyce Cory&hellip; <\/p>\n","protected":false},"author":1,"featured_media":4374,"comment_status":"open","ping_status":"open","sticky":false,"template":"","format":"standard","meta":{"footnotes":""},"categories":[1],"tags":[],"class_list":["post-4373","post","type-post","status-publish","format-standard","has-post-thumbnail","hentry","category-non-classe"],"_links":{"self":[{"href":"https:\/\/monde25.info\/index.php\/wp-json\/wp\/v2\/posts\/4373","targetHints":{"allow":["GET"]}}],"collection":[{"href":"https:\/\/monde25.info\/index.php\/wp-json\/wp\/v2\/posts"}],"about":[{"href":"https:\/\/monde25.info\/index.php\/wp-json\/wp\/v2\/types\/post"}],"author":[{"embeddable":true,"href":"https:\/\/monde25.info\/index.php\/wp-json\/wp\/v2\/users\/1"}],"replies":[{"embeddable":true,"href":"https:\/\/monde25.info\/index.php\/wp-json\/wp\/v2\/comments?post=4373"}],"version-history":[{"count":0,"href":"https:\/\/monde25.info\/index.php\/wp-json\/wp\/v2\/posts\/4373\/revisions"}],"wp:featuredmedia":[{"embeddable":true,"href":"https:\/\/monde25.info\/index.php\/wp-json\/wp\/v2\/media\/4374"}],"wp:attachment":[{"href":"https:\/\/monde25.info\/index.php\/wp-json\/wp\/v2\/media?parent=4373"}],"wp:term":[{"taxonomy":"category","embeddable":true,"href":"https:\/\/monde25.info\/index.php\/wp-json\/wp\/v2\/categories?post=4373"},{"taxonomy":"post_tag","embeddable":true,"href":"https:\/\/monde25.info\/index.php\/wp-json\/wp\/v2\/tags?post=4373"}],"curies":[{"name":"wp","href":"https:\/\/api.w.org\/{rel}","templated":true}]}}