{"id":4380,"date":"2025-03-14T00:48:46","date_gmt":"2025-03-13T23:48:46","guid":{"rendered":"https:\/\/monde25.info\/index.php\/2025\/03\/14\/transformations-majeures-apres-les-massacres-sur-le-littoral-la-syrie-vers-un-federalisme-deguise\/"},"modified":"2025-03-14T00:48:46","modified_gmt":"2025-03-13T23:48:46","slug":"transformations-majeures-apres-les-massacres-sur-le-littoral-la-syrie-vers-un-federalisme-deguise","status":"publish","type":"post","link":"https:\/\/monde25.info\/index.php\/2025\/03\/14\/transformations-majeures-apres-les-massacres-sur-le-littoral-la-syrie-vers-un-federalisme-deguise\/","title":{"rendered":"Transformations majeures apr\u00e8s les massacres sur le littoral : la Syrie vers un f\u00e9d\u00e9ralisme d\u00e9guis\u00e9"},"content":{"rendered":"<p> <br \/>\n<\/p>\n<div>\n<p>par <strong>Al Manar<\/strong><\/p>\n<p>La Syrie conna\u00eet actuellement des transformations politiques et sur le terrain majeures qui cr\u00e9eront une nouvelle r\u00e9alit\u00e9 au niveau politique et s\u00e9curitaire du pays, dans le cadre d\u2019accords s\u00e9par\u00e9s conclus par la nouvelle administration avec les forces influentes sur le terrain.<\/p>\n<p>Cela survient apr\u00e8s les massacres qui ont secou\u00e9 le littoral, o\u00f9 plus de 1000 civils de la communaut\u00e9 alaouite ont \u00e9t\u00e9 tu\u00e9s par les forces de s\u00e9curit\u00e9 et groupes alli\u00e9s.<\/p>\n<p>Les d\u00e9tails de ces massacres continuent d\u2019\u00eatre r\u00e9v\u00e9l\u00e9s malgr\u00e9 les efforts de dissimulation men\u00e9s par les autorit\u00e9s de Damas. Ces derni\u00e8res ont promis de traduire en justice tous les auteurs de ces crimes, afin d\u2019apaiser la col\u00e8re internationale.<\/p>\n<p>Un jour seulement apr\u00e8s l\u2019annonce de la signature d\u2019un accord entre Damas et les Forces d\u00e9mocratiques syriennes (FDS), pour que ces derni\u00e8res rejoignent l\u2019arm\u00e9e syrienne naissante, les travaux ont commenc\u00e9 pour coordonner l\u2019annexion du gouvernorat de Soueida, dirig\u00e9e par des factions druzes et qu\u2019Isra\u00ebl cherche \u00e0 exploiter dans le cadre d\u2019une campagne militaro-s\u00e9curitaire visant \u00e0 diviser la Syrie.<\/p>\n<p>Mardi, le gouvernorat de Soueida a envoy\u00e9 une d\u00e9l\u00e9gation \u00e0 Damas pour mener des pourparlers avec Charaa. Les deux parties sont convenu \u00e0 un accord en vertu duquel le drapeau syrien a \u00e9t\u00e9 hiss\u00e9 sur le b\u00e2timent du gouvernorat, quelques jours apr\u00e8s que la banni\u00e8re des druzes ait \u00e9t\u00e9 brandie.<\/p>\n<p>Cette situation s\u2019accompagne d\u2019un processus de red\u00e9ploiement et de redistribution des forces, notamment le d\u00e9ploiement de l\u2019Arm\u00e9e syrienne libre (ASL), fond\u00e9e par les \u00c9tats-Unis dans la r\u00e9gion d\u2019al-Tanf, \u00e0 la fronti\u00e8re entre l\u2019Irak et la Jordanie, pour jouer deux r\u00f4les complexes dans le sud-est du pays.<\/p>\n<p>Elle est charg\u00e9e de surveiller la fronti\u00e8re syrienne avec la Jordanie et une partie de la fronti\u00e8re irakienne, et de s\u00e9curiser les sites p\u00e9troliers dont le gouvernement syrien a annonc\u00e9 la reprise, dans le cadre de l\u2019accord qui r\u00e9tablira le contr\u00f4le gouvernemental sur les zones contr\u00f4l\u00e9es par l\u2019Administration autonome.<\/p>\n<p>Bien que les termes de l\u2019accord sign\u00e9 entre le pr\u00e9sident syrien de transition Ahmad al-Charaa et le chef des FDS Mazloum Abdi \u2013 dont la mise en \u0153uvre doit prendre neuf mois \u2013 \u00e9taient vagues et impr\u00e9cis \u00e0 certains \u00e9gards, les donn\u00e9es, en particulier les d\u00e9clarations qui ont suivi cet accord, parrain\u00e9 par les \u00c9tats-Unis et auquel la France a particip\u00e9, indiquent que la tendance g\u00e9n\u00e9rale vers la formation de l\u2019\u00c9tat syrien s\u2019oriente vers l\u2019\u00e9tablissement d\u2019un syst\u00e8me de gouvernement d\u00e9centralis\u00e9, \u00e0 mi-chemin entre le gouvernement central existant et les tentatives de f\u00e9d\u00e9ralisation du pays.<\/p>\n<p>Les accords actuellement en cours d\u2019\u00e9laboration, s\u2019ils aboutissent, permettraient de r\u00e9unir la Syrie sous une seule banni\u00e8re, sans la soumettre totalement au contr\u00f4le de Damas, comme l\u2019a confirm\u00e9 le Conseil d\u00e9mocratique syrien, le bras politique des FDS.<\/p>\n<h5 class=\"wp-block-heading\">L\u2019accord entre Damas et les Kurdes: quel int\u00e9r\u00eat pour les deux parties?<\/h5>\n<p>L\u2019accord entre Damas et les Kurdes permet au nouveau pouvoir en Syrie d\u2019\u00e9tendre son autorit\u00e9 sur le territoire et les ressources du nord-est, et aux Kurdes de conserver leurs forces dans le cadre de la future arm\u00e9e et de voir leurs droits nationaux enfin reconnus.<\/p>\n<p>Sign\u00e9 lundi soir par le pr\u00e9sident int\u00e9rimaire, Ahmad al-Chareh, et le chef des Forces d\u00e9mocratiques syriennes (FDS), Mazloum Abdi, l\u2019accord sert les int\u00e9r\u00eats des deux parties dans le pays engag\u00e9 dans une transition d\u00e9licate, estiment des analystes.<\/p>\n<p>Quels sont les principaux points de cet accord en huit points, dont le m\u00e9canisme d\u2019application doit encore d\u00e9cid\u00e9, et qui doit \u00eatre appliqu\u00e9 d\u2019ici la fin de l\u2019ann\u00e9e?<\/p>\n<p>\u2013 Que pr\u00e9voit l\u2019accord ? \u2013<\/p>\n<div class=\"wp-block-image\">\n<figure class=\"aligncenter size-full is-resized\"><a target=\"_blank\" href=\"https:\/\/i0.wp.com\/reseauinternational.net\/wp-content\/uploads\/2025\/03\/image-126.png?quality=100&amp;ssl=1\"><img data-recalc-dims=\"1\" decoding=\"async\" width=\"768\" height=\"520\" src=\"https:\/\/i0.wp.com\/reseauinternational.net\/wp-content\/uploads\/2025\/03\/image-126.png?resize=768%2C520&amp;quality=100&amp;ssl=1\" alt=\"\" class=\"wp-image-447482\" style=\"width:602px;height:auto\" loading=\"lazy\" srcset=\"https:\/\/i0.wp.com\/reseauinternational.net\/wp-content\/uploads\/2025\/03\/image-126.png?w=768&amp;quality=100&amp;ssl=1 768w, https:\/\/i0.wp.com\/reseauinternational.net\/wp-content\/uploads\/2025\/03\/image-126.png?resize=300%2C203&amp;quality=100&amp;ssl=1 300w\" sizes=\"auto, (max-width: 768px) 100vw, 768px\"\/><\/a><\/figure>\n<\/div>\n<p>Le texte pr\u00e9voit \u00abl\u2019int\u00e9gration de toutes les institutions civiles et militaires du nord-est de la Syrie au sein de l\u2019administration de l\u2019\u00c9tat syrien, y compris les postes-fronti\u00e8res, l\u2019a\u00e9roport ainsi que les champs p\u00e9troliers et gaziers\u00bb.<\/p>\n<p>L\u2019administration autonome kurde, dont les FDS sont le bras arm\u00e9, contr\u00f4le de vastes territoires dans le nord et l\u2019est de la Syrie, riches en bl\u00e9, p\u00e9trole et gaz.<\/p>\n<p>En revanche, le texte ne mentionne pas la dissolution des FDS, soutenues par les \u00c9tats-Unis, ou leur dissolution.<\/p>\n<p>De son c\u00f4t\u00e9, le pouvoir central reconna\u00eet les Kurdes, marginalis\u00e9s pendant des d\u00e9cennies, comme \u00abune composante essentielle de l\u2019\u00c9tat syrien\u00bb, et garantit leurs \u00abdroits \u00e0 la citoyennet\u00e9 et l\u2019ensemble de leurs droits constitutionnels\u00bb.<\/p>\n<p>Des responsables kurdes, notamment le chef des FDS, ont consid\u00e9r\u00e9 l\u2019accord comme une \u00abopportunit\u00e9 historique\u00bb, et des manifestations de joie ont \u00e9clat\u00e9 dans les zones kurdes.<\/p>\n<p>\u2013 Quel int\u00e9r\u00eat pour Damas?<\/p>\n<div class=\"wp-block-image\">\n<figure class=\"aligncenter size-full is-resized\"><a target=\"_blank\" href=\"https:\/\/i0.wp.com\/reseauinternational.net\/wp-content\/uploads\/2025\/03\/image-127.png?quality=100&amp;ssl=1\"><img data-recalc-dims=\"1\" decoding=\"async\" width=\"768\" height=\"520\" src=\"https:\/\/i0.wp.com\/reseauinternational.net\/wp-content\/uploads\/2025\/03\/image-127.png?resize=768%2C520&amp;quality=100&amp;ssl=1\" alt=\"\" class=\"wp-image-447483\" style=\"width:600px;height:auto\" loading=\"lazy\" srcset=\"https:\/\/i0.wp.com\/reseauinternational.net\/wp-content\/uploads\/2025\/03\/image-127.png?w=768&amp;quality=100&amp;ssl=1 768w, https:\/\/i0.wp.com\/reseauinternational.net\/wp-content\/uploads\/2025\/03\/image-127.png?resize=300%2C203&amp;quality=100&amp;ssl=1 300w\" sizes=\"auto, (max-width: 768px) 100vw, 768px\"\/><\/a><\/figure>\n<\/div>\n<p>L\u2019accord est intervenu alors que des violences d\u2019une ampleur in\u00e9gal\u00e9e depuis la chute de Bachar al-Assad en d\u00e9cembre ont secou\u00e9 l\u2019ouest de la Syrie, faisant plus de 1.000 morts parmi les civils, en majorit\u00e9 des Alaouites, tu\u00e9s par les forces de s\u00e9curit\u00e9 et groupes alli\u00e9s.<\/p>\n<p>Cette escalade a constitu\u00e9 un test pour Ahmad al-Chareh, qui tente de consolider son pouvoir sur le territoire syrien.<\/p>\n<p>Selon le sp\u00e9cialiste de la Syrie Fabrice Balanche, la zone contr\u00f4l\u00e9e par l\u2019administration kurde comprend 90% des champs p\u00e9troliers de la Syrie et constitue son grenier \u00e0 bl\u00e9.<\/p>\n<p>La nouvelle arm\u00e9e syrienne gagne \u00e9galement un contingent kurde tr\u00e8s organis\u00e9 et entra\u00een\u00e9 avec lequel elle peut se coordonner face aux d\u00e9fis de s\u00e9curit\u00e9.<\/p>\n<p>Le sort des prisons dirig\u00e9es par les forces kurdes et abritant des milliers d\u2019anciens terroristes n\u2019est pas encore d\u00e9cid\u00e9. M. Abdi avait indiqu\u00e9 en f\u00e9vrier que les autorit\u00e9s de Damas voulaient les placer sous leur contr\u00f4le.<\/p>\n<p>\u2013 Quels gains pour les Kurdes?<\/p>\n<div class=\"wp-block-image\">\n<figure class=\"aligncenter size-full is-resized\"><img data-recalc-dims=\"1\" decoding=\"async\" width=\"768\" height=\"520\" src=\"https:\/\/i0.wp.com\/reseauinternational.net\/wp-content\/uploads\/2025\/03\/image-129.png?resize=768%2C520&amp;quality=100&amp;ssl=1\" alt=\"\" class=\"wp-image-447485\" style=\"width:602px;height:auto\" loading=\"lazy\" srcset=\"https:\/\/i0.wp.com\/reseauinternational.net\/wp-content\/uploads\/2025\/03\/image-129.png?w=768&amp;quality=100&amp;ssl=1 768w, https:\/\/i0.wp.com\/reseauinternational.net\/wp-content\/uploads\/2025\/03\/image-129.png?resize=300%2C203&amp;quality=100&amp;ssl=1 300w\" sizes=\"auto, (max-width: 768px) 100vw, 768px\"\/><\/figure>\n<\/div>\n<p>M\u00eame si l\u2019accord ne le dit pas explicitement, il semble que les Kurdes vont pouvoir conserver leur structure militaire, ce qui \u00e9tait l\u2019une de leurs principales conditions.<\/p>\n<p>Les FDS vont coordonner avec Damas la lutte contre Daesh<\/p>\n<p>L\u2019accord, sign\u00e9 sous parrainage des \u00c9tats-Unis et participation de la France, reconna\u00eet les droits des Kurdes, qui sont la plus importante minorit\u00e9 ethnique en Syrie.<\/p>\n<p>D\u00e9sormais, les Kurdes \u00abne peuvent plus \u00eatre mis \u00e0 l\u2019\u00e9cart dans l\u2019\u00e9dification de la future Syrie\u00bb, selon des analystes.<\/p>\n<p>L\u2019accord est intervenu pr\u00e8s de deux semaines apr\u00e8s un appel historique du leader du PKK, Abdullah \u00d6calan, \u00e0 la dissolution du parti et \u00e0 l\u2019abandon de la lutte arm\u00e9e.<\/p>\n<p>source : <a target=\"_blank\" href=\"https:\/\/french.almanar.com.lb\/3207217\" target=\"_blank\" rel=\"noopener\" title=\"Al Manar\">Al Manar<\/a><\/p>\n<div class=\"sharedaddy sd-block sd-like jetpack-likes-widget-wrapper jetpack-likes-widget-unloaded\" id=\"like-post-wrapper-237719536-447481-67d35a7ce416f\" data-src=\"https:\/\/widgets.wp.com\/likes\/?ver=14.2.1#blog_id=237719536&amp;post_id=447481&amp;origin=reseauinternational.net&amp;obj_id=237719536-447481-67d35a7ce416f&amp;n=1\" data-name=\"like-post-frame-237719536-447481-67d35a7ce416f\" data-title=\"Aimer ou rebloguer\">\n<h3 class=\"sd-title\">J\u2019aime \u00e7a\u00a0:<\/h3>\n<p><span class=\"button\"><span>J\u2019aime<\/span><\/span> <span class=\"loading\">chargement\u2026<\/span><\/p>\n<p><span class=\"sd-text-color\"\/><a target=\"_blank\" class=\"sd-link-color\"\/><\/div>\n<p><meta itemscope=\"\" itemprop=\"mainEntityOfPage\" itemtype=\"https:\/\/schema.org\/WebPage\" itemid=\"https:\/\/reseauinternational.net\/transformations-majeures-apres-les-massacres-sur-le-littoral-la-syrie-vers-un-federalisme-deguise\/\"\/><meta itemprop=\"headline\" content=\"Transformations majeures apr\u00e8s les massacres sur le littoral : la Syrie vers un f\u00e9d\u00e9ralisme d\u00e9guis\u00e9\"\/><span style=\"display: none;\" itemprop=\"author\" itemscope=\"\" itemtype=\"https:\/\/schema.org\/Person\"><meta itemprop=\"name\" content=\"R\u00e9seau International\"\/><\/span><span style=\"display: none;\" itemprop=\"image\" itemscope=\"\" itemtype=\"https:\/\/schema.org\/ImageObject\"><meta itemprop=\"url\" content=\"https:\/\/i0.wp.com\/reseauinternational.net\/wp-content\/uploads\/2025\/03\/Syrie-20250313.jpg?fit=800%2C467&amp;quality=100&amp;ssl=1\"\/><meta itemprop=\"width\" content=\"800\"\/><meta itemprop=\"height\" content=\"467\"\/><\/span><span style=\"display: none;\" itemprop=\"publisher\" itemscope=\"\" itemtype=\"https:\/\/schema.org\/Organization\"><span style=\"display: none;\" itemprop=\"logo\" itemscope=\"\" itemtype=\"https:\/\/schema.org\/ImageObject\"><meta itemprop=\"url\" content=\"https:\/\/reseauinternational.net\/wp-content\/uploads\/2022\/06\/Capture-de\u0301cran-2022-06-14-a\u0300-16.51.07.png\"\/><\/span><meta itemprop=\"name\" content=\"R\u00e9seau International\"\/><\/span><meta itemprop=\"datePublished\" content=\"2025-03-13T11:05:37+00:00\"\/><meta itemprop=\"dateModified\" content=\"2025-03-13T11:06:11+00:00\"\/><\/div>\n<p><br \/>\n<br \/><a href=\"https:\/\/reseauinternational.net\/transformations-majeures-apres-les-massacres-sur-le-littoral-la-syrie-vers-un-federalisme-deguise\/\" target=\"_blank\"\">Source link <\/a><\/p>\n","protected":false},"excerpt":{"rendered":"<p>par Al Manar La Syrie conna\u00eet actuellement des transformations politiques et sur le terrain majeures qui cr\u00e9eront une nouvelle r\u00e9alit\u00e9 au niveau politique et s\u00e9curitaire du pays, dans le cadre&hellip; <\/p>\n","protected":false},"author":1,"featured_media":4381,"comment_status":"open","ping_status":"open","sticky":false,"template":"","format":"standard","meta":{"footnotes":""},"categories":[1],"tags":[],"class_list":["post-4380","post","type-post","status-publish","format-standard","has-post-thumbnail","hentry","category-non-classe"],"_links":{"self":[{"href":"https:\/\/monde25.info\/index.php\/wp-json\/wp\/v2\/posts\/4380","targetHints":{"allow":["GET"]}}],"collection":[{"href":"https:\/\/monde25.info\/index.php\/wp-json\/wp\/v2\/posts"}],"about":[{"href":"https:\/\/monde25.info\/index.php\/wp-json\/wp\/v2\/types\/post"}],"author":[{"embeddable":true,"href":"https:\/\/monde25.info\/index.php\/wp-json\/wp\/v2\/users\/1"}],"replies":[{"embeddable":true,"href":"https:\/\/monde25.info\/index.php\/wp-json\/wp\/v2\/comments?post=4380"}],"version-history":[{"count":0,"href":"https:\/\/monde25.info\/index.php\/wp-json\/wp\/v2\/posts\/4380\/revisions"}],"wp:featuredmedia":[{"embeddable":true,"href":"https:\/\/monde25.info\/index.php\/wp-json\/wp\/v2\/media\/4381"}],"wp:attachment":[{"href":"https:\/\/monde25.info\/index.php\/wp-json\/wp\/v2\/media?parent=4380"}],"wp:term":[{"taxonomy":"category","embeddable":true,"href":"https:\/\/monde25.info\/index.php\/wp-json\/wp\/v2\/categories?post=4380"},{"taxonomy":"post_tag","embeddable":true,"href":"https:\/\/monde25.info\/index.php\/wp-json\/wp\/v2\/tags?post=4380"}],"curies":[{"name":"wp","href":"https:\/\/api.w.org\/{rel}","templated":true}]}}