{"id":4396,"date":"2025-03-14T06:54:36","date_gmt":"2025-03-14T05:54:36","guid":{"rendered":"https:\/\/monde25.info\/index.php\/2025\/03\/14\/le-plan-de-la-france-blame-par-le-haut-conseil-pour-le-climat\/"},"modified":"2025-03-14T06:54:36","modified_gmt":"2025-03-14T05:54:36","slug":"le-plan-de-la-france-blame-par-le-haut-conseil-pour-le-climat","status":"publish","type":"post","link":"https:\/\/monde25.info\/index.php\/2025\/03\/14\/le-plan-de-la-france-blame-par-le-haut-conseil-pour-le-climat\/","title":{"rendered":"le plan de la France bl\u00e2m\u00e9 par le Haut Conseil pour le climat"},"content":{"rendered":"<p> <br \/>\n<\/p>\n<div style=\"position:relative;\">\n        <picture><source type=\"image\/webp\" srcset=\"https:\/\/reporterre.net\/local\/cache-vignettes\/L720xH480\/dsc_0237-2-76f55.jpg@.webp?1741876082\"><img loading=\"lazy\" decoding=\"async\" src=\"https:\/\/reporterre.net\/local\/cache-vignettes\/L720xH480\/dsc_0237-2-76f55.jpg?1741876082\" width=\"720\" height=\"480\" alt=\"Adaptation \u00e0 +4 \u00b0C\u00a0: le plan de la France bl\u00e2m\u00e9 par le Haut Conseil pour le climat\" class=\"image_logo voir_logo\"\/><\/p>\n<p><\/source><\/picture>\n<p class=\"legende_logo\">Inondations \u00e0 Rennes, le 27 janvier 2025. <span class=\"copyright_logo\">&#8211; \u00a9 Scandola Graziani \/ Reporterre<\/span><\/p>\n<p class=\"legende_logo_480\">Inondations \u00e0 Rennes, le 27 janvier 2025. <span class=\"copyright_logo\">&#8211; \u00a9 Scandola Graziani \/ Reporterre<\/span><\/p>\n<\/p><\/div>\n<div>\n        <span class=\"date\">13 mars 2025  \u00e0 15h31<\/span><\/p>\n<p class=\"duree_lecture\">\n        Dur\u00e9e de lecture : 1 minute\n      <\/p>\n<\/p><\/div>\n<div>\n<p>Le plan cens\u00e9 pr\u00e9parer la France \u00e0 affronter un r\u00e9chauffement de +4\u00a0\u00b0C \u00e0 l\u2019horizon 2100, le plan national d\u2019adaptation au <a target=\"_blank\" href=\"Qu-est-ce-que-le-rechauffement-climatique\">changement climatique<\/a> (<span class=\"caps\">PNACC<\/span>), <a target=\"_blank\" href=\"https:\/\/reporterre.net\/Maigres-nouveautes-montants-insuffisants-Ce-que-contient-le-plan-d-adaptation-au-changement-climatique\">pr\u00e9sent\u00e9 le 10\u00a0mars<\/a> par le minist\u00e8re de la Transition \u00e9cologique, ne cesse de susciter des r\u00e9actions n\u00e9gatives. Le 13\u00a0mars, c\u2019est le Haut Conseil pour le climat (<span class=\"caps\">HCC<\/span>), instance consultative plac\u00e9e aupr\u00e8s du Premier ministre, o\u00f9 si\u00e8gent treize\u00a0experts ind\u00e9pendants, qui \u00e9trille ce document <a target=\"_blank\" href=\"https:\/\/www.hautconseilclimat.fr\/wp-content\/uploads\/2025\/03\/2025_HCC_auto_saisine_avis_PNACC3_VF.pdf\" class=\"spip_out\" rel=\"external\">dans un avis<\/a>, apr\u00e8s s\u2019\u00eatre autosaisi.<\/p>\n<p>Un manque criant de moyens, <i>\u00ab<small class=\"fine d-inline\">\u00a0<\/small>un nombre tr\u00e8s r\u00e9duit d\u2019actions<small class=\"fine d-inline\">\u00a0<\/small>\u00bb<\/i>, une <i>\u00ab<small class=\"fine d-inline\">\u00a0<\/small>faible valeur juridique<small class=\"fine d-inline\">\u00a0<\/small>\u00bb<\/i> puisqu\u2019il <i>\u00ab<small class=\"fine d-inline\">\u00a0<\/small>ne d\u00e9coule pas d\u2019une loi<small class=\"fine d-inline\">\u00a0<\/small>\u00bb<\/i>\u2026 L\u2019instance s\u2019inqui\u00e8te du faible impact des 52\u00a0mesures list\u00e9es dans ce troisi\u00e8me plan d\u2019adaptation, attendu de longue date. Il formule 24\u00a0propositions pour le renforcer, notamment gr\u00e2ce \u00e0 des moyens plus importants et une coordination interminist\u00e9rielle plus ambitieuse.<\/p>\n<p>Le <span class=\"caps\">PNACC<\/span> <i>\u00ab<small class=\"fine d-inline\">\u00a0<\/small>d\u00e9pend du Fonds vert<small class=\"fine d-inline\">\u00a0<\/small>\u00bb<\/i>, dont le montant a \u00e9t\u00e9 r\u00e9duit de 2,5 \u00e0 1,15\u00a0milliard de 2024 \u00e0 2025, rappelle le <span class=\"caps\">HCC<\/span>. En r\u00e9sum\u00e9, <i>\u00ab<small class=\"fine d-inline\">\u00a0<\/small>la France n\u2019est pas encore pr\u00eate \u00e0 faire face aux cons\u00e9quences du changement climatique [inondations, s\u00e9cheresses, canicules, etc.]<small class=\"fine d-inline\">\u00a0<\/small>\u00bb<\/i>, dit le pr\u00e9sident du <span class=\"caps\">HCC<\/span>,\u00a0Jean-Fran\u00e7ois Soussana, dans une interview au <i><a target=\"_blank\" href=\"https:\/\/www.lemonde.fr\/planete\/article\/2025\/03\/13\/impacts-du-rechauffement-la-france-n-est-pas-prete-met-en-garde-le-haut-conseil-pour-le-climat_6579946_3244.html\" class=\"spip_out\" rel=\"external\">Monde<\/a><\/i>.<\/p>\n<aside class=\"boite_encarts\">\n<div class=\"encart encart_gris noprint\">\n<p><strong>Puisque vous \u00eates l\u00e0&#8230;<\/strong><\/p>\n<p>&#8230; nous avons un petit service \u00e0 vous demander.<br class=\"autobr\"\/><br \/>\nEntre la pr\u00e9sence d\u2019un climatosceptique \u00e0 la t\u00eate de la premi\u00e8re puissance mondiale, un gouvernement fran\u00e7ais qui flirte avec l\u2019extr\u00eame-droite, et les catastrophes climatiques qui s\u2019enchainent&#8230; Faire vivre l\u2019\u00e9cologie dans le d\u00e9bat public est un enjeu crucial.<\/p>\n<p>Personne ne modifie ce que nous publions. Nous n\u2019avons ni actionnaire, ni propri\u00e9taire milliardaire \u2014 seulement une \u00e9quipe d\u2019irr\u00e9ductibles journalistes, pleine de d\u00e9termination.<\/p>\n<p>Nous avons la conviction que l\u2019urgence \u00e9cologique est l\u2019enjeu majeur de notre \u00e9poque. Et comme plus de 2 millions de lectrices et lecteurs chaque mois, vous partagez sans doute cette conviction&#8230;<\/p>\n<p><strong>Depuis 12 ans, nous publions des articles de qualit\u00e9 sur l\u2019\u00e9cologie, en acc\u00e8s libre et sans publicit\u00e9, pour tous.<\/strong><br class=\"autobr\"\/><br \/>\nMais ce travail demande beaucoup de temps et de ressources.<\/p>\n<p>Alors, si vous en avez les moyens, sachez qu\u2019un don, m\u00eame d\u20191\u20ac, est un acte de soutien fort pour l\u2019\u00e9cologie et le journalisme ind\u00e9pendant.<br class=\"autobr\"\/><br \/>\n(Et \u00e7a vous prendra moins de temps que la lecture de ce texte).<\/p>\n<p><strong>Si vous le pouvez, choisissez un soutien mensuel. Merci.<\/strong><\/p>\n<p><a target=\"_blank\" href=\"https:\/\/reporterre.net\/dons\" class=\"bt_soutenir\">Je soutiens <i>Reporterre<\/i><\/a><\/p>\n<\/p><\/div>\n<div class=\"encart encart_vert noprint montre_1023\">\n<div class=\"infolettre-form-container noprint\">\n<p>Abonnez-vous \u00e0 la lettre d\u2019info de Reporterre<\/p>\n<\/div><\/div>\n<\/aside>\n<aside class=\"boite_apresarticle encart_note\">\n<h4>Apr\u00e8s cet article<\/h4>\n<p>      <a target=\"_blank\" href=\"https:\/\/reporterre.net\/Maigres-nouveautes-montants-insuffisants-Ce-que-contient-le-plan-d-adaptation-au-changement-climatique\" class=\"lien_article\">\n      <picture class=\"vignette_gauche\"><source type=\"image\/webp\" srcset=\"https:\/\/reporterre.net\/https:\/\/reporterre.net\/local\/cache-vignettes\/L450xH300\/afp__20250128__36wf3zk__v1__highres__franceweatherflood_1_-71052.jpg@.webp?1741624821\"><img decoding=\"async\" src=\"https:\/\/reporterre.net\/local\/cache-vignettes\/L450xH300\/afp__20250128__36wf3zk__v1__highres__franceweatherflood_1_-71052.jpg?1741624821\" width=\"450\" height=\"300\" alt=\"\" class=\"marge12\" loading=\"lazy\"\/><br \/>\n<\/source><\/picture>\n<p class=\"libelle\">\n<p>      Climat\n    <\/p>\n<p class=\"titre pol20\">Maigres nouveaut\u00e9s, montants insuffisants&#8230; Ce que contient le plan d\u2019adaptation au changement climatique<\/p>\n<p>      <\/a><br \/>\n    <\/aside>\n<aside class=\"boite_complement texte\">\n<p>      <!-- zone_forum --><br \/>\n          <\/aside>\n<aside class=\"boite_lireaussi noprint\">\n<\/aside>\n<aside class=\"colonne\">\n<div class=\"article_info cache_1023 noprint\">\n        <span class=\"date\">13 mars 2025  \u00e0 15h31<\/span><\/p>\n<p class=\"duree_lecture\">\n        Dur\u00e9e de lecture : 1 minute\n      <\/p>\n<\/p><\/div>\n<div class=\"bloc_infolettre\">\n<div class=\"infolettre-form-container noprint\">\n<p>Abonnez-vous \u00e0 la lettre d\u2019info de Reporterre<\/p>\n<\/div><\/div>\n<\/aside>\n<div id=\"galerie\">\n  <img decoding=\"async\" src=\"\" class=\"principale\" id=\"principale\"\/><\/p>\n<p id=\"legende\">legende<\/p>\n<\/div>\n<footer class=\"noprint\">\n<\/footer>\n<\/div>\n<p><br \/>\n<br \/><a href=\"https:\/\/reporterre.net\/Adaptation-a-4-oC-le-plan-de-la-France-blame-par-le-Haut-Conseil-pour-le-climat\" target=\"_blank\"\">Source link <\/a><\/p>\n","protected":false},"excerpt":{"rendered":"<p>Inondations \u00e0 Rennes, le 27 janvier 2025. &#8211; \u00a9 Scandola Graziani \/ Reporterre Inondations \u00e0 Rennes, le 27 janvier 2025. &#8211; \u00a9 Scandola Graziani \/ Reporterre 13 mars 2025 \u00e0&hellip; <\/p>\n","protected":false},"author":1,"featured_media":4397,"comment_status":"open","ping_status":"open","sticky":false,"template":"","format":"standard","meta":{"footnotes":""},"categories":[1],"tags":[],"class_list":["post-4396","post","type-post","status-publish","format-standard","has-post-thumbnail","hentry","category-non-classe"],"_links":{"self":[{"href":"https:\/\/monde25.info\/index.php\/wp-json\/wp\/v2\/posts\/4396","targetHints":{"allow":["GET"]}}],"collection":[{"href":"https:\/\/monde25.info\/index.php\/wp-json\/wp\/v2\/posts"}],"about":[{"href":"https:\/\/monde25.info\/index.php\/wp-json\/wp\/v2\/types\/post"}],"author":[{"embeddable":true,"href":"https:\/\/monde25.info\/index.php\/wp-json\/wp\/v2\/users\/1"}],"replies":[{"embeddable":true,"href":"https:\/\/monde25.info\/index.php\/wp-json\/wp\/v2\/comments?post=4396"}],"version-history":[{"count":0,"href":"https:\/\/monde25.info\/index.php\/wp-json\/wp\/v2\/posts\/4396\/revisions"}],"wp:featuredmedia":[{"embeddable":true,"href":"https:\/\/monde25.info\/index.php\/wp-json\/wp\/v2\/media\/4397"}],"wp:attachment":[{"href":"https:\/\/monde25.info\/index.php\/wp-json\/wp\/v2\/media?parent=4396"}],"wp:term":[{"taxonomy":"category","embeddable":true,"href":"https:\/\/monde25.info\/index.php\/wp-json\/wp\/v2\/categories?post=4396"},{"taxonomy":"post_tag","embeddable":true,"href":"https:\/\/monde25.info\/index.php\/wp-json\/wp\/v2\/tags?post=4396"}],"curies":[{"name":"wp","href":"https:\/\/api.w.org\/{rel}","templated":true}]}}