{"id":4398,"date":"2025-03-14T07:27:44","date_gmt":"2025-03-14T06:27:44","guid":{"rendered":"https:\/\/monde25.info\/index.php\/2025\/03\/14\/afrique-le-togo-envisage-de-rejoindre-lalliance-des-etats-du-sahel-aes\/"},"modified":"2025-03-14T07:27:44","modified_gmt":"2025-03-14T06:27:44","slug":"afrique-le-togo-envisage-de-rejoindre-lalliance-des-etats-du-sahel-aes","status":"publish","type":"post","link":"https:\/\/monde25.info\/index.php\/2025\/03\/14\/afrique-le-togo-envisage-de-rejoindre-lalliance-des-etats-du-sahel-aes\/","title":{"rendered":"Afrique : le Togo envisage de rejoindre l\u2019Alliance des \u00c9tats du Sahel (AES)"},"content":{"rendered":"<p> <br \/>\n<\/p>\n<div>\n<p>par <strong>PressTV<\/strong><\/p>\n<p><strong>Le Togo envisage s\u00e9rieusement de rejoindre l\u2019Alliance des \u00c9tats du Sahel (AES), une d\u00e9cision qui pourrait marquer un tournant strat\u00e9gique pour le pays et renforcer la dynamique d\u2019int\u00e9gration r\u00e9gionale en Afrique de l\u2019Ouest. Cette alliance, compos\u00e9e du Mali, du Niger et du Burkina Faso, s\u2019est positionn\u00e9e comme une alternative \u00e0 la Communaut\u00e9 \u00e9conomique des \u00c9tats de l\u2019Afrique de l\u2019Ouest (CEDEAO), souvent critiqu\u00e9e pour son alignement sur les puissances occidentales.<\/strong><\/p>\n<p>Pour le ministre des Affaires \u00e9trang\u00e8res togolais, Robert Dussey, l\u2019adh\u00e9sion \u00e0 l\u2019AES constituerait une avanc\u00e9e majeure pour la souverainet\u00e9 des \u00c9tats de la r\u00e9gion. Cette int\u00e9gration permettrait aux pays enclav\u00e9s de l\u2019AES d\u2019acc\u00e9der \u00e0 l\u2019oc\u00e9an Atlantique via le port de Lom\u00e9, un atout g\u00e9ostrat\u00e9gique consid\u00e9rable. Le Togo, en rejoignant l\u2019AES, illustre une volont\u00e9 d\u2019\u00e9mancipation et de coop\u00e9ration renforc\u00e9e entre \u00c9tats partageant une m\u00eame vision d\u2019ind\u00e9pendance et d\u2019affirmation politique sur la sc\u00e8ne internationale.<\/p>\n<p>Selon le site d\u2019information <em>Maliweb<\/em>, dans un contexte o\u00f9 la CEDEAO est per\u00e7ue par une partie de l\u2019opinion publique comme un instrument sous influence \u00e9trang\u00e8re, l\u2019AES incarne pour beaucoup un symbole de r\u00e9sistance et d\u2019espoir pour une Afrique plus souveraine. L\u2019officialisation de l\u2019adh\u00e9sion du Togo \u00e0 cette alliance sera donc suivie de pr\u00e8s, tant par les observateurs politiques que par les populations africaines.<\/p>\n<p>Cette d\u00e9marche pourrait red\u00e9finir le r\u00f4le du Togo au sein de l\u2019espace sah\u00e9lien, offrant des opportunit\u00e9s \u00e9conomiques et politiques, mais \u00e9galement des d\u00e9fis en mati\u00e8re de s\u00e9curit\u00e9 et de relations diplomatiques. Le pr\u00e9sident Faure Gnassingb\u00e9 devra peser soigneusement les impacts de cette d\u00e9cision, qui pourrait marquer un tournant historique pour le Togo et son positionnement r\u00e9gional.<\/p>\n<p>source\u00a0: <a target=\"_blank\" href=\"https:\/\/french.presstv.ir\/Detail\/2025\/03\/13\/744398\/Afrique---le-Togo-envisage-de-rejoindre-l%E2%80%99Alliance-des-%C3%89tats-du-Sahel-(AES)\" target=\"_blank\" rel=\"noopener\" title=\"\">PressTV<\/a><\/p>\n<div class=\"sharedaddy sd-block sd-like jetpack-likes-widget-wrapper jetpack-likes-widget-unloaded\" id=\"like-post-wrapper-237719536-447575-67d3ca91592c8\" data-src=\"https:\/\/widgets.wp.com\/likes\/?ver=14.2.1#blog_id=237719536&amp;post_id=447575&amp;origin=reseauinternational.net&amp;obj_id=237719536-447575-67d3ca91592c8&amp;n=1\" data-name=\"like-post-frame-237719536-447575-67d3ca91592c8\" data-title=\"Aimer ou rebloguer\">\n<h3 class=\"sd-title\">J\u2019aime \u00e7a\u00a0:<\/h3>\n<p><span class=\"button\"><span>J\u2019aime<\/span><\/span> <span class=\"loading\">chargement\u2026<\/span><\/p>\n<p><span class=\"sd-text-color\"\/><a target=\"_blank\" class=\"sd-link-color\"\/><\/div>\n<p><meta itemscope=\"\" itemprop=\"mainEntityOfPage\" itemtype=\"https:\/\/schema.org\/WebPage\" itemid=\"https:\/\/reseauinternational.net\/afrique-le-togo-envisage-de-rejoindre-lalliance-des-etats-du-sahel-aes\/\"\/><meta itemprop=\"headline\" content=\"Afrique\u00a0: le Togo envisage de rejoindre l\u2019Alliance des \u00c9tats du Sahel (AES)\"\/><span style=\"display: none;\" itemprop=\"author\" itemscope=\"\" itemtype=\"https:\/\/schema.org\/Person\"><meta itemprop=\"name\" content=\"R\u00e9seau International\"\/><\/span><span style=\"display: none;\" itemprop=\"image\" itemscope=\"\" itemtype=\"https:\/\/schema.org\/ImageObject\"><meta itemprop=\"url\" content=\"https:\/\/i0.wp.com\/reseauinternational.net\/wp-content\/uploads\/2025\/03\/Sans-titre-2-7.png?fit=800%2C467&amp;quality=100&amp;ssl=1\"\/><meta itemprop=\"width\" content=\"800\"\/><meta itemprop=\"height\" content=\"467\"\/><\/span><span style=\"display: none;\" itemprop=\"publisher\" itemscope=\"\" itemtype=\"https:\/\/schema.org\/Organization\"><span style=\"display: none;\" itemprop=\"logo\" itemscope=\"\" itemtype=\"https:\/\/schema.org\/ImageObject\"><meta itemprop=\"url\" content=\"https:\/\/reseauinternational.net\/wp-content\/uploads\/2022\/06\/Capture-de\u0301cran-2022-06-14-a\u0300-16.51.07.png\"\/><\/span><meta itemprop=\"name\" content=\"R\u00e9seau International\"\/><\/span><meta itemprop=\"datePublished\" content=\"2025-03-14T07:18:55+00:00\"\/><meta itemprop=\"dateModified\" content=\"2025-03-14T07:19:13+00:00\"\/><\/div>\n<p><br \/>\n<br \/><a href=\"https:\/\/reseauinternational.net\/afrique-le-togo-envisage-de-rejoindre-lalliance-des-etats-du-sahel-aes\/\" target=\"_blank\"\">Source link <\/a><\/p>\n","protected":false},"excerpt":{"rendered":"<p>par PressTV Le Togo envisage s\u00e9rieusement de rejoindre l\u2019Alliance des \u00c9tats du Sahel (AES), une d\u00e9cision qui pourrait marquer un tournant strat\u00e9gique pour le pays et renforcer la dynamique d\u2019int\u00e9gration&hellip; <\/p>\n","protected":false},"author":1,"featured_media":4399,"comment_status":"open","ping_status":"open","sticky":false,"template":"","format":"standard","meta":{"footnotes":""},"categories":[1],"tags":[],"class_list":["post-4398","post","type-post","status-publish","format-standard","has-post-thumbnail","hentry","category-non-classe"],"_links":{"self":[{"href":"https:\/\/monde25.info\/index.php\/wp-json\/wp\/v2\/posts\/4398","targetHints":{"allow":["GET"]}}],"collection":[{"href":"https:\/\/monde25.info\/index.php\/wp-json\/wp\/v2\/posts"}],"about":[{"href":"https:\/\/monde25.info\/index.php\/wp-json\/wp\/v2\/types\/post"}],"author":[{"embeddable":true,"href":"https:\/\/monde25.info\/index.php\/wp-json\/wp\/v2\/users\/1"}],"replies":[{"embeddable":true,"href":"https:\/\/monde25.info\/index.php\/wp-json\/wp\/v2\/comments?post=4398"}],"version-history":[{"count":0,"href":"https:\/\/monde25.info\/index.php\/wp-json\/wp\/v2\/posts\/4398\/revisions"}],"wp:featuredmedia":[{"embeddable":true,"href":"https:\/\/monde25.info\/index.php\/wp-json\/wp\/v2\/media\/4399"}],"wp:attachment":[{"href":"https:\/\/monde25.info\/index.php\/wp-json\/wp\/v2\/media?parent=4398"}],"wp:term":[{"taxonomy":"category","embeddable":true,"href":"https:\/\/monde25.info\/index.php\/wp-json\/wp\/v2\/categories?post=4398"},{"taxonomy":"post_tag","embeddable":true,"href":"https:\/\/monde25.info\/index.php\/wp-json\/wp\/v2\/tags?post=4398"}],"curies":[{"name":"wp","href":"https:\/\/api.w.org\/{rel}","templated":true}]}}