{"id":4400,"date":"2025-03-14T08:01:11","date_gmt":"2025-03-14T07:01:11","guid":{"rendered":"https:\/\/monde25.info\/index.php\/2025\/03\/14\/pour-lombard-lepargne-privee-suffira-pour-la-guerre-a-bon-entendeur\/"},"modified":"2025-03-14T08:01:11","modified_gmt":"2025-03-14T07:01:11","slug":"pour-lombard-lepargne-privee-suffira-pour-la-guerre-a-bon-entendeur","status":"publish","type":"post","link":"https:\/\/monde25.info\/index.php\/2025\/03\/14\/pour-lombard-lepargne-privee-suffira-pour-la-guerre-a-bon-entendeur\/","title":{"rendered":"Pour Lombard, l\u2019\u00e9pargne priv\u00e9e suffira pour la guerre ! A bon entendeur&#8230;"},"content":{"rendered":"<p> <br \/>\n<\/p>\n<div>\n<p><span data-contrast=\"auto\">\u00c9ric Lombard, ministre de l\u2019\u00c9conomie, a exprim\u00e9 mercredi sa pr\u00e9f\u00e9rence pour l\u2019utilisation des produits d\u2019\u00e9pargne d\u00e9j\u00e0 existants plut\u00f4t que la mise en place d\u2019un nouveau livret d\u00e9di\u00e9, dans le but de mobiliser des fonds pour renforcer les efforts en mati\u00e8re de d\u00e9fense.<\/span><span data-ccp-props=\"{&quot;134233117&quot;:false,&quot;134233118&quot;:false,&quot;335559738&quot;:240,&quot;335559739&quot;:240}\">\u00a0<\/span><\/p>\n<p><span data-contrast=\"auto\">\u00ab Nous allons mobiliser effectivement l\u2019\u00e9pargne priv\u00e9e \u00bb, a-t-il affirm\u00e9 lors des questions au gouvernement au S\u00e9nat.<\/span><span data-ccp-props=\"{&quot;134233117&quot;:false,&quot;134233118&quot;:false,&quot;335559738&quot;:240,&quot;335559739&quot;:240}\">\u00a0<\/span><\/p>\n<p><span data-contrast=\"auto\">Tout en expliquant, \u00ab je ne suis pas s\u00fbr qu\u2019un livret d\u00e9di\u00e9 soit une solution puisqu\u2019il y a d\u00e9j\u00e0 beaucoup d\u2019outils d\u2019\u00e9pargne qui existent, que ce soient les fonds du Livret A ou les fonds qui sont sur l\u2019ensemble des v\u00e9hicules d\u2019investissement g\u00e9r\u00e9s par les banques, par les assureurs, par les gestionnaires d\u2019actifs \u00bb.<\/span><span data-ccp-props=\"{&quot;134233117&quot;:false,&quot;134233118&quot;:false,&quot;335559738&quot;:240,&quot;335559739&quot;:240}\">\u00a0<\/span><\/p>\n<p><span data-contrast=\"auto\">Le ministre a insist\u00e9 sur le fait que c\u2019est surtout cette \u00e9pargne qu\u2019il souhaite mobiliser afin qu\u2019effectivement, les Fran\u00e7aises et les Fran\u00e7ais participent \u00e0 cet effort qui nous permettra d\u2019assurer la s\u00e9curit\u00e9 de notre pays et de l\u2019ensemble de l\u2019Union europ\u00e9enne.<\/span><span data-ccp-props=\"{&quot;134233117&quot;:false,&quot;134233118&quot;:false,&quot;335559738&quot;:240,&quot;335559739&quot;:240}\">\u00a0<\/span><\/p>\n<blockquote class=\"twitter-tweet\" data-media-max-width=\"560\">\n<p lang=\"fr\" dir=\"ltr\">\ud83d\udd34 BFMTV avait retir\u00e9 le lien. Voici la vid\u00e9o d\u2019\u00c9ric Lombard sur la mobilisation de l\u2019\u00e9pargne priv\u00e9e (Livret A et autres) pour le financement de la \u201cD\u00e9fense europ\u00e9enne\u201d. <a target=\"_blank\" href=\"https:\/\/t.co\/u5JBWgjqJC\">https:\/\/t.co\/u5JBWgjqJC<\/a> <a target=\"_blank\" href=\"https:\/\/t.co\/62j84USmeY\">pic.twitter.com\/62j84USmeY<\/a><\/p>\n<p>\u2014 FranceUnie \ud83c\uddeb\ud83c\uddf7 (@FranceSouvUnie) <a target=\"_blank\" href=\"https:\/\/twitter.com\/FranceSouvUnie\/status\/1899928805029896684?ref_src=twsrc%5Etfw\">March 12, 2025<\/a><\/p>\n<\/blockquote>\n<p><span data-contrast=\"auto\">Concernant les objectifs de cet effort, il a ajout\u00e9 que \u00ab cet effort doit aussi permettre de consolider notre industrie et de permettre de soutenir le rapatriement des fili\u00e8res industrielles en France et en Europe \u00bb.<\/span><span data-ccp-props=\"{&quot;134233117&quot;:false,&quot;134233118&quot;:false,&quot;335559738&quot;:240,&quot;335559739&quot;:240}\">\u00a0<\/span><\/p>\n<p><span data-contrast=\"auto\">\u00c9ric Lombard a \u00e9galement annonc\u00e9 qu\u2019il r\u00e9unirait le 20 mars \u00e0 Bercy, aux c\u00f4t\u00e9s du ministre des Arm\u00e9es S\u00e9bastien Lecornu, des investisseurs priv\u00e9s et des entreprises du secteur de la d\u00e9fense.<\/span><span data-ccp-props=\"{&quot;134233117&quot;:false,&quot;134233118&quot;:false,&quot;335559738&quot;:240,&quot;335559739&quot;:240}\">\u00a0<\/span><\/p>\n<p><span data-contrast=\"auto\">Il a pr\u00e9cis\u00e9 que \u00ab nous sommes en train de travailler, avec le ministre des Arm\u00e9es, avec le pr\u00e9sident de la R\u00e9publique et le Premier ministre, pour d\u00e9finir pr\u00e9cis\u00e9ment quel est le quantum d\u2019investissement, de besoins nouveaux qui nous permettront de garantir effectivement cette paix \u00bb.<\/span><span data-ccp-props=\"{&quot;134233117&quot;:false,&quot;134233118&quot;:false,&quot;335559738&quot;:240,&quot;335559739&quot;:240}\">\u00a0<\/span><\/p>\n<p><span data-contrast=\"auto\">Enfin, le ministre a tenu \u00e0 souligner qu\u2019il \u00e9tait bien clair que cela ne devait pas se traduire ni par une dette suppl\u00e9mentaire, ni par une d\u00e9gradation de notre mod\u00e8le social, tout en rappelant que la transformation \u00e9cologique demeurait une des priorit\u00e9s du gouvernement.<\/span><span data-ccp-props=\"{&quot;134233117&quot;:false,&quot;134233118&quot;:false,&quot;335559738&quot;:240,&quot;335559739&quot;:240}\">\u00a0<\/span><\/p>\n<p><span data-ccp-props=\"{}\">\u00a0Le 20 mars sera l&rsquo;heure de tous les dangers pour l&rsquo;\u00e9pargne et les Fran\u00e7ais. Faut-il, leur laisser les cordons de nos bourses et partir en guerre ?<\/span><\/p>\n<\/div>\n<p><script async src=\"\/\/platform.twitter.com\/widgets.js\" charset=\"utf-8\"><\/script><script>(function(d, s, id) {  var js, fjs = d.getElementsByTagName(s)[0];  if (d.getElementById(id)) return;  js = d.createElement(s); js.id = id;  js.src = \"\/\/connect.facebook.net\/fr_FR\/sdk.js#xfbml=1&version=v2.3\";  fjs.parentNode.insertBefore(js, fjs);}(document, \"script\", \"facebook-jssdk\"));<\/script><br \/>\n<br \/><br \/>\n<br \/><a href=\"https:\/\/www.francesoir.fr\/politique-france\/pour-lombard-l-epargne-privee-suffira-pour-la-guerre-bon-entendeur\" target=\"_blank\"\">Source link <\/a><\/p>\n","protected":false},"excerpt":{"rendered":"<p>\u00c9ric Lombard, ministre de l\u2019\u00c9conomie, a exprim\u00e9 mercredi sa pr\u00e9f\u00e9rence pour l\u2019utilisation des produits d\u2019\u00e9pargne d\u00e9j\u00e0 existants plut\u00f4t que la mise en place d\u2019un nouveau livret d\u00e9di\u00e9, dans le but&hellip; <\/p>\n","protected":false},"author":1,"featured_media":4401,"comment_status":"open","ping_status":"open","sticky":false,"template":"","format":"standard","meta":{"footnotes":""},"categories":[1],"tags":[],"class_list":["post-4400","post","type-post","status-publish","format-standard","has-post-thumbnail","hentry","category-non-classe"],"_links":{"self":[{"href":"https:\/\/monde25.info\/index.php\/wp-json\/wp\/v2\/posts\/4400","targetHints":{"allow":["GET"]}}],"collection":[{"href":"https:\/\/monde25.info\/index.php\/wp-json\/wp\/v2\/posts"}],"about":[{"href":"https:\/\/monde25.info\/index.php\/wp-json\/wp\/v2\/types\/post"}],"author":[{"embeddable":true,"href":"https:\/\/monde25.info\/index.php\/wp-json\/wp\/v2\/users\/1"}],"replies":[{"embeddable":true,"href":"https:\/\/monde25.info\/index.php\/wp-json\/wp\/v2\/comments?post=4400"}],"version-history":[{"count":0,"href":"https:\/\/monde25.info\/index.php\/wp-json\/wp\/v2\/posts\/4400\/revisions"}],"wp:featuredmedia":[{"embeddable":true,"href":"https:\/\/monde25.info\/index.php\/wp-json\/wp\/v2\/media\/4401"}],"wp:attachment":[{"href":"https:\/\/monde25.info\/index.php\/wp-json\/wp\/v2\/media?parent=4400"}],"wp:term":[{"taxonomy":"category","embeddable":true,"href":"https:\/\/monde25.info\/index.php\/wp-json\/wp\/v2\/categories?post=4400"},{"taxonomy":"post_tag","embeddable":true,"href":"https:\/\/monde25.info\/index.php\/wp-json\/wp\/v2\/tags?post=4400"}],"curies":[{"name":"wp","href":"https:\/\/api.w.org\/{rel}","templated":true}]}}