{"id":4406,"date":"2025-03-14T09:42:03","date_gmt":"2025-03-14T08:42:03","guid":{"rendered":"https:\/\/monde25.info\/index.php\/2025\/03\/14\/chez-place-publique-la-place-de-la-democratie-est-privatisee\/"},"modified":"2025-03-14T09:42:03","modified_gmt":"2025-03-14T08:42:03","slug":"chez-place-publique-la-place-de-la-democratie-est-privatisee","status":"publish","type":"post","link":"https:\/\/monde25.info\/index.php\/2025\/03\/14\/chez-place-publique-la-place-de-la-democratie-est-privatisee\/","title":{"rendered":"Chez Place publique, la place de la d\u00e9mocratie est privatis\u00e9e"},"content":{"rendered":"<p> <br \/>\n<br \/>Alors que le parti de Rapha\u00ebl Glucksmann tient son congr\u00e8s \u00e0 Paris ce week-end, les critiques autour de sa gouvernance se multiplient. Coupure de canaux de communication, \u00abverrouillage\u00bb des statuts, d\u00e9parts en s\u00e9rie\u2026 En interne, certains d\u00e9noncent des \u00abcoups de force\u00bb. \u00abFantasme\u00bb, r\u00e9torque la direction.<br \/>\n<br \/><br \/>\n<br \/><a href=\"https:\/\/www.mediapart.fr\/journal\/france\/140325\/chez-place-publique-la-place-de-la-democratie-est-privatisee\" target=\"_blank\"\">Source link <\/a><\/p>\n","protected":false},"excerpt":{"rendered":"<p>Alors que le parti de Rapha\u00ebl Glucksmann tient son congr\u00e8s \u00e0 Paris ce week-end, les critiques autour de sa gouvernance se multiplient. Coupure de canaux de communication, \u00abverrouillage\u00bb des statuts,&hellip; <\/p>\n","protected":false},"author":1,"featured_media":4407,"comment_status":"open","ping_status":"open","sticky":false,"template":"","format":"standard","meta":{"footnotes":""},"categories":[1],"tags":[],"class_list":["post-4406","post","type-post","status-publish","format-standard","has-post-thumbnail","hentry","category-non-classe"],"_links":{"self":[{"href":"https:\/\/monde25.info\/index.php\/wp-json\/wp\/v2\/posts\/4406","targetHints":{"allow":["GET"]}}],"collection":[{"href":"https:\/\/monde25.info\/index.php\/wp-json\/wp\/v2\/posts"}],"about":[{"href":"https:\/\/monde25.info\/index.php\/wp-json\/wp\/v2\/types\/post"}],"author":[{"embeddable":true,"href":"https:\/\/monde25.info\/index.php\/wp-json\/wp\/v2\/users\/1"}],"replies":[{"embeddable":true,"href":"https:\/\/monde25.info\/index.php\/wp-json\/wp\/v2\/comments?post=4406"}],"version-history":[{"count":0,"href":"https:\/\/monde25.info\/index.php\/wp-json\/wp\/v2\/posts\/4406\/revisions"}],"wp:featuredmedia":[{"embeddable":true,"href":"https:\/\/monde25.info\/index.php\/wp-json\/wp\/v2\/media\/4407"}],"wp:attachment":[{"href":"https:\/\/monde25.info\/index.php\/wp-json\/wp\/v2\/media?parent=4406"}],"wp:term":[{"taxonomy":"category","embeddable":true,"href":"https:\/\/monde25.info\/index.php\/wp-json\/wp\/v2\/categories?post=4406"},{"taxonomy":"post_tag","embeddable":true,"href":"https:\/\/monde25.info\/index.php\/wp-json\/wp\/v2\/tags?post=4406"}],"curies":[{"name":"wp","href":"https:\/\/api.w.org\/{rel}","templated":true}]}}